{"id":3330,"date":"2023-09-19T15:33:35","date_gmt":"2023-09-19T13:33:35","guid":{"rendered":"https:\/\/afea.fr\/news\/conference-symposium\/festival-film-series-sur-la-representation-du-nord-paris-nanterre-4-5-6-oct-2024\/3330\/"},"modified":"2023-09-19T15:33:35","modified_gmt":"2023-09-19T13:33:35","slug":"festival-film-series-sur-la-representation-du-nord-paris-nanterre-4-5-6-oct-2024","status":"publish","type":"post","link":"https:\/\/afea.fr\/news\/conference-symposium\/festival-film-series-sur-la-representation-du-nord-paris-nanterre-4-5-6-oct-2024\/3330\/","title":{"rendered":"Festival Film \/ S\u00e9ries sur la repr\u00e9sentation du \u00ab\u00a0Nord\u00a0\u00bb, Paris Nanterre 4, 5 &#038; 6 oct. 2024"},"content":{"rendered":"<p>Chers coll\u00e8gues,<br \/>\nMerci de trouver ci-dessous le lien du Festival International \u00ab\u00a0Les Nords\u00a0\u00bb<br \/>\nsur les repr\u00e9sentations du \u00ab\u00a0Nord\u00a0\u00bb au cin\u00e9ma et dans les s\u00e9ries t\u00e9l\u00e9vis\u00e9es.<br \/>\nNous aurons le plaisir de recevoir, entre autres, la r\u00e9alisatrice Alison Millar<br \/>\nqui projettera et commentera son documentaire prim\u00e9, <em>Lyra<\/em>,<\/p>\n<p>sur la journaliste<br \/>\nnord-irlandaise Lyra McKee assassin\u00e9e en 2019.<\/p>\n<p>Vous trouverez le programme d\u00e9taill\u00e9 de ces t<strong>rois apr\u00e8s-midis sur le campus de Paris Nanterre, Amphi du B\u00e2t. Max Weber <\/strong>ci-dessous :<\/p>\n<p><a href=\"https:\/\/crea.parisnanterre.fr\/colloques-et-journees-detude\/festival-les-nords\"><strong>https:\/\/crea.parisnanterre.fr\/colloques-et-journees-detude\/festival-les-nords<\/strong><\/a><\/p>\n<p>En esp\u00e9rant avoir le plaisir de vous y retrouver nombreux,<br \/>\nBien cordialement \u00e0 tous,<br \/>\nAM Paquet-Deyris,<br \/>\npour le Comit\u00e9 d&rsquo;Organisation (C\u00e9cile Viollain, Flore Coulouma, Hugo Chatellier<br \/>\n&amp; AM Paquet-Deyris)<\/p>\n","protected":false},"excerpt":{"rendered":"<p>Chers coll\u00e8gues, Merci de trouver ci-dessous le lien du Festival International \u00ab\u00a0Les Nords\u00a0\u00bb sur les repr\u00e9sentations du \u00ab\u00a0Nord\u00a0\u00bb au cin\u00e9ma [&hellip;]<\/p>\n","protected":false},"author":1,"featured_media":0,"comment_status":"","ping_status":"open","sticky":false,"template":"","format":"standard","meta":{"_uag_custom_page_level_css":"","site-sidebar-layout":"default","site-content-layout":"","ast-site-content-layout":"default","site-content-style":"default","site-sidebar-style":"default","ast-global-header-display":"","ast-banner-title-visibility":"","ast-main-header-display":"","ast-hfb-above-header-display":"","ast-hfb-below-header-display":"","ast-hfb-mobile-header-display":"","site-post-title":"","ast-breadcrumbs-content":"","ast-featured-img":"","footer-sml-layout":"","ast-disable-related-posts":"","theme-transparent-header-meta":"","adv-header-id-meta":"","stick-header-meta":"","header-above-stick-meta":"","header-main-stick-meta":"","header-below-stick-meta":"","astra-migrate-meta-layouts":"default","ast-page-background-enabled":"default","ast-page-background-meta":{"desktop":{"background-color":"var(--ast-global-color-5)","background-image":"","background-repeat":"repeat","background-position":"center center","background-size":"auto","background-attachment":"scroll","background-type":"","background-media":"","overlay-type":"","overlay-color":"","overlay-opacity":"","overlay-gradient":""},"tablet":{"background-color":"","background-image":"","background-repeat":"repeat","background-position":"center center","background-size":"auto","background-attachment":"scroll","background-type":"","background-media":"","overlay-type":"","overlay-color":"","overlay-opacity":"","overlay-gradient":""},"mobile":{"background-color":"","background-image":"","background-repeat":"repeat","background-position":"center center","background-size":"auto","background-attachment":"scroll","background-type":"","background-media":"","overlay-type":"","overlay-color":"","overlay-opacity":"","overlay-gradient":""}},"ast-content-background-meta":{"desktop":{"background-color":"var(--ast-global-color-4)","background-image":"","background-repeat":"repeat","background-position":"center center","background-size":"auto","background-attachment":"scroll","background-type":"","background-media":"","overlay-type":"","overlay-color":"","overlay-opacity":"","overlay-gradient":""},"tablet":{"background-color":"var(--ast-global-color-4)","background-image":"","background-repeat":"repeat","background-position":"center center","background-size":"auto","background-attachment":"scroll","background-type":"","background-media":"","overlay-type":"","overlay-color":"","overlay-opacity":"","overlay-gradient":""},"mobile":{"background-color":"var(--ast-global-color-4)","background-image":"","background-repeat":"repeat","background-position":"center center","background-size":"auto","background-attachment":"scroll","background-type":"","background-media":"","overlay-type":"","overlay-color":"","overlay-opacity":"","overlay-gradient":""}},"_jetpack_memberships_contains_paid_content":false,"footnotes":""},"categories":[568],"tags":[123,1518,1516,1517],"class_list":["post-3330","post","type-post","status-publish","format-standard","hentry","category-conference-symposium","tag-cinema","tag-lyra","tag-nords","tag-series-tele"],"jetpack_featured_media_url":"","uagb_featured_image_src":{"full":false,"thumbnail":false,"medium":false,"medium_large":false,"large":false,"1536x1536":false,"2048x2048":false},"uagb_author_info":{"display_name":"Admin","author_link":"https:\/\/afea.fr\/news\/author\/yanb\/"},"uagb_comment_info":0,"uagb_excerpt":"Chers coll\u00e8gues, Merci de trouver ci-dessous le lien du Festival International \u00ab\u00a0Les Nords\u00a0\u00bb sur les repr\u00e9sentations du \u00ab\u00a0Nord\u00a0\u00bb au cin\u00e9ma [&hellip;]","jetpack_sharing_enabled":true,"_links":{"self":[{"href":"https:\/\/afea.fr\/news\/wp-json\/wp\/v2\/posts\/3330"}],"collection":[{"href":"https:\/\/afea.fr\/news\/wp-json\/wp\/v2\/posts"}],"about":[{"href":"https:\/\/afea.fr\/news\/wp-json\/wp\/v2\/types\/post"}],"author":[{"embeddable":true,"href":"https:\/\/afea.fr\/news\/wp-json\/wp\/v2\/users\/1"}],"replies":[{"embeddable":true,"href":"https:\/\/afea.fr\/news\/wp-json\/wp\/v2\/comments?post=3330"}],"version-history":[{"count":0,"href":"https:\/\/afea.fr\/news\/wp-json\/wp\/v2\/posts\/3330\/revisions"}],"wp:attachment":[{"href":"https:\/\/afea.fr\/news\/wp-json\/wp\/v2\/media?parent=3330"}],"wp:term":[{"taxonomy":"category","embeddable":true,"href":"https:\/\/afea.fr\/news\/wp-json\/wp\/v2\/categories?post=3330"},{"taxonomy":"post_tag","embeddable":true,"href":"https:\/\/afea.fr\/news\/wp-json\/wp\/v2\/tags?post=3330"}],"curies":[{"name":"wp","href":"https:\/\/api.w.org\/{rel}","templated":true}]}}