{"id":3310,"date":"2023-09-18T07:39:18","date_gmt":"2023-09-18T05:39:18","guid":{"rendered":"https:\/\/afea.fr\/news\/conference-symposium\/journees-dautomne-de-la-saes-les-6-et-7-octobre\/3310\/"},"modified":"2023-09-18T07:39:18","modified_gmt":"2023-09-18T05:39:18","slug":"journees-dautomne-de-la-saes-les-6-et-7-octobre","status":"publish","type":"post","link":"https:\/\/afea.fr\/news\/conference-symposium\/journees-dautomne-de-la-saes-les-6-et-7-octobre\/3310\/","title":{"rendered":"Journ\u00e9es d&rsquo;automne de la SAES les 6 et 7 octobre"},"content":{"rendered":"<p>Ch\u00e8res et chers coll\u00e8gues,<\/p>\n<p>le bureau de la SAES vous convie aux <strong>Journ\u00e9es d&rsquo;automne<\/strong> qui se d\u00e9roulent \u00e0 Paris les vendredi 6 et samedi 7 octobre 2023.<\/p>\n<p>Au programme: une <em>table ronde sur Chat GPT<\/em>, une <em>table ronde sur les concours<\/em> en pr\u00e9sence des pr\u00e9sidentes et pr\u00e9sidents de jury, un <em>bilan de la session 2023 du CNU<\/em>, la pr\u00e9sentation des travaux des commissions Formation (sur <em>l&rsquo;innovation p\u00e9dagogique<\/em>) et Recherche (sur <em>la diffusion et la promotion de la recherche en anglistique aupr\u00e8s d&rsquo;un large public<\/em>).<\/p>\n<p>La journ\u00e9e du vendredi 6 octobre se cl\u00f4t par la remise du <strong>Prix de la Recherche SAES-AFEA <\/strong>et un cocktail.<\/p>\n<p>Le samedi 7 octobre est consacr\u00e9 aux r\u00e9unions des soci\u00e9t\u00e9s savantes.<\/p>\n<p>Pour le programme d\u00e9taill\u00e9, le lien d&rsquo;inscription, les lieux et horaires, le lien Zoom de la Table ronde Concours et la pr\u00e9sentation des ouvrages en lice pour le Prix de la Recherche, veuillez consulter : <a href=\"https:\/\/saesfrance.org\/journees-dautomne-2023\/\">https:\/\/saesfrance.org\/journees-dautomne-2023\/<\/a><\/p>\n<p>Pour le bureau de la SAES, la secr\u00e9taire g\u00e9n\u00e9rale,<br \/>\nLaurence Cossu-Beaumont<\/p>\n<p>Laurence Cossu-Beaumont<br \/>\nProfesseure des Universit\u00e9s &#8211; Histoire et Culture des Etats-Unis<\/p>\n","protected":false},"excerpt":{"rendered":"<p>Ch\u00e8res et chers coll\u00e8gues, le bureau de la SAES vous convie aux Journ\u00e9es d&rsquo;automne qui se d\u00e9roulent \u00e0 Paris les [&hellip;]<\/p>\n","protected":false},"author":1,"featured_media":0,"comment_status":"","ping_status":"open","sticky":false,"template":"","format":"standard","meta":{"_uag_custom_page_level_css":"","site-sidebar-layout":"default","site-content-layout":"","ast-site-content-layout":"default","site-content-style":"default","site-sidebar-style":"default","ast-global-header-display":"","ast-banner-title-visibility":"","ast-main-header-display":"","ast-hfb-above-header-display":"","ast-hfb-below-header-display":"","ast-hfb-mobile-header-display":"","site-post-title":"","ast-breadcrumbs-content":"","ast-featured-img":"","footer-sml-layout":"","ast-disable-related-posts":"","theme-transparent-header-meta":"","adv-header-id-meta":"","stick-header-meta":"","header-above-stick-meta":"","header-main-stick-meta":"","header-below-stick-meta":"","astra-migrate-meta-layouts":"default","ast-page-background-enabled":"default","ast-page-background-meta":{"desktop":{"background-color":"var(--ast-global-color-5)","background-image":"","background-repeat":"repeat","background-position":"center center","background-size":"auto","background-attachment":"scroll","background-type":"","background-media":"","overlay-type":"","overlay-color":"","overlay-opacity":"","overlay-gradient":""},"tablet":{"background-color":"","background-image":"","background-repeat":"repeat","background-position":"center center","background-size":"auto","background-attachment":"scroll","background-type":"","background-media":"","overlay-type":"","overlay-color":"","overlay-opacity":"","overlay-gradient":""},"mobile":{"background-color":"","background-image":"","background-repeat":"repeat","background-position":"center center","background-size":"auto","background-attachment":"scroll","background-type":"","background-media":"","overlay-type":"","overlay-color":"","overlay-opacity":"","overlay-gradient":""}},"ast-content-background-meta":{"desktop":{"background-color":"var(--ast-global-color-4)","background-image":"","background-repeat":"repeat","background-position":"center center","background-size":"auto","background-attachment":"scroll","background-type":"","background-media":"","overlay-type":"","overlay-color":"","overlay-opacity":"","overlay-gradient":""},"tablet":{"background-color":"var(--ast-global-color-4)","background-image":"","background-repeat":"repeat","background-position":"center center","background-size":"auto","background-attachment":"scroll","background-type":"","background-media":"","overlay-type":"","overlay-color":"","overlay-opacity":"","overlay-gradient":""},"mobile":{"background-color":"var(--ast-global-color-4)","background-image":"","background-repeat":"repeat","background-position":"center center","background-size":"auto","background-attachment":"scroll","background-type":"","background-media":"","overlay-type":"","overlay-color":"","overlay-opacity":"","overlay-gradient":""}},"_jetpack_memberships_contains_paid_content":false,"footnotes":""},"categories":[568],"tags":[1489,1487,1488,1486],"class_list":["post-3310","post","type-post","status-publish","format-standard","hentry","category-conference-symposium","tag-chatgpt","tag-journees-dautomne","tag-prix-recherche","tag-saes"],"jetpack_featured_media_url":"","uagb_featured_image_src":{"full":false,"thumbnail":false,"medium":false,"medium_large":false,"large":false,"1536x1536":false,"2048x2048":false},"uagb_author_info":{"display_name":"Admin","author_link":"https:\/\/afea.fr\/news\/author\/yanb\/"},"uagb_comment_info":0,"uagb_excerpt":"Ch\u00e8res et chers coll\u00e8gues, le bureau de la SAES vous convie aux Journ\u00e9es d&rsquo;automne qui se d\u00e9roulent \u00e0 Paris les [&hellip;]","jetpack_sharing_enabled":true,"_links":{"self":[{"href":"https:\/\/afea.fr\/news\/wp-json\/wp\/v2\/posts\/3310"}],"collection":[{"href":"https:\/\/afea.fr\/news\/wp-json\/wp\/v2\/posts"}],"about":[{"href":"https:\/\/afea.fr\/news\/wp-json\/wp\/v2\/types\/post"}],"author":[{"embeddable":true,"href":"https:\/\/afea.fr\/news\/wp-json\/wp\/v2\/users\/1"}],"replies":[{"embeddable":true,"href":"https:\/\/afea.fr\/news\/wp-json\/wp\/v2\/comments?post=3310"}],"version-history":[{"count":0,"href":"https:\/\/afea.fr\/news\/wp-json\/wp\/v2\/posts\/3310\/revisions"}],"wp:attachment":[{"href":"https:\/\/afea.fr\/news\/wp-json\/wp\/v2\/media?parent=3310"}],"wp:term":[{"taxonomy":"category","embeddable":true,"href":"https:\/\/afea.fr\/news\/wp-json\/wp\/v2\/categories?post=3310"},{"taxonomy":"post_tag","embeddable":true,"href":"https:\/\/afea.fr\/news\/wp-json\/wp\/v2\/tags?post=3310"}],"curies":[{"name":"wp","href":"https:\/\/api.w.org\/{rel}","templated":true}]}}