{"id":3308,"date":"2023-09-18T07:37:05","date_gmt":"2023-09-18T05:37:05","guid":{"rendered":"https:\/\/afea.fr\/news\/conference-symposium\/coll-esthetique-des-series-une-approche-ethique-5-6-octobre-2023\/3308\/"},"modified":"2023-09-18T07:37:05","modified_gmt":"2023-09-18T05:37:05","slug":"coll-esthetique-des-series-une-approche-ethique-5-6-octobre-2023","status":"publish","type":"post","link":"https:\/\/afea.fr\/news\/conference-symposium\/coll-esthetique-des-series-une-approche-ethique-5-6-octobre-2023\/3308\/","title":{"rendered":"COLL Esth\u00e9tique des s\u00e9ries: une approche \u00e9thique (5-6 octobre 2023)"},"content":{"rendered":"<p>Ch\u00e8res toutes, chers tous,<\/p>\n<h5>Vous trouverez ci-dessous le programme du colloque \u00ab Esth\u00e9tique des s\u00e9ries : une approche \u00e9thique \u00bb organis\u00e9 par Claire Cornillon, Sarah Hatchuel, Monica Michlin et David Roche dans le cadre des laboratoires RIRRA21 et EMMA (Universit\u00e9 Paul-Val\u00e9ry Montpellier 3 \/ Universit\u00e9 de N\u00eemes) et de l\u2019IUF :<a href=\"https:\/\/rirra21.www.univ-montp3.fr\/fr\/evenements\/colloque-series-ethique\">https:\/\/rirra21.www.univ-montp3.fr\/fr\/evenements\/colloque-series-ethique<\/a><\/h5>\n<h5>Le colloque se tiendra les <strong>5 et 6 octobre 2023 en Salle 002-Kouros<\/strong>, Saint-Charles 2, Universit\u00e9 Paul-Val\u00e9ry Montpellier 3 (arr\u00eat du tram ligne 1 : Place Albert 1er). Il pourra \u00eatre suivi en ligne en s\u2019inscrivant aux deux journ\u00e9es gr\u00e2ce aux liens suivants :<\/h5>\n<p>Journ\u00e9e du 5 octobre :<\/p>\n<p><a href=\"https:\/\/univ-montp3-fr.zoom.us\/meeting\/register\/tJUlf--vpj4rH93mTFLaEe82GWQmTRs_Jh3_\">https:\/\/univ-montp3-fr.zoom.us\/meeting\/register\/tJUlf&#8211;vpj4rH93mTFLaEe82GWQmTRs_Jh3_<\/a><\/p>\n<p>Journ\u00e9e du 6 octobre :<\/p>\n<p><a href=\"https:\/\/univ-montp3-fr.zoom.us\/meeting\/register\/tJYrdO2qqj8uEtf3gSeAkvVchbWq2NVCcrVs\">https:\/\/univ-montp3-fr.zoom.us\/meeting\/register\/tJYrdO2qqj8uEtf3gSeAkvVchbWq2NVCcrVs<\/a><\/p>\n<p>Vous \u00eates toutes et tous les <a href=\"http:\/\/bienvenu.es\">bienvenu.es<\/a>.<\/p>\n<p>Bien cordialement,<\/p>\n<p>Sarah Hatchuel (pour le comit\u00e9 d\u2019organisation)<\/p>\n<h4><strong>PROGRAMME<\/strong><\/h4>\n<h4>Jeudi 5 octobre 2023<\/h4>\n<p><em>9h30 Accueil<\/em><\/p>\n<h5>Ethique et violence &#8211; pr\u00e9sidence de s\u00e9ance : Chlo\u00e9 Delaporte<\/h5>\n<p>10h <strong>Emmanuelle Delano\u00eb-Brun<\/strong>, Universit\u00e9 Paris-Cit\u00e9<\/p>\n<p>\u00ab \u00c9thique et esth\u00e9tique de l\u2019interrogation : filmer l\u2019interrogatoire dans la s\u00e9rie polici\u00e8re (<em>L&amp;O SVU<\/em>,<em>Unbelievable<\/em>, <em>When They See Us<\/em>) \u00bb<\/p>\n<p>10h45 <strong>Benjamin Campion<\/strong>, Universit\u00e9 Paul-Val\u00e9ry Montpellier 3<\/p>\n<p>\u00ab \u00c9thique de la violence : hors ou dans le champ, entre r\u00e9tention et exhibition \u00bb<\/p>\n<p><em>11h30 Pause<\/em><\/p>\n<p>11h45 <strong>Fabien Boully<\/strong>, Universit\u00e9 Paris-Nanterre<\/p>\n<p>\u00ab <em>The Slap<\/em> (2011) : dispositif narratif et r\u00e9v\u00e9lateur \u00e9thique \u00bb<\/p>\n<p><em>12h30 D\u00e9jeuner<\/em><\/p>\n<h5>Ethique et personnages &#8211; pr\u00e9sidence de s\u00e9ance : Julien Achemchame<\/h5>\n<p>13h30<strong> Pablo Cabeza-Macuso<\/strong>, Universit\u00e9 Paul-Val\u00e9ry Montpellier 3<\/p>\n<p>\u00ab Une \u00e9thique de l\u2019\u00e9pisode en r\u00e9gime semi-feuilletonnant : de la subjectivation autoritaire \u00e0 l\u2019individuation r\u00e9sistante dans <em>Fringe<\/em> et <em>Dollhouse<\/em> \u00bb<\/p>\n<p>14h15 <strong>Guillaume Gomot<\/strong>, Universit\u00e9 de Haute-Alsace<\/p>\n<p>\u00ab Contre les personnages, tout contre : <em>Seinfeld <\/em>ou le trouble \u00e9thique \u00bb<\/p>\n<p>15h <strong>Claire Cornillon<\/strong>, Universit\u00e9 de N\u00eemes, et Sarah Hatchuel, Universit\u00e9 Paul-Val\u00e9ry Montpellier 3<\/p>\n<p>\u00ab La s\u00e9rie comme espace d\u2019accueil : personnages principaux\/secondaires, r\u00e9currents\/non r\u00e9currents \u00bb<\/p>\n<p><em>15h45 Pause<\/em><\/p>\n<h5>Ethique et science-fiction &#8211; pr\u00e9sidence de s\u00e9ance : Claire Cornillon<\/h5>\n<p>16h00 <strong>Florent Favard<\/strong>, Universit\u00e9 de Lorraine<\/p>\n<p>\u00ab <em>The Good Place<\/em>, ou le \u00ab bon \u00bb usage de la Lame du Temps \u00bb<\/p>\n<p>16h45 <strong>Jessy Neau<\/strong>, Centre universitaire de Mayotte<\/p>\n<p>\u00ab <em>Star Trek, The Next Generation<\/em> : un proc\u00e8s cach\u00e9 de l\u2019humanit\u00e9 en sept saisons \u00bb<\/p>\n<p><em>17h30 Fin de la premi\u00e8re journ\u00e9e<\/em><\/p>\n<h4>Vendredi 6 octobre 2023<\/h4>\n<p><em>10h30 Accueil<\/em><\/p>\n<h5>Ethique et modularit\u00e9 &#8211; pr\u00e9sidence de s\u00e9ance : David Roche<\/h5>\n<p>10h45 <strong>Mimi Whit<\/strong>e, Northwestern University<\/p>\n<p>\u201cIn Favor of Textual Density, or The Formula is not the Meaning\u201d<\/p>\n<p>11h30 <strong>Michaela W\u00fcnsch<\/strong>, University of Marburg<\/p>\n<p>\u201cThe Ethics of Psychoanalysis and Television in <em>En Th\u00e9rapie<\/em>\u201d<\/p>\n<p><em>12h15 D\u00e9jeuner<\/em><\/p>\n<h5>Ethique, genre et sexualit\u00e9 &#8211; pr\u00e9sidence de s\u00e9ance : Monica Michlin<\/h5>\n<p>13h30 <strong>Chlo\u00e9 Delaporte<\/strong>, Universit\u00e9 Paul-Val\u00e9ry Montpellier 3<\/p>\n<p>\u00ab <em>I Love Dick<\/em>. Une \u00e9thique f\u00e9ministe de l\u2019adaptation \u00bb<\/p>\n<p>14h15 <strong>Annael Le Poullennec<\/strong>, Institut des mondes africains<\/p>\n<p>\u00ab Approches collectives et intersectionnelles de la web-s\u00e9rie dans <em>The Foxy Five<\/em> (Jabulile Newman, 2016-2017) : vers une \u00e9thique de l\u2019auto-repr\u00e9sentation ? \u00bb<\/p>\n<p><em>15h00 Pause<\/em><\/p>\n<p>15h15 <strong>Fr\u00e9d\u00e9ric Marty et Julien P\u00e9quignot<\/strong>, Universit\u00e9 Paul-Val\u00e9ry Montpellier 3<\/p>\n<p>\u00ab Structuration narrative d\u2019un espace public et analyse s\u00e9mio-pragmatique d\u2019<em>Un Si Grand Soleil<\/em>\u00bb<\/p>\n<p>16h <strong>Alexandre Adouard<\/strong>, Universit\u00e9 Paul-Val\u00e9ry Montpellier 3<\/p>\n<p>\u00ab D\u2019un traitement \u00e9pisodique \u00e0 une imbrication semi-feuilletonnante puis feuilletonnante : Aborder et repr\u00e9senter le SIDA dans les s\u00e9ries am\u00e9ricaines, des ann\u00e9es 80 \u00e0 nos jours \u00bb<\/p>\n<p><em>16h45 Fin du colloque<\/em><\/p>\n","protected":false},"excerpt":{"rendered":"<p>Ch\u00e8res toutes, chers tous, Vous trouverez ci-dessous le programme du colloque \u00ab Esth\u00e9tique des s\u00e9ries : une approche \u00e9thique \u00bb [&hellip;]<\/p>\n","protected":false},"author":1,"featured_media":0,"comment_status":"","ping_status":"open","sticky":false,"template":"","format":"standard","meta":{"_uag_custom_page_level_css":"","site-sidebar-layout":"default","site-content-layout":"","ast-site-content-layout":"default","site-content-style":"default","site-sidebar-style":"default","ast-global-header-display":"","ast-banner-title-visibility":"","ast-main-header-display":"","ast-hfb-above-header-display":"","ast-hfb-below-header-display":"","ast-hfb-mobile-header-display":"","site-post-title":"","ast-breadcrumbs-content":"","ast-featured-img":"","footer-sml-layout":"","ast-disable-related-posts":"","theme-transparent-header-meta":"","adv-header-id-meta":"","stick-header-meta":"","header-above-stick-meta":"","header-main-stick-meta":"","header-below-stick-meta":"","astra-migrate-meta-layouts":"default","ast-page-background-enabled":"default","ast-page-background-meta":{"desktop":{"background-color":"var(--ast-global-color-5)","background-image":"","background-repeat":"repeat","background-position":"center center","background-size":"auto","background-attachment":"scroll","background-type":"","background-media":"","overlay-type":"","overlay-color":"","overlay-opacity":"","overlay-gradient":""},"tablet":{"background-color":"","background-image":"","background-repeat":"repeat","background-position":"center center","background-size":"auto","background-attachment":"scroll","background-type":"","background-media":"","overlay-type":"","overlay-color":"","overlay-opacity":"","overlay-gradient":""},"mobile":{"background-color":"","background-image":"","background-repeat":"repeat","background-position":"center center","background-size":"auto","background-attachment":"scroll","background-type":"","background-media":"","overlay-type":"","overlay-color":"","overlay-opacity":"","overlay-gradient":""}},"ast-content-background-meta":{"desktop":{"background-color":"var(--ast-global-color-4)","background-image":"","background-repeat":"repeat","background-position":"center center","background-size":"auto","background-attachment":"scroll","background-type":"","background-media":"","overlay-type":"","overlay-color":"","overlay-opacity":"","overlay-gradient":""},"tablet":{"background-color":"var(--ast-global-color-4)","background-image":"","background-repeat":"repeat","background-position":"center center","background-size":"auto","background-attachment":"scroll","background-type":"","background-media":"","overlay-type":"","overlay-color":"","overlay-opacity":"","overlay-gradient":""},"mobile":{"background-color":"var(--ast-global-color-4)","background-image":"","background-repeat":"repeat","background-position":"center center","background-size":"auto","background-attachment":"scroll","background-type":"","background-media":"","overlay-type":"","overlay-color":"","overlay-opacity":"","overlay-gradient":""}},"_jetpack_memberships_contains_paid_content":false,"footnotes":""},"categories":[568],"tags":[1483,364,676],"class_list":["post-3308","post","type-post","status-publish","format-standard","hentry","category-conference-symposium","tag-esthetics","tag-ethics","tag-tv-shows"],"jetpack_featured_media_url":"","uagb_featured_image_src":{"full":false,"thumbnail":false,"medium":false,"medium_large":false,"large":false,"1536x1536":false,"2048x2048":false},"uagb_author_info":{"display_name":"Admin","author_link":"https:\/\/afea.fr\/news\/author\/yanb\/"},"uagb_comment_info":0,"uagb_excerpt":"Ch\u00e8res toutes, chers tous, Vous trouverez ci-dessous le programme du colloque \u00ab Esth\u00e9tique des s\u00e9ries : une approche \u00e9thique \u00bb [&hellip;]","jetpack_sharing_enabled":true,"_links":{"self":[{"href":"https:\/\/afea.fr\/news\/wp-json\/wp\/v2\/posts\/3308"}],"collection":[{"href":"https:\/\/afea.fr\/news\/wp-json\/wp\/v2\/posts"}],"about":[{"href":"https:\/\/afea.fr\/news\/wp-json\/wp\/v2\/types\/post"}],"author":[{"embeddable":true,"href":"https:\/\/afea.fr\/news\/wp-json\/wp\/v2\/users\/1"}],"replies":[{"embeddable":true,"href":"https:\/\/afea.fr\/news\/wp-json\/wp\/v2\/comments?post=3308"}],"version-history":[{"count":0,"href":"https:\/\/afea.fr\/news\/wp-json\/wp\/v2\/posts\/3308\/revisions"}],"wp:attachment":[{"href":"https:\/\/afea.fr\/news\/wp-json\/wp\/v2\/media?parent=3308"}],"wp:term":[{"taxonomy":"category","embeddable":true,"href":"https:\/\/afea.fr\/news\/wp-json\/wp\/v2\/categories?post=3308"},{"taxonomy":"post_tag","embeddable":true,"href":"https:\/\/afea.fr\/news\/wp-json\/wp\/v2\/tags?post=3308"}],"curies":[{"name":"wp","href":"https:\/\/api.w.org\/{rel}","templated":true}]}}