{"id":3273,"date":"2023-09-07T15:24:38","date_gmt":"2023-09-07T13:24:38","guid":{"rendered":"https:\/\/afea.fr\/news\/cfp\/cfp-rappel-congres-easlce-sea-more-blue\/3273\/"},"modified":"2023-09-07T15:24:38","modified_gmt":"2023-09-07T13:24:38","slug":"cfp-rappel-congres-easlce-sea-more-blue","status":"publish","type":"post","link":"https:\/\/afea.fr\/news\/cfp\/cfp-rappel-congres-easlce-sea-more-blue\/3273\/","title":{"rendered":"CFP Rappel, Congr\u00e8s EASLCE Sea More Blue"},"content":{"rendered":"<p>Chers et ch\u00e8res coll\u00e8gues, ami.e.s et \u00e9tudiant.e.s,<\/p>\n<p>Je vous envoie un mail de rappel concernant l&rsquo;appel \u00e0 communications pour le prochain congr\u00e8s EASLCE qui se tiendra \u00e0 Perpignan en juin 2024, et dont la date butoir pour soumettre une proposition approche \u00e0 grands pas (le 15 septembre).<\/p>\n<p>Je vous renvoie le lien vers l&rsquo;appel en question, en attirant votre attention sur la participation de Serpil Oppermann, qui a r\u00e9pondu positivement \u00e0 notre invitation, parmi les conf\u00e9renci.er.\u00e8re.s en pl\u00e9ni\u00e8re d\u00e9j\u00e0 pr\u00e9vues:<br \/>\n<a href=\"https:\/\/ecopoetique.hypotheses.org\/9116\">https:\/\/ecopoetique.hypotheses.org\/9116<br \/>\n<\/a><\/p>\n<p>Nous nous r\u00e9jouissons de la participation d&rsquo;une si grande chercheuse turque, de renomm\u00e9e internationale et dont l&rsquo;investissement immense au sein d&rsquo;EASLCE en a permis l&rsquo;essor. Ses travaux transdisciplinaires \u00e0 la pointe sur les questions bleues ne manqueront pas de repr\u00e9senter un moment fort de notre prochain congr\u00e8s.<\/p>\n<p>Bien \u00e0 vous, en vous souhaitant une bonne reprise et en esp\u00e9rant vous retrouver nombreux et nombreuses pour cette belle manifestation consacr\u00e9e \u00e0 la mer et aux oc\u00e9ans,<br \/>\n&#8212;<\/p>\n<p>B\u00e9n\u00e9 MeillonProfesseure des Universit\u00e9s \u00e0 l&rsquo;Universit\u00e9 d&rsquo;Angers<br \/>\nVice-Pr\u00e9sidente d&rsquo;EASLCE<\/p>\n<p>B\u00e9n\u00e9 Meillon<br \/>\nFull Professor at the Universit\u00e9 d&rsquo;Angers, France<br \/>\nVice-President of EASLCE<\/p>\n","protected":false},"excerpt":{"rendered":"<p>Chers et ch\u00e8res coll\u00e8gues, ami.e.s et \u00e9tudiant.e.s, Je vous envoie un mail de rappel concernant l&rsquo;appel \u00e0 communications pour le [&hellip;]<\/p>\n","protected":false},"author":1,"featured_media":0,"comment_status":"","ping_status":"open","sticky":false,"template":"","format":"standard","meta":{"_uag_custom_page_level_css":"","site-sidebar-layout":"default","site-content-layout":"","ast-site-content-layout":"default","site-content-style":"default","site-sidebar-style":"default","ast-global-header-display":"","ast-banner-title-visibility":"","ast-main-header-display":"","ast-hfb-above-header-display":"","ast-hfb-below-header-display":"","ast-hfb-mobile-header-display":"","site-post-title":"","ast-breadcrumbs-content":"","ast-featured-img":"","footer-sml-layout":"","ast-disable-related-posts":"","theme-transparent-header-meta":"","adv-header-id-meta":"","stick-header-meta":"","header-above-stick-meta":"","header-main-stick-meta":"","header-below-stick-meta":"","astra-migrate-meta-layouts":"default","ast-page-background-enabled":"default","ast-page-background-meta":{"desktop":{"background-color":"var(--ast-global-color-5)","background-image":"","background-repeat":"repeat","background-position":"center center","background-size":"auto","background-attachment":"scroll","background-type":"","background-media":"","overlay-type":"","overlay-color":"","overlay-opacity":"","overlay-gradient":""},"tablet":{"background-color":"","background-image":"","background-repeat":"repeat","background-position":"center center","background-size":"auto","background-attachment":"scroll","background-type":"","background-media":"","overlay-type":"","overlay-color":"","overlay-opacity":"","overlay-gradient":""},"mobile":{"background-color":"","background-image":"","background-repeat":"repeat","background-position":"center center","background-size":"auto","background-attachment":"scroll","background-type":"","background-media":"","overlay-type":"","overlay-color":"","overlay-opacity":"","overlay-gradient":""}},"ast-content-background-meta":{"desktop":{"background-color":"var(--ast-global-color-4)","background-image":"","background-repeat":"repeat","background-position":"center center","background-size":"auto","background-attachment":"scroll","background-type":"","background-media":"","overlay-type":"","overlay-color":"","overlay-opacity":"","overlay-gradient":""},"tablet":{"background-color":"var(--ast-global-color-4)","background-image":"","background-repeat":"repeat","background-position":"center center","background-size":"auto","background-attachment":"scroll","background-type":"","background-media":"","overlay-type":"","overlay-color":"","overlay-opacity":"","overlay-gradient":""},"mobile":{"background-color":"var(--ast-global-color-4)","background-image":"","background-repeat":"repeat","background-position":"center center","background-size":"auto","background-attachment":"scroll","background-type":"","background-media":"","overlay-type":"","overlay-color":"","overlay-opacity":"","overlay-gradient":""}},"_jetpack_memberships_contains_paid_content":false,"footnotes":""},"categories":[99],"tags":[1459],"class_list":["post-3273","post","type-post","status-publish","format-standard","hentry","category-cfp","tag-sea-more-blue"],"jetpack_featured_media_url":"","uagb_featured_image_src":{"full":false,"thumbnail":false,"medium":false,"medium_large":false,"large":false,"1536x1536":false,"2048x2048":false},"uagb_author_info":{"display_name":"Admin","author_link":"https:\/\/afea.fr\/news\/author\/yanb\/"},"uagb_comment_info":0,"uagb_excerpt":"Chers et ch\u00e8res coll\u00e8gues, ami.e.s et \u00e9tudiant.e.s, Je vous envoie un mail de rappel concernant l&rsquo;appel \u00e0 communications pour le [&hellip;]","jetpack_sharing_enabled":true,"_links":{"self":[{"href":"https:\/\/afea.fr\/news\/wp-json\/wp\/v2\/posts\/3273"}],"collection":[{"href":"https:\/\/afea.fr\/news\/wp-json\/wp\/v2\/posts"}],"about":[{"href":"https:\/\/afea.fr\/news\/wp-json\/wp\/v2\/types\/post"}],"author":[{"embeddable":true,"href":"https:\/\/afea.fr\/news\/wp-json\/wp\/v2\/users\/1"}],"replies":[{"embeddable":true,"href":"https:\/\/afea.fr\/news\/wp-json\/wp\/v2\/comments?post=3273"}],"version-history":[{"count":1,"href":"https:\/\/afea.fr\/news\/wp-json\/wp\/v2\/posts\/3273\/revisions"}],"predecessor-version":[{"id":3289,"href":"https:\/\/afea.fr\/news\/wp-json\/wp\/v2\/posts\/3273\/revisions\/3289"}],"wp:attachment":[{"href":"https:\/\/afea.fr\/news\/wp-json\/wp\/v2\/media?parent=3273"}],"wp:term":[{"taxonomy":"category","embeddable":true,"href":"https:\/\/afea.fr\/news\/wp-json\/wp\/v2\/categories?post=3273"},{"taxonomy":"post_tag","embeddable":true,"href":"https:\/\/afea.fr\/news\/wp-json\/wp\/v2\/tags?post=3273"}],"curies":[{"name":"wp","href":"https:\/\/api.w.org\/{rel}","templated":true}]}}