{"id":3255,"date":"2023-09-07T15:01:34","date_gmt":"2023-09-07T13:01:34","guid":{"rendered":"https:\/\/afea.fr\/news\/conference-symposium\/pub-messagerie-afea-du-4-septembre-2023\/3255\/"},"modified":"2023-09-07T15:02:40","modified_gmt":"2023-09-07T13:02:40","slug":"pub-messagerie-afea-du-4-septembre-2023","status":"publish","type":"post","link":"https:\/\/afea.fr\/news\/conference-symposium\/pub-messagerie-afea-du-4-septembre-2023\/3255\/","title":{"rendered":"PUB Messagerie AFEA du 4 septembre 2023"},"content":{"rendered":"<p>L&rsquo;Universit\u00e9 de Poitiers accueillera la 27e conf\u00e9rence annuelle de l&rsquo;Omohundro Institute of Early American History and Culture (Williamsburg, Virginie) les 19, 20 et 21 juin 2024. L&rsquo;appel \u00e0 contributions est en ligne sur le site de l&rsquo;OI ( <a href=\"https:\/\/oieahc.wm.edu\/events-overview\/events\/cfp-vast-early-america-a-transcontinental-conversation\/\">OI 27th Annual Conference, \u201cVast Early America: A Transcontinental Conversation\u201d \u2013 OIEAHC (wm.edu)<\/a> ) et vous le trouverez \u00e9galement ci-dessous.<br \/>\nNous esp\u00e9rons vous y voir nombreux.<br \/>\nBien \u00e0 vous,<br \/>\nElodie Peyrol-Kleiber<\/p>\n<div>\n<div style=\"font-family: arial, helvetica, sans-serif;font-size: 12pt;color: #000000\">\n<h3 style=\"letter-spacing: normal;text-indent: 0px;text-transform: none;margin-top: 0px;margin-bottom: 1.6rem;font-weight: bold;line-height: 1.15;font-size: 2.3125rem;font-family: 'adobe garamond pro', sans-serif;font-style: italic;color: #4d4e53;background-color: #ffffff;text-align: center\"><span style=\"font-size: 12pt\">Now accepting proposals for this conference (through November 1, 2024).<\/span><\/h3>\n<h3 style=\"letter-spacing: normal;text-indent: 0px;text-transform: none;margin-top: 0px;margin-bottom: 1.6rem;font-weight: bold;line-height: 1.15;font-size: 2.3125rem;font-family: 'adobe garamond pro', sans-serif;font-style: italic;color: #4d4e53;background-color: #ffffff;text-align: center\"><span style=\"font-size: 12pt\">A program and registration link for this event will be posted in 2024.<\/span><\/h3>\n<hr style=\"font-style: normal;letter-spacing: normal;text-align: start;text-indent: 0px;text-transform: none;margin: 0.65rem 0px;color: #d1d1d1;border-width: 1px 0px 0px;font-family: 'museo sans', sans-serif;font-size: 19px;font-weight: 300;background-color: #ffffff;border-style: solid\" \/>\n<p style=\"font-style: normal;letter-spacing: normal;text-indent: 0px;text-transform: none;margin: 0px;color: #4d4e53;font-family: 'museo sans', sans-serif;font-size: 19px;font-weight: 300;background-color: #ffffff;text-align: center\"><span style=\"font-size: 12pt\">Submit your proposal for the 27th OI Annual Conference at the University of Poitiers in Poitiers, France, June 19-21, 2024.<\/span><\/p>\n<p style=\"font-style: normal;letter-spacing: normal;text-indent: 0px;text-transform: none;margin: 0px;color: #4d4e53;font-family: 'museo sans', sans-serif;font-size: 19px;font-weight: 300;background-color: #ffffff;text-align: center\"><span style=\"font-size: 12pt\">Proposals are due\u00a0<strong style=\"font-weight: 900\">NOVEMBER 1, 2023<\/strong>.<\/span><\/p>\n<h2 style=\"letter-spacing: normal;text-indent: 0px;text-transform: none;margin-top: 0px;margin-bottom: 1.6rem;font-weight: bold;line-height: 1.15;font-size: 4.4375rem;font-family: 'adobe garamond pro', sans-serif;font-style: italic;color: #4d4e53;background-color: #ffffff;text-align: center\"><span style=\"font-size: 14pt\">Vast Early America: a Transcontinental Conversation<\/span><\/h2>\n<p style=\"font-style: normal;letter-spacing: normal;text-align: start;text-indent: 0px;text-transform: none;margin: 0px;color: #4d4e53;font-family: 'museo sans', sans-serif;font-size: 19px;font-weight: 300;background-color: #ffffff\"><span style=\"font-size: 12pt\"><em>This conference is co-sponsored by the USC Huntington Early Modern Studies Institute, MIMMOC (M\u00e9moires, Identit\u00e9s, Marginalit\u00e9s dans le Monde Occidental Contemporain), and MSHS Poitiers.<\/em><\/span><\/p>\n<p style=\"font-style: normal;letter-spacing: normal;text-align: start;text-indent: 0px;text-transform: none;margin: 0px;color: #4d4e53;font-family: 'museo sans', sans-serif;font-size: 19px;font-weight: 300;background-color: #ffffff\"><span style=\"font-size: 12pt\">Early Americanists have become familiar with the framework of Vast Early America, but VEA\u2019s engagement with continental Europe and Atlantic Africa remains underdeveloped. The distance is not only intellectual: The OI has not held its annual conference outside the Western Hemisphere since 2001, and scholarly organizations routinely tilt toward their host nation\u2019s history.<\/span><\/p>\n<p style=\"font-style: normal;letter-spacing: normal;text-align: start;text-indent: 0px;text-transform: none;margin: 0px;color: #4d4e53;font-family: 'museo sans', sans-serif;font-size: 19px;font-weight: 300;background-color: #ffffff\"><span style=\"font-size: 12pt\">In order to facilitate a long overdue transcontinental conversation about the relations between Vast Early America, Europe, and Africa, \u201cVast Early America: A Transcontinental Conversation\u201d will be held in France, at the University of Poitiers. We aim simultaneously to facilitate conversations between early Americanists on both sides of the Atlantic, to uncover points where our respective approaches to the field have diverged, and to begin to carve out new paths forward that better integrate the insights and contributions of a wider range of early Americanists. With those goals in mind, we seek papers and panels that speak to a broad range of topics and approaches in early American history.<\/span><\/p>\n<p style=\"font-style: normal;letter-spacing: normal;text-align: start;text-indent: 0px;text-transform: none;margin: 0px;color: #4d4e53;font-family: 'museo sans', sans-serif;font-size: 19px;font-weight: 300;background-color: #ffffff\"><span style=\"font-size: 12pt\">We are particularly interested in presentations that generate conversations about key issues among scholars working in different countries and within different scholarly traditions. \u00a0Panels might focus on questions including \u2014 but not limited to \u2014 revolution, rebellion, and political change\/ continuity; global, regional, and local economies; Indigeneity, migration, transportation; enslavement and the enslaved; forms of exclusion and belonging; borders and territories in imperial and national systems; globalization and interconnectedness; identities, ideologies, and interests; sexualities, intimacies, bodies; logistics, authority, power; experiences of environmental transitions.\u00a0 Transcontinental discussions of these and related topics are essential for the future of early American history.<\/span><\/p>\n<p style=\"font-style: normal;letter-spacing: normal;text-align: start;text-indent: 0px;text-transform: none;margin: 0px;color: #4d4e53;font-family: 'museo sans', sans-serif;font-size: 19px;font-weight: 300;background-color: #ffffff\"><span style=\"font-size: 12pt\">Proposals for individual papers or complete panels must be received electronically no later than\u00a0<strong style=\"font-weight: 900\">November 1, 2023<\/strong>. (link on the website) All submissions should include a one-page proposal and a one-page c.v. for each participant; panel submissions should also include a one-paragraph description. Each c.v. should include mail and email addresses and telephone numbers.\u00a0<em>Proposals for panels, workshops, and roundtables should combine all the participants\u2019 c.v.\u2019s into ONE document.\u00a0<\/em>We recognize the importance of pursuing a multilinguistic approach to research on Vast Early America. However, for this conference, we recommend proposals and papers be in English.<\/span><\/p>\n<p style=\"font-style: normal;letter-spacing: normal;text-align: start;text-indent: 0px;text-transform: none;margin: 0px;color: #4d4e53;font-family: 'museo sans', sans-serif;font-size: 19px;font-weight: 300;background-color: #ffffff\"><span style=\"font-size: 12pt\">To support the participation of early career scholars and ensure the success of the program\u2019s ambitions, some funds will be available to offset the costs of travel for some participants and will be allocated based on need.<\/span><\/p>\n<\/div>\n<\/div>\n<h3><\/h3>\n","protected":false},"excerpt":{"rendered":"<p>L&rsquo;Universit\u00e9 de Poitiers accueillera la 27e conf\u00e9rence annuelle de l&rsquo;Omohundro Institute of Early American History and Culture (Williamsburg, Virginie) les [&hellip;]<\/p>\n","protected":false},"author":1,"featured_media":0,"comment_status":"closed","ping_status":"open","sticky":false,"template":"","format":"standard","meta":{"_uag_custom_page_level_css":"","site-sidebar-layout":"default","site-content-layout":"","ast-site-content-layout":"default","site-content-style":"default","site-sidebar-style":"default","ast-global-header-display":"","ast-banner-title-visibility":"","ast-main-header-display":"","ast-hfb-above-header-display":"","ast-hfb-below-header-display":"","ast-hfb-mobile-header-display":"","site-post-title":"","ast-breadcrumbs-content":"","ast-featured-img":"","footer-sml-layout":"","ast-disable-related-posts":"","theme-transparent-header-meta":"","adv-header-id-meta":"","stick-header-meta":"","header-above-stick-meta":"","header-main-stick-meta":"","header-below-stick-meta":"","astra-migrate-meta-layouts":"set","ast-page-background-enabled":"default","ast-page-background-meta":{"desktop":{"background-color":"var(--ast-global-color-5)","background-image":"","background-repeat":"repeat","background-position":"center center","background-size":"auto","background-attachment":"scroll","background-type":"","background-media":"","overlay-type":"","overlay-color":"","overlay-opacity":"","overlay-gradient":""},"tablet":{"background-color":"","background-image":"","background-repeat":"repeat","background-position":"center center","background-size":"auto","background-attachment":"scroll","background-type":"","background-media":"","overlay-type":"","overlay-color":"","overlay-opacity":"","overlay-gradient":""},"mobile":{"background-color":"","background-image":"","background-repeat":"repeat","background-position":"center center","background-size":"auto","background-attachment":"scroll","background-type":"","background-media":"","overlay-type":"","overlay-color":"","overlay-opacity":"","overlay-gradient":""}},"ast-content-background-meta":{"desktop":{"background-color":"var(--ast-global-color-4)","background-image":"","background-repeat":"repeat","background-position":"center center","background-size":"auto","background-attachment":"scroll","background-type":"","background-media":"","overlay-type":"","overlay-color":"","overlay-opacity":"","overlay-gradient":""},"tablet":{"background-color":"var(--ast-global-color-4)","background-image":"","background-repeat":"repeat","background-position":"center center","background-size":"auto","background-attachment":"scroll","background-type":"","background-media":"","overlay-type":"","overlay-color":"","overlay-opacity":"","overlay-gradient":""},"mobile":{"background-color":"var(--ast-global-color-4)","background-image":"","background-repeat":"repeat","background-position":"center center","background-size":"auto","background-attachment":"scroll","background-type":"","background-media":"","overlay-type":"","overlay-color":"","overlay-opacity":"","overlay-gradient":""}},"_jetpack_memberships_contains_paid_content":false,"footnotes":""},"categories":[568],"tags":[1437,1438],"class_list":["post-3255","post","type-post","status-publish","format-standard","hentry","category-conference-symposium","tag-early-america","tag-transcontinental"],"jetpack_featured_media_url":"","uagb_featured_image_src":{"full":false,"thumbnail":false,"medium":false,"medium_large":false,"large":false,"1536x1536":false,"2048x2048":false},"uagb_author_info":{"display_name":"Admin","author_link":"https:\/\/afea.fr\/news\/author\/yanb\/"},"uagb_comment_info":0,"uagb_excerpt":"L&rsquo;Universit\u00e9 de Poitiers accueillera la 27e conf\u00e9rence annuelle de l&rsquo;Omohundro Institute of Early American History and Culture (Williamsburg, Virginie) les [&hellip;]","jetpack_sharing_enabled":true,"_links":{"self":[{"href":"https:\/\/afea.fr\/news\/wp-json\/wp\/v2\/posts\/3255"}],"collection":[{"href":"https:\/\/afea.fr\/news\/wp-json\/wp\/v2\/posts"}],"about":[{"href":"https:\/\/afea.fr\/news\/wp-json\/wp\/v2\/types\/post"}],"author":[{"embeddable":true,"href":"https:\/\/afea.fr\/news\/wp-json\/wp\/v2\/users\/1"}],"replies":[{"embeddable":true,"href":"https:\/\/afea.fr\/news\/wp-json\/wp\/v2\/comments?post=3255"}],"version-history":[{"count":1,"href":"https:\/\/afea.fr\/news\/wp-json\/wp\/v2\/posts\/3255\/revisions"}],"predecessor-version":[{"id":3256,"href":"https:\/\/afea.fr\/news\/wp-json\/wp\/v2\/posts\/3255\/revisions\/3256"}],"wp:attachment":[{"href":"https:\/\/afea.fr\/news\/wp-json\/wp\/v2\/media?parent=3255"}],"wp:term":[{"taxonomy":"category","embeddable":true,"href":"https:\/\/afea.fr\/news\/wp-json\/wp\/v2\/categories?post=3255"},{"taxonomy":"post_tag","embeddable":true,"href":"https:\/\/afea.fr\/news\/wp-json\/wp\/v2\/tags?post=3255"}],"curies":[{"name":"wp","href":"https:\/\/api.w.org\/{rel}","templated":true}]}}