{"id":3241,"date":"2023-09-07T07:42:25","date_gmt":"2023-09-07T05:42:25","guid":{"rendered":"https:\/\/afea.fr\/news\/?p=3241"},"modified":"2023-09-15T14:35:45","modified_gmt":"2023-09-15T12:35:45","slug":"deuxieme-appel-journee-detudes-du-cottagecore-au-solarpunk-les-nouveaux-visages-de-la-p-astorale-entre-litterature-et-politique-montpellier","status":"publish","type":"post","link":"https:\/\/afea.fr\/news\/cfp\/deuxieme-appel-journee-detudes-du-cottagecore-au-solarpunk-les-nouveaux-visages-de-la-p-astorale-entre-litterature-et-politique-montpellier\/3241\/","title":{"rendered":"Deuxi\u00e8me appel : journ\u00e9e d&rsquo;\u00e9tudes \u00ab\u00a0Du cottagecore au solarpunk : les nouveaux visages de la pastorale entre litt\u00e9rature et politique\u00a0\u00bb &#8211; Montpellier"},"content":{"rendered":"<p>AFEA NEWS: Deuxi\u00e8me appel : journ\u00e9e d&rsquo;\u00e9tudes \u00ab\u00a0Du cottagecore au solarpunk : les nouveaux visages de la pastorale entre litt\u00e9rature et politique\u00a0\u00bb &#8211; Montpellier<\/p>\n<p>L&rsquo;\u00e9quipe de recherches Etudes Montpelli\u00e9raines du Monde Anglophone organise une journ\u00e9e d&rsquo;\u00e9tudes sur le th\u00e8me de la pastorale et de ses d\u00e9clinaisons politiques, le 17 novembre 2023.<\/p>\n<p>Toutes les propositions de communication peuvent \u00eatre envoy\u00e9es \u00e0 theo.maligeay@univ-montp3.fr ou constance.pompie@univ-montp3.fr sous la forme d&rsquo;un r\u00e9sum\u00e9 de 300 mots et d&rsquo;une courte notice bibliographique, jusqu&rsquo;au lundi 2 octobre.<\/p>\n<p>Les communications pourront \u00eatre en anglais ou en fran\u00e7ais, et il sera possible d&rsquo;envisager un format hybride.<\/p>\n<p>Appel d\u00e9taill\u00e9 et bibliographie en pi\u00e8ce jointe.<\/p>\n<p>Source: Th\u00e9o Maligeay &lt;theo.maligeay@univ-montp3.fr&gt;<\/p>\n<p><a href=\"https:\/\/afea.fr\/news\/wp-content\/uploads\/sites\/2\/2023\/09\/CFP-journee-pastorale-montpellier-novembre-2023.pdf\">CFP-journee-pastorale-montpellier-novembre-2023.pdf<\/a><\/p>\n","protected":false},"excerpt":{"rendered":"<p>AFEA NEWS: Deuxi\u00e8me appel : journ\u00e9e d&rsquo;\u00e9tudes \u00ab\u00a0Du cottagecore au solarpunk : les nouveaux visages de la pastorale entre litt\u00e9rature [&hellip;]<\/p>\n","protected":false},"author":1,"featured_media":0,"comment_status":"closed","ping_status":"open","sticky":false,"template":"","format":"standard","meta":{"_uag_custom_page_level_css":"","site-sidebar-layout":"default","site-content-layout":"","ast-site-content-layout":"default","site-content-style":"default","site-sidebar-style":"default","ast-global-header-display":"","ast-banner-title-visibility":"","ast-main-header-display":"","ast-hfb-above-header-display":"","ast-hfb-below-header-display":"","ast-hfb-mobile-header-display":"","site-post-title":"","ast-breadcrumbs-content":"","ast-featured-img":"","footer-sml-layout":"","ast-disable-related-posts":"","theme-transparent-header-meta":"","adv-header-id-meta":"","stick-header-meta":"","header-above-stick-meta":"","header-main-stick-meta":"","header-below-stick-meta":"","astra-migrate-meta-layouts":"default","ast-page-background-enabled":"default","ast-page-background-meta":{"desktop":{"background-color":"var(--ast-global-color-5)","background-image":"","background-repeat":"repeat","background-position":"center center","background-size":"auto","background-attachment":"scroll","background-type":"","background-media":"","overlay-type":"","overlay-color":"","overlay-opacity":"","overlay-gradient":""},"tablet":{"background-color":"","background-image":"","background-repeat":"repeat","background-position":"center center","background-size":"auto","background-attachment":"scroll","background-type":"","background-media":"","overlay-type":"","overlay-color":"","overlay-opacity":"","overlay-gradient":""},"mobile":{"background-color":"","background-image":"","background-repeat":"repeat","background-position":"center center","background-size":"auto","background-attachment":"scroll","background-type":"","background-media":"","overlay-type":"","overlay-color":"","overlay-opacity":"","overlay-gradient":""}},"ast-content-background-meta":{"desktop":{"background-color":"var(--ast-global-color-4)","background-image":"","background-repeat":"repeat","background-position":"center center","background-size":"auto","background-attachment":"scroll","background-type":"","background-media":"","overlay-type":"","overlay-color":"","overlay-opacity":"","overlay-gradient":""},"tablet":{"background-color":"var(--ast-global-color-4)","background-image":"","background-repeat":"repeat","background-position":"center center","background-size":"auto","background-attachment":"scroll","background-type":"","background-media":"","overlay-type":"","overlay-color":"","overlay-opacity":"","overlay-gradient":""},"mobile":{"background-color":"var(--ast-global-color-4)","background-image":"","background-repeat":"repeat","background-position":"center center","background-size":"auto","background-attachment":"scroll","background-type":"","background-media":"","overlay-type":"","overlay-color":"","overlay-opacity":"","overlay-gradient":""}},"_jetpack_memberships_contains_paid_content":false,"footnotes":""},"categories":[99],"tags":[1033,1339,1428,1337,1338],"class_list":["post-3241","post","type-post","status-publish","format-standard","hentry","category-cfp","tag-anthropocene","tag-cottagecore","tag-eco-criticism","tag-pastoral","tag-solarpunk"],"jetpack_featured_media_url":"","uagb_featured_image_src":{"full":false,"thumbnail":false,"medium":false,"medium_large":false,"large":false,"1536x1536":false,"2048x2048":false},"uagb_author_info":{"display_name":"Admin","author_link":"https:\/\/afea.fr\/news\/author\/yanb\/"},"uagb_comment_info":0,"uagb_excerpt":"AFEA NEWS: Deuxi\u00e8me appel : journ\u00e9e d&rsquo;\u00e9tudes \u00ab\u00a0Du cottagecore au solarpunk : les nouveaux visages de la pastorale entre litt\u00e9rature [&hellip;]","jetpack_sharing_enabled":true,"_links":{"self":[{"href":"https:\/\/afea.fr\/news\/wp-json\/wp\/v2\/posts\/3241"}],"collection":[{"href":"https:\/\/afea.fr\/news\/wp-json\/wp\/v2\/posts"}],"about":[{"href":"https:\/\/afea.fr\/news\/wp-json\/wp\/v2\/types\/post"}],"author":[{"embeddable":true,"href":"https:\/\/afea.fr\/news\/wp-json\/wp\/v2\/users\/1"}],"replies":[{"embeddable":true,"href":"https:\/\/afea.fr\/news\/wp-json\/wp\/v2\/comments?post=3241"}],"version-history":[{"count":2,"href":"https:\/\/afea.fr\/news\/wp-json\/wp\/v2\/posts\/3241\/revisions"}],"predecessor-version":[{"id":3293,"href":"https:\/\/afea.fr\/news\/wp-json\/wp\/v2\/posts\/3241\/revisions\/3293"}],"wp:attachment":[{"href":"https:\/\/afea.fr\/news\/wp-json\/wp\/v2\/media?parent=3241"}],"wp:term":[{"taxonomy":"category","embeddable":true,"href":"https:\/\/afea.fr\/news\/wp-json\/wp\/v2\/categories?post=3241"},{"taxonomy":"post_tag","embeddable":true,"href":"https:\/\/afea.fr\/news\/wp-json\/wp\/v2\/tags?post=3241"}],"curies":[{"name":"wp","href":"https:\/\/api.w.org\/{rel}","templated":true}]}}