{"id":3234,"date":"2023-08-30T09:30:19","date_gmt":"2023-08-30T07:30:19","guid":{"rendered":"https:\/\/afea.fr\/news\/cfp\/cfp-thanatic-ethics-conference-3-death-matters-the-immaterial-and-the-senso-ry-in-death-in-migration-hong-kong-jan-7-9-2024\/3234\/"},"modified":"2023-09-15T14:36:30","modified_gmt":"2023-09-15T12:36:30","slug":"cfp-thanatic-ethics-conference-3-death-matters-the-immaterial-and-the-senso-ry-in-death-in-migration-hong-kong-jan-7-9-2024","status":"publish","type":"post","link":"https:\/\/afea.fr\/news\/cfp\/cfp-thanatic-ethics-conference-3-death-matters-the-immaterial-and-the-senso-ry-in-death-in-migration-hong-kong-jan-7-9-2024\/3234\/","title":{"rendered":"CFP &#8211; Thanatic Ethics Conference 3: &lsquo;Death \u201cMatters\u201d: The (Im)material and the Sensory in Death in Migration&rsquo;, Hong Kong, Jan. 7-9, 2024"},"content":{"rendered":"<p>Cher(e)s coll\u00e8gues,<\/p>\n<p>J&rsquo;ai le plaisir de vous transmettre de la part des organisateurs l&rsquo;appel \u00e0 communication en vue du 3\u00e8me colloque se tenant dans le cadre du programme \u00ab\u00a0Thanatic Ethics\u00a0\u00bb.<\/p>\n<p>Bien cordialement,<br \/>\nCorinne Duboin, Universit\u00e9 de La R\u00e9union<\/p>\n<p><em>Thanatic Ethics: The Circulation of Bodies in Migratory Spaces<\/em><br \/>\n<em>International Conference #3<\/em><\/p>\n<p><strong>Death \u201cMatters\u201d: The (Im)material and the Sensory in Death in Migration<\/strong><\/p>\n<p>CFP available online: <a href=\"https:\/\/www.thanaticethics.com\/conference-3-january-2024\">https:\/\/www.thanaticethics.com\/conference-3-january-2024<\/a><\/p>\n<p>Venue: The Education University of Hong Kong, Hong Kong<br \/>\nDates: January 7-9, 2024<br \/>\nLanguage: English<br \/>\nDeadline for submitting proposals: Oct 1, 2023<br \/>\nNotification of acceptance: Oct 15, 2023<\/p>\n<p>\u25cf This conference will be held in person and participants will be expected to travel to the venue and book accommodation at their own cost, obtaining their visa as applicable.<br \/>\nFull description of the Thanatic Ethics Project and past events: <a href=\"https:\/\/www.thanaticethics.com\/\">https:\/\/www.thanaticethics.com<\/a> &lt;<a href=\"https:\/\/www.thanaticethics.com\/\">https:\/\/www.thanaticethics.com\/<\/a>&gt;<\/p>\n<p>Project Co-convenors:<\/p>\n<p>Dr Bidisha Banerjee, International Research Centre for Cultural Studies, The Education University of Hong Kong<br \/>\nDr Thomas Lacroix, Sciences Po-CERI \/ Maison Fran\u00e7aise d\u2019Oxford<br \/>\nProf Judith Misrahi-Barak, EMMA, Universit\u00e9 Paul-Val\u00e9ry Montpellier 3, France<\/p>\n","protected":false},"excerpt":{"rendered":"<p>Cher(e)s coll\u00e8gues, J&rsquo;ai le plaisir de vous transmettre de la part des organisateurs l&rsquo;appel \u00e0 communication en vue du 3\u00e8me [&hellip;]<\/p>\n","protected":false},"author":1,"featured_media":0,"comment_status":"closed","ping_status":"open","sticky":false,"template":"","format":"standard","meta":{"_uag_custom_page_level_css":"","site-sidebar-layout":"default","site-content-layout":"","ast-site-content-layout":"default","site-content-style":"default","site-sidebar-style":"default","ast-global-header-display":"","ast-banner-title-visibility":"","ast-main-header-display":"","ast-hfb-above-header-display":"","ast-hfb-below-header-display":"","ast-hfb-mobile-header-display":"","site-post-title":"","ast-breadcrumbs-content":"","ast-featured-img":"","footer-sml-layout":"","ast-disable-related-posts":"","theme-transparent-header-meta":"","adv-header-id-meta":"","stick-header-meta":"","header-above-stick-meta":"","header-main-stick-meta":"","header-below-stick-meta":"","astra-migrate-meta-layouts":"default","ast-page-background-enabled":"default","ast-page-background-meta":{"desktop":{"background-color":"var(--ast-global-color-5)","background-image":"","background-repeat":"repeat","background-position":"center center","background-size":"auto","background-attachment":"scroll","background-type":"","background-media":"","overlay-type":"","overlay-color":"","overlay-opacity":"","overlay-gradient":""},"tablet":{"background-color":"","background-image":"","background-repeat":"repeat","background-position":"center center","background-size":"auto","background-attachment":"scroll","background-type":"","background-media":"","overlay-type":"","overlay-color":"","overlay-opacity":"","overlay-gradient":""},"mobile":{"background-color":"","background-image":"","background-repeat":"repeat","background-position":"center center","background-size":"auto","background-attachment":"scroll","background-type":"","background-media":"","overlay-type":"","overlay-color":"","overlay-opacity":"","overlay-gradient":""}},"ast-content-background-meta":{"desktop":{"background-color":"var(--ast-global-color-4)","background-image":"","background-repeat":"repeat","background-position":"center center","background-size":"auto","background-attachment":"scroll","background-type":"","background-media":"","overlay-type":"","overlay-color":"","overlay-opacity":"","overlay-gradient":""},"tablet":{"background-color":"var(--ast-global-color-4)","background-image":"","background-repeat":"repeat","background-position":"center center","background-size":"auto","background-attachment":"scroll","background-type":"","background-media":"","overlay-type":"","overlay-color":"","overlay-opacity":"","overlay-gradient":""},"mobile":{"background-color":"var(--ast-global-color-4)","background-image":"","background-repeat":"repeat","background-position":"center center","background-size":"auto","background-attachment":"scroll","background-type":"","background-media":"","overlay-type":"","overlay-color":"","overlay-opacity":"","overlay-gradient":""}},"_jetpack_memberships_contains_paid_content":false,"footnotes":""},"categories":[99],"tags":[1423,365,1422,1078],"class_list":["post-3234","post","type-post","status-publish","format-standard","hentry","category-cfp","tag-hong-kong","tag-migration","tag-sensory-in-death","tag-thanatic-ethics"],"jetpack_featured_media_url":"","uagb_featured_image_src":{"full":false,"thumbnail":false,"medium":false,"medium_large":false,"large":false,"1536x1536":false,"2048x2048":false},"uagb_author_info":{"display_name":"Admin","author_link":"https:\/\/afea.fr\/news\/author\/yanb\/"},"uagb_comment_info":0,"uagb_excerpt":"Cher(e)s coll\u00e8gues, J&rsquo;ai le plaisir de vous transmettre de la part des organisateurs l&rsquo;appel \u00e0 communication en vue du 3\u00e8me [&hellip;]","jetpack_sharing_enabled":true,"_links":{"self":[{"href":"https:\/\/afea.fr\/news\/wp-json\/wp\/v2\/posts\/3234"}],"collection":[{"href":"https:\/\/afea.fr\/news\/wp-json\/wp\/v2\/posts"}],"about":[{"href":"https:\/\/afea.fr\/news\/wp-json\/wp\/v2\/types\/post"}],"author":[{"embeddable":true,"href":"https:\/\/afea.fr\/news\/wp-json\/wp\/v2\/users\/1"}],"replies":[{"embeddable":true,"href":"https:\/\/afea.fr\/news\/wp-json\/wp\/v2\/comments?post=3234"}],"version-history":[{"count":1,"href":"https:\/\/afea.fr\/news\/wp-json\/wp\/v2\/posts\/3234\/revisions"}],"predecessor-version":[{"id":3294,"href":"https:\/\/afea.fr\/news\/wp-json\/wp\/v2\/posts\/3234\/revisions\/3294"}],"wp:attachment":[{"href":"https:\/\/afea.fr\/news\/wp-json\/wp\/v2\/media?parent=3234"}],"wp:term":[{"taxonomy":"category","embeddable":true,"href":"https:\/\/afea.fr\/news\/wp-json\/wp\/v2\/categories?post=3234"},{"taxonomy":"post_tag","embeddable":true,"href":"https:\/\/afea.fr\/news\/wp-json\/wp\/v2\/tags?post=3234"}],"curies":[{"name":"wp","href":"https:\/\/api.w.org\/{rel}","templated":true}]}}