{"id":3230,"date":"2023-08-30T09:24:30","date_gmt":"2023-08-30T07:24:30","guid":{"rendered":"https:\/\/afea.fr\/news\/conference-symposium\/coll-programme-mina-loy-and-her-networks-paris-8-9-sept-2023\/3230\/"},"modified":"2023-08-30T09:24:30","modified_gmt":"2023-08-30T07:24:30","slug":"coll-programme-mina-loy-and-her-networks-paris-8-9-sept-2023","status":"publish","type":"post","link":"https:\/\/afea.fr\/news\/conference-symposium\/coll-programme-mina-loy-and-her-networks-paris-8-9-sept-2023\/3230\/","title":{"rendered":"COLL Programme \u00ab\u00a0Mina Loy and Her Networks\u00a0\u00bb, Paris, 8-9 sept 2023"},"content":{"rendered":"<p>Ch\u00e8res et chers coll\u00e8gues,<\/p>\n<p>Vous trouverez ci-dessous le programme du colloque international \u201cMina Loy and Her Networks\u201d qui se tiendra \u00e0 Paris, \u00e0 Sorbonne Universit\u00e9 et \u00e0 l&rsquo;Universit\u00e9 Sorbonne Nouvelle, les 8 et 9 septembre 2023.<\/p>\n<p>Le colloque est organis\u00e9 dans le cadre des laboratoires VALE (Sorbonne Universit\u00e9) et PRISMES (Sorbonne Nouvelle), avec le soutien du Fonds d&rsquo;Intervention pour la Recherche de Sorbonne Universit\u00e9, de l&rsquo;ED IV de Sorbonne Universit\u00e9, et de la Soci\u00e9t\u00e9 d&rsquo;\u00e9tudes modernistes.<\/p>\n<p>Si vous n&rsquo;avez pas acc\u00e8s aux b\u00e2timents de la Sorbonne, vous pouvez nous \u00e9crire aux adresses suivantes : diane.drouin et yasna.bozhkova.<\/p>\n<p>Bien cordialement,<br \/>\nDiane Drouin et Yasna Bozhkova<\/p>\n<p><strong>Friday 8 September, Universit\u00e9 Sorbonne Nouvelle<br \/>\nMaison de la Recherche (4 rue des Irlandais, 75005 Paris), Salle Claude Simon<\/strong><\/p>\n<p><strong>9:30 \u2013 11:00 : Panel 1: Loy\u2019s Late Work<br \/>\n<\/strong>Chair: Beno\u00eet Tadi\u00e9 (Universit\u00e9 Paris Nanterre)<\/p>\n<ul>\n<li>Sanja Bahun \u2013 University of Essex<br \/>\n\u201cCommunal Cot: Mina Loy, the Homeless, and the Economy of Discomfort\u201d<\/li>\n<li>Linda Kinnahan \u2013 Duquesne University<br \/>\n\u201c\u2018Shopping with Mina Loy\u2019: The Streets and Flea-Market Economies\u201d<\/li>\n<li>Alex Goody \u2013 Oxford Brookes University<br \/>\n\u201cIncipient Form and Inhuman Affect in Mina Loy\u2019s Late Work\u201d<\/li>\n<\/ul>\n<p><strong>11:00 \u2013 11:30 : Coffee break<\/p>\n<p><\/strong><\/p>\n<p><strong>11:30 \u2013 12:30 : Keynote 1<br \/>\n<\/strong>Chair: Diane Drouin (Sorbonne Universit\u00e9)<\/p>\n<ul>\n<li>Laura Scuriatti \u2013 Bard College Berlin<br \/>\n\u201cMina Loy\u2019s Ephemeral Collectivities, Interrupted Communities\u201d<\/li>\n<\/ul>\n<p><strong>12:30 \u2013 2:00 : Lunch<\/p>\n<p><\/strong><\/p>\n<p><strong>2:00 \u2013 3:00 : Panel 2: Poetry, Art and Craft<br \/>\n<\/strong>Chair: Sanja Bahun (University of Essex)<\/p>\n<ul>\n<li>Bowen Wang \u2013 Trinity College, Dublin<br \/>\n\u201cPortraying the Avant-Garde: Readymade and Painterly Abstraction in Mina Loy\u2019s Art Poems\u201d<\/li>\n<li>Amy Wells \u2013 Universit\u00e9 de Caen Normandie<br \/>\n\u201cMina Loy\u2019s Parisian Lamps: A Case Study for Modernist Craftivism\u201d<\/li>\n<\/ul>\n<p><strong>3:00 \u2013 3:30 : Coffee break<\/p>\n<p><\/strong><\/p>\n<p><strong>3:30 \u2013 4:30 : Panel 3: New Approaches to Loy\u2019s Visual Art<br \/>\n<\/strong>Chair: Juliette Utard (Sorbonne Universit\u00e9)<\/p>\n<ul>\n<li>Anne Goodyear \u2013 Bowdoin College Museum of Art<br \/>\n\u201cReinventing Mina Loy: The Dynamics of Her Visual Art\u201d<\/li>\n<li>Jennifer Gross \u2013 Independent Art Historian and Curator<br \/>\n\u201cTruant of Heaven: The Artist Mina Loy\u201d<\/li>\n<\/ul>\n<p><strong>4:30 \u2013 5:00 : Coffee break<\/p>\n<p><\/strong><\/p>\n<p><strong>5:00 \u2013 6:00 : Panel 4: Loy\u2019s Poetics of Location<br \/>\n<\/strong>Chair: H\u00e9l\u00e8ne Aji (\u00c9cole normale sup\u00e9rieure, Paris)<\/p>\n<ul>\n<li>Karla Kelsey \u2013 Susquehanna University<br \/>\n\u201cA Childhood Composed in Paris\u201d<\/li>\n<li>Mary Ann Caws \u2013 CUNY<br \/>\n\u201cMina Loy and the Poetry of Place\u201d<\/li>\n<\/ul>\n<p><strong>Saturday 9 September, Sorbonne Universit\u00e9<\/strong><br \/>\n<strong>Sorbonne Universit\u00e9 (17 rue de la Sorbonne, 75005 Paris), Amphi Chasles<\/strong><\/p>\n<p><strong>9:30 \u2013 11:00 : Panel 5: Avant-garde Networks<br \/>\n<\/strong>Chair: Linda Kinnahan (Duquesne University)<\/p>\n<ul>\n<li>Eva Isherwood-Wallace \u2013 Queen\u2019s University Belfast<br \/>\n\u201c\u2018Conformed \/ to continent sculpture\u2019: Mina Loy, Laura Riding and Sculptural Modernism\u201d<\/li>\n<li>Johanna Pelikan \u2013 University of Hamburg<br \/>\n\u201cOstracized with Gods in France \u2013 Mina Loy\u2019s Parisian Network as Key to her Aesthetic Theory\u201d<\/li>\n<li>Joanna Makowska \u2013 University of Warsaw<br \/>\n\u201cPoetics of Crisis: Docu-assemblages in the Works of Mina Loy and Kay Boyle\u201d<\/li>\n<\/ul>\n<p><strong>11:00 \u2013 11:30 : Coffee break<\/p>\n<p><\/strong><\/p>\n<p><strong>11:30 \u2013 12:30 : Panel 6: Editing and Networking Loy\u2019s Poetry<br \/>\n<\/strong>Chair: Alex Goody (Oxford Brookes University)<\/p>\n<ul>\n<li>Elise Ottavino \u2013 University of Western Ontario<br \/>\n\u201cResisting the Baedeker: Mina Loy and the Feminist Side of Editing\u201d<\/li>\n<li>Richard Aldersley \u2013 NYU<br \/>\n\u201c\u2018The Long Nightmare\u2019: Mina Loy\u2019s \u2018Anglo-Mongrels and the Rose\u2019 and Networking the Modernist Long Poem\u201d<\/li>\n<\/ul>\n<p><strong>12:30 \u2013 2:30 : Lunch<\/p>\n<p><\/strong><\/p>\n<p><strong>2:30 \u2013 3:30 : Panel 7: Mina Loy and Arthur Cravan<br \/>\n<\/strong>Chair: Olivier Hercend (Universit\u00e9 Paris Nanterre)<\/p>\n<ul>\n<li>Jennifer Ashby \u2013 European University Institute<br \/>\n\u201c\u2018My fatal plurality!\u2019: Mina Loy, Arthur Cravan, and the Remains of Love\u201d<\/li>\n<li>Charlotte Estrade \u2013 Universit\u00e9 Paris-Nanterre<br \/>\n\u201c\u2018I swear to you there is something massive and eternal in me\u2019: Arthur Cravan and Mina Loy\u201d<\/li>\n<\/ul>\n<p><strong>3:30-4-00 : Translating Loy<br \/>\n<\/strong>Chair: Diane Drouin (Sorbonne Universit\u00e9)<\/p>\n<ul>\n<li>Olivier Apert \u2013 Mina Loy\u2019s French translator<br \/>\n\u201cMina Loy : comment parler d\u2019elle pour s\u2019en rapprocher davantage\u201d<\/li>\n<\/ul>\n<p><strong>4:00 \u2013 4:30 : Coffee break<\/p>\n<p><\/strong><\/p>\n<p><strong>4:30 \u2013 5:30 Keynote 2:<br \/>\n<\/strong>Chair: Yasna Bozhkova (Universit\u00e9 Paris Nanterre)<\/p>\n<ul>\n<li>Susan Rosenbaum, University of Georgia<br \/>\n\u201cMina Loy, Modernism, and the Archive\u201d<\/li>\n<\/ul>\n<p><strong>Optional walking tour: Mina Loy\u2019s Paris<\/strong><\/p>\n","protected":false},"excerpt":{"rendered":"<p>Ch\u00e8res et chers coll\u00e8gues, Vous trouverez ci-dessous le programme du colloque international \u201cMina Loy and Her Networks\u201d qui se tiendra [&hellip;]<\/p>\n","protected":false},"author":1,"featured_media":0,"comment_status":"","ping_status":"open","sticky":false,"template":"","format":"standard","meta":{"_uag_custom_page_level_css":"","site-sidebar-layout":"default","site-content-layout":"","ast-site-content-layout":"default","site-content-style":"default","site-sidebar-style":"default","ast-global-header-display":"","ast-banner-title-visibility":"","ast-main-header-display":"","ast-hfb-above-header-display":"","ast-hfb-below-header-display":"","ast-hfb-mobile-header-display":"","site-post-title":"","ast-breadcrumbs-content":"","ast-featured-img":"","footer-sml-layout":"","ast-disable-related-posts":"","theme-transparent-header-meta":"","adv-header-id-meta":"","stick-header-meta":"","header-above-stick-meta":"","header-main-stick-meta":"","header-below-stick-meta":"","astra-migrate-meta-layouts":"default","ast-page-background-enabled":"default","ast-page-background-meta":{"desktop":{"background-color":"var(--ast-global-color-5)","background-image":"","background-repeat":"repeat","background-position":"center center","background-size":"auto","background-attachment":"scroll","background-type":"","background-media":"","overlay-type":"","overlay-color":"","overlay-opacity":"","overlay-gradient":""},"tablet":{"background-color":"","background-image":"","background-repeat":"repeat","background-position":"center center","background-size":"auto","background-attachment":"scroll","background-type":"","background-media":"","overlay-type":"","overlay-color":"","overlay-opacity":"","overlay-gradient":""},"mobile":{"background-color":"","background-image":"","background-repeat":"repeat","background-position":"center center","background-size":"auto","background-attachment":"scroll","background-type":"","background-media":"","overlay-type":"","overlay-color":"","overlay-opacity":"","overlay-gradient":""}},"ast-content-background-meta":{"desktop":{"background-color":"var(--ast-global-color-4)","background-image":"","background-repeat":"repeat","background-position":"center center","background-size":"auto","background-attachment":"scroll","background-type":"","background-media":"","overlay-type":"","overlay-color":"","overlay-opacity":"","overlay-gradient":""},"tablet":{"background-color":"var(--ast-global-color-4)","background-image":"","background-repeat":"repeat","background-position":"center center","background-size":"auto","background-attachment":"scroll","background-type":"","background-media":"","overlay-type":"","overlay-color":"","overlay-opacity":"","overlay-gradient":""},"mobile":{"background-color":"var(--ast-global-color-4)","background-image":"","background-repeat":"repeat","background-position":"center center","background-size":"auto","background-attachment":"scroll","background-type":"","background-media":"","overlay-type":"","overlay-color":"","overlay-opacity":"","overlay-gradient":""}},"_jetpack_memberships_contains_paid_content":false,"footnotes":""},"categories":[568],"tags":[1418,1416,1219,1417],"class_list":["post-3230","post","type-post","status-publish","format-standard","hentry","category-conference-symposium","tag-crafts","tag-mina-loy","tag-modernism","tag-visual-arts"],"jetpack_featured_media_url":"","uagb_featured_image_src":{"full":false,"thumbnail":false,"medium":false,"medium_large":false,"large":false,"1536x1536":false,"2048x2048":false},"uagb_author_info":{"display_name":"Admin","author_link":"https:\/\/afea.fr\/news\/author\/yanb\/"},"uagb_comment_info":0,"uagb_excerpt":"Ch\u00e8res et chers coll\u00e8gues, Vous trouverez ci-dessous le programme du colloque international \u201cMina Loy and Her Networks\u201d qui se tiendra [&hellip;]","jetpack_sharing_enabled":true,"_links":{"self":[{"href":"https:\/\/afea.fr\/news\/wp-json\/wp\/v2\/posts\/3230"}],"collection":[{"href":"https:\/\/afea.fr\/news\/wp-json\/wp\/v2\/posts"}],"about":[{"href":"https:\/\/afea.fr\/news\/wp-json\/wp\/v2\/types\/post"}],"author":[{"embeddable":true,"href":"https:\/\/afea.fr\/news\/wp-json\/wp\/v2\/users\/1"}],"replies":[{"embeddable":true,"href":"https:\/\/afea.fr\/news\/wp-json\/wp\/v2\/comments?post=3230"}],"version-history":[{"count":0,"href":"https:\/\/afea.fr\/news\/wp-json\/wp\/v2\/posts\/3230\/revisions"}],"wp:attachment":[{"href":"https:\/\/afea.fr\/news\/wp-json\/wp\/v2\/media?parent=3230"}],"wp:term":[{"taxonomy":"category","embeddable":true,"href":"https:\/\/afea.fr\/news\/wp-json\/wp\/v2\/categories?post=3230"},{"taxonomy":"post_tag","embeddable":true,"href":"https:\/\/afea.fr\/news\/wp-json\/wp\/v2\/tags?post=3230"}],"curies":[{"name":"wp","href":"https:\/\/api.w.org\/{rel}","templated":true}]}}