{"id":3194,"date":"2023-06-20T09:39:19","date_gmt":"2023-06-20T07:39:19","guid":{"rendered":"https:\/\/afea.fr\/news\/conference-symposium\/coll-ben-lerner-international-conference-in-paris-28-juin-1er-juillet\/3194\/"},"modified":"2023-06-20T09:39:19","modified_gmt":"2023-06-20T07:39:19","slug":"coll-ben-lerner-international-conference-in-paris-28-juin-1er-juillet","status":"publish","type":"post","link":"https:\/\/afea.fr\/news\/conference-symposium\/coll-ben-lerner-international-conference-in-paris-28-juin-1er-juillet\/3194\/","title":{"rendered":"COLL: Ben Lerner International Conference in Paris &#8211; 28 juin-1er juillet"},"content":{"rendered":"<p>Ch\u00e8res et chers coll\u00e8gues,<\/p>\n<p>Le po\u00e8te et romancier nord-am\u00e9ricain Ben Lerner sera \u00e0 Paris <strong>du 29 juin au 1er juillet<\/strong> dans le cadre du colloque qui lui est consacr\u00e9.<br \/>\n3 \u00e9v\u00e9nements publics en sa pr\u00e9sence sont pr\u00e9vus. Le programme peut \u00eatre t\u00e9l\u00e9charg\u00e9 <a href=\"https:\/\/drive.google.com\/file\/d\/1KU-dkQcP74is5M0rxHkggUJgBE3zXO_y\/view?usp=sharing\" title=\"https:\/\/drive.google.com\/file\/d\/1KU-dkQcP74is5M0rxHkggUJgBE3zXO_y\/view?usp=sharing\">ici<\/a> ou consult\u00e9 directement sur le site du colloque en suivant ce lien : <a href=\"https:\/\/benlernerparisconference2023.weebly.com\/\">https:\/\/benlernerparisconference2023.weebly.com\/<\/a><br \/>\nL&rsquo;entr\u00e9e est gratuite mais il est recommand\u00e9 de s&rsquo;inscrire \u00e0 cette adresse :<\/p>\n<p><a href=\"https:\/\/benlernerparisconference2023.weebly.com\/registration.html\">https:\/\/benlernerparisconference2023.weebly.com\/registration.html<\/a><\/p>\n<p>Yannicke Chupin pour le comit\u00e9 d&rsquo;organisation,<br \/>\nKarim Daanoune, Universit\u00e9 Paul Val\u00e9ry Montpellier 3<br \/>\nDaniel Katz, University of Warwick<br \/>\nAnne-Laure Tissut, Universit\u00e9 de Rouen<\/p>\n","protected":false},"excerpt":{"rendered":"<p>Ch\u00e8res et chers coll\u00e8gues, Le po\u00e8te et romancier nord-am\u00e9ricain Ben Lerner sera \u00e0 Paris du 29 juin au 1er juillet [&hellip;]<\/p>\n","protected":false},"author":1,"featured_media":0,"comment_status":"","ping_status":"open","sticky":false,"template":"","format":"standard","meta":{"_uag_custom_page_level_css":"","site-sidebar-layout":"default","site-content-layout":"","ast-site-content-layout":"default","site-content-style":"default","site-sidebar-style":"default","ast-global-header-display":"","ast-banner-title-visibility":"","ast-main-header-display":"","ast-hfb-above-header-display":"","ast-hfb-below-header-display":"","ast-hfb-mobile-header-display":"","site-post-title":"","ast-breadcrumbs-content":"","ast-featured-img":"","footer-sml-layout":"","ast-disable-related-posts":"","theme-transparent-header-meta":"","adv-header-id-meta":"","stick-header-meta":"","header-above-stick-meta":"","header-main-stick-meta":"","header-below-stick-meta":"","astra-migrate-meta-layouts":"default","ast-page-background-enabled":"default","ast-page-background-meta":{"desktop":{"background-color":"var(--ast-global-color-5)","background-image":"","background-repeat":"repeat","background-position":"center center","background-size":"auto","background-attachment":"scroll","background-type":"","background-media":"","overlay-type":"","overlay-color":"","overlay-opacity":"","overlay-gradient":""},"tablet":{"background-color":"","background-image":"","background-repeat":"repeat","background-position":"center center","background-size":"auto","background-attachment":"scroll","background-type":"","background-media":"","overlay-type":"","overlay-color":"","overlay-opacity":"","overlay-gradient":""},"mobile":{"background-color":"","background-image":"","background-repeat":"repeat","background-position":"center center","background-size":"auto","background-attachment":"scroll","background-type":"","background-media":"","overlay-type":"","overlay-color":"","overlay-opacity":"","overlay-gradient":""}},"ast-content-background-meta":{"desktop":{"background-color":"var(--ast-global-color-4)","background-image":"","background-repeat":"repeat","background-position":"center center","background-size":"auto","background-attachment":"scroll","background-type":"","background-media":"","overlay-type":"","overlay-color":"","overlay-opacity":"","overlay-gradient":""},"tablet":{"background-color":"var(--ast-global-color-4)","background-image":"","background-repeat":"repeat","background-position":"center center","background-size":"auto","background-attachment":"scroll","background-type":"","background-media":"","overlay-type":"","overlay-color":"","overlay-opacity":"","overlay-gradient":""},"mobile":{"background-color":"var(--ast-global-color-4)","background-image":"","background-repeat":"repeat","background-position":"center center","background-size":"auto","background-attachment":"scroll","background-type":"","background-media":"","overlay-type":"","overlay-color":"","overlay-opacity":"","overlay-gradient":""}},"_jetpack_memberships_contains_paid_content":false,"footnotes":""},"categories":[568],"tags":[1097,897],"class_list":["post-3194","post","type-post","status-publish","format-standard","hentry","category-conference-symposium","tag-ben-lerner","tag-colloque"],"jetpack_featured_media_url":"","uagb_featured_image_src":{"full":false,"thumbnail":false,"medium":false,"medium_large":false,"large":false,"1536x1536":false,"2048x2048":false},"uagb_author_info":{"display_name":"Admin","author_link":"https:\/\/afea.fr\/news\/author\/yanb\/"},"uagb_comment_info":0,"uagb_excerpt":"Ch\u00e8res et chers coll\u00e8gues, Le po\u00e8te et romancier nord-am\u00e9ricain Ben Lerner sera \u00e0 Paris du 29 juin au 1er juillet [&hellip;]","jetpack_sharing_enabled":true,"_links":{"self":[{"href":"https:\/\/afea.fr\/news\/wp-json\/wp\/v2\/posts\/3194"}],"collection":[{"href":"https:\/\/afea.fr\/news\/wp-json\/wp\/v2\/posts"}],"about":[{"href":"https:\/\/afea.fr\/news\/wp-json\/wp\/v2\/types\/post"}],"author":[{"embeddable":true,"href":"https:\/\/afea.fr\/news\/wp-json\/wp\/v2\/users\/1"}],"replies":[{"embeddable":true,"href":"https:\/\/afea.fr\/news\/wp-json\/wp\/v2\/comments?post=3194"}],"version-history":[{"count":0,"href":"https:\/\/afea.fr\/news\/wp-json\/wp\/v2\/posts\/3194\/revisions"}],"wp:attachment":[{"href":"https:\/\/afea.fr\/news\/wp-json\/wp\/v2\/media?parent=3194"}],"wp:term":[{"taxonomy":"category","embeddable":true,"href":"https:\/\/afea.fr\/news\/wp-json\/wp\/v2\/categories?post=3194"},{"taxonomy":"post_tag","embeddable":true,"href":"https:\/\/afea.fr\/news\/wp-json\/wp\/v2\/tags?post=3194"}],"curies":[{"name":"wp","href":"https:\/\/api.w.org\/{rel}","templated":true}]}}