{"id":3193,"date":"2023-06-20T09:38:31","date_gmt":"2023-06-20T07:38:31","guid":{"rendered":"https:\/\/afea.fr\/news\/conference-symposium\/annonce-colloque-international-roman-policier-et-democratie-22-24-juin-universite-paris-nanterre-et-bili-po\/3193\/"},"modified":"2023-06-20T09:38:31","modified_gmt":"2023-06-20T07:38:31","slug":"annonce-colloque-international-roman-policier-et-democratie-22-24-juin-universite-paris-nanterre-et-bili-po","status":"publish","type":"post","link":"https:\/\/afea.fr\/news\/conference-symposium\/annonce-colloque-international-roman-policier-et-democratie-22-24-juin-universite-paris-nanterre-et-bili-po\/3193\/","title":{"rendered":"Annonce colloque international: ROMAN POLICIER ET DEMOCRATIE, 22-24 juin, Universit\u00e9 Paris Nanterre et BiLi Po"},"content":{"rendered":"<p>Ch\u00e8res coll\u00e8gues, chers coll\u00e8gues,<\/p>\n<p>Vous \u00eates cordialement invit\u00e9s \u00e0 assister au colloque international, \u00a0\u00bb ROMAN POLICIER ET DEMOCRATIE\u00a0\u00bb, organis\u00e9 par le CREA (Universit\u00e9 Paris Nanterre) et Queen\u2019s University Belfast avec le soutien du CRPM (Universit\u00e9 Paris Nanterre) et de la Biblioth\u00e8que des Litt\u00e9ratures Polici\u00e8res (BiLiPo). Il se tiendra les 22 et 23 juin \u00e0 l&rsquo;Universit\u00e9 Paris Nanterre (b\u00e2timent Weber, amphith\u00e9\u00e2tre) et le 24 juin \u00e0 la BiLiPo (46-48, rue du Cardinal Lemoine,75005 Paris).<\/p>\n<p>Le programme, les r\u00e9sum\u00e9s des communications et les renseignements pratiques sont disponibles sur la page du colloque: <a href=\"https:\/\/crea.parisnanterre.fr\/colloques-et-journees-detude\/colloque-international-roman-policier-et-democratie-1\">https:\/\/crea.parisnanterre.fr\/colloques-et-journees-detude\/colloque-international-roman-policier-et-democratie-1<\/a><\/p>\n<p>Le nombre de places \u00e0 la BiLiPo \u00e9tant limit\u00e9, les personnes souhaitant assister \u00e0 la journ\u00e9e du 24 juin sont pri\u00e9es de s\u2019inscrire en \u00e9crivant \u00e0 benoit.tadie<\/p>\n<p>Le comit\u00e9 organisateur,<\/p>\n<p>Dominique Jeannerod, Andrew Pepper, Beno\u00eet Tadi\u00e9<\/p>\n","protected":false},"excerpt":{"rendered":"<p>Ch\u00e8res coll\u00e8gues, chers coll\u00e8gues, Vous \u00eates cordialement invit\u00e9s \u00e0 assister au colloque international, \u00a0\u00bb ROMAN POLICIER ET DEMOCRATIE\u00a0\u00bb, organis\u00e9 par [&hellip;]<\/p>\n","protected":false},"author":1,"featured_media":0,"comment_status":"","ping_status":"open","sticky":false,"template":"","format":"standard","meta":{"_uag_custom_page_level_css":"","site-sidebar-layout":"default","site-content-layout":"","ast-site-content-layout":"default","site-content-style":"default","site-sidebar-style":"default","ast-global-header-display":"","ast-banner-title-visibility":"","ast-main-header-display":"","ast-hfb-above-header-display":"","ast-hfb-below-header-display":"","ast-hfb-mobile-header-display":"","site-post-title":"","ast-breadcrumbs-content":"","ast-featured-img":"","footer-sml-layout":"","ast-disable-related-posts":"","theme-transparent-header-meta":"","adv-header-id-meta":"","stick-header-meta":"","header-above-stick-meta":"","header-main-stick-meta":"","header-below-stick-meta":"","astra-migrate-meta-layouts":"default","ast-page-background-enabled":"default","ast-page-background-meta":{"desktop":{"background-color":"var(--ast-global-color-5)","background-image":"","background-repeat":"repeat","background-position":"center center","background-size":"auto","background-attachment":"scroll","background-type":"","background-media":"","overlay-type":"","overlay-color":"","overlay-opacity":"","overlay-gradient":""},"tablet":{"background-color":"","background-image":"","background-repeat":"repeat","background-position":"center center","background-size":"auto","background-attachment":"scroll","background-type":"","background-media":"","overlay-type":"","overlay-color":"","overlay-opacity":"","overlay-gradient":""},"mobile":{"background-color":"","background-image":"","background-repeat":"repeat","background-position":"center center","background-size":"auto","background-attachment":"scroll","background-type":"","background-media":"","overlay-type":"","overlay-color":"","overlay-opacity":"","overlay-gradient":""}},"ast-content-background-meta":{"desktop":{"background-color":"var(--ast-global-color-4)","background-image":"","background-repeat":"repeat","background-position":"center center","background-size":"auto","background-attachment":"scroll","background-type":"","background-media":"","overlay-type":"","overlay-color":"","overlay-opacity":"","overlay-gradient":""},"tablet":{"background-color":"var(--ast-global-color-4)","background-image":"","background-repeat":"repeat","background-position":"center center","background-size":"auto","background-attachment":"scroll","background-type":"","background-media":"","overlay-type":"","overlay-color":"","overlay-opacity":"","overlay-gradient":""},"mobile":{"background-color":"var(--ast-global-color-4)","background-image":"","background-repeat":"repeat","background-position":"center center","background-size":"auto","background-attachment":"scroll","background-type":"","background-media":"","overlay-type":"","overlay-color":"","overlay-opacity":"","overlay-gradient":""}},"_jetpack_memberships_contains_paid_content":false,"footnotes":""},"categories":[568],"tags":[1067,1264,875,1407],"class_list":["post-3193","post","type-post","status-publish","format-standard","hentry","category-conference-symposium","tag-crea","tag-democratie","tag-nanterre","tag-roman-policier"],"jetpack_featured_media_url":"","uagb_featured_image_src":{"full":false,"thumbnail":false,"medium":false,"medium_large":false,"large":false,"1536x1536":false,"2048x2048":false},"uagb_author_info":{"display_name":"Admin","author_link":"https:\/\/afea.fr\/news\/author\/yanb\/"},"uagb_comment_info":0,"uagb_excerpt":"Ch\u00e8res coll\u00e8gues, chers coll\u00e8gues, Vous \u00eates cordialement invit\u00e9s \u00e0 assister au colloque international, \u00a0\u00bb ROMAN POLICIER ET DEMOCRATIE\u00a0\u00bb, organis\u00e9 par [&hellip;]","jetpack_sharing_enabled":true,"_links":{"self":[{"href":"https:\/\/afea.fr\/news\/wp-json\/wp\/v2\/posts\/3193"}],"collection":[{"href":"https:\/\/afea.fr\/news\/wp-json\/wp\/v2\/posts"}],"about":[{"href":"https:\/\/afea.fr\/news\/wp-json\/wp\/v2\/types\/post"}],"author":[{"embeddable":true,"href":"https:\/\/afea.fr\/news\/wp-json\/wp\/v2\/users\/1"}],"replies":[{"embeddable":true,"href":"https:\/\/afea.fr\/news\/wp-json\/wp\/v2\/comments?post=3193"}],"version-history":[{"count":0,"href":"https:\/\/afea.fr\/news\/wp-json\/wp\/v2\/posts\/3193\/revisions"}],"wp:attachment":[{"href":"https:\/\/afea.fr\/news\/wp-json\/wp\/v2\/media?parent=3193"}],"wp:term":[{"taxonomy":"category","embeddable":true,"href":"https:\/\/afea.fr\/news\/wp-json\/wp\/v2\/categories?post=3193"},{"taxonomy":"post_tag","embeddable":true,"href":"https:\/\/afea.fr\/news\/wp-json\/wp\/v2\/tags?post=3193"}],"curies":[{"name":"wp","href":"https:\/\/api.w.org\/{rel}","templated":true}]}}