{"id":3191,"date":"2023-06-20T09:34:54","date_gmt":"2023-06-20T07:34:54","guid":{"rendered":"https:\/\/afea.fr\/news\/conference-symposium\/conf-nabokov-writing-nature-lausanne-june-26-30-2023-programme-en-ligne\/3191\/"},"modified":"2023-06-20T09:34:54","modified_gmt":"2023-06-20T07:34:54","slug":"conf-nabokov-writing-nature-lausanne-june-26-30-2023-programme-en-ligne","status":"publish","type":"post","link":"https:\/\/afea.fr\/news\/conference-symposium\/conf-nabokov-writing-nature-lausanne-june-26-30-2023-programme-en-ligne\/3191\/","title":{"rendered":"CONF Nabokov: Writing Nature Lausanne June 26-30, 2023 (programme en ligne)"},"content":{"rendered":"<p>Cher.e.s coll\u00e8gues,<\/p>\n<p>Le programme finalis\u00e9 du colloque international Vladimir Nabokov: Ecrire la Nature \/ Writing Nature, qui aura lieu \u00e0 Lausanne du 26 au 30 juin prochains est en ligne sur le site de la Soci\u00e9t\u00e9 Fran\u00e7aise Vladimir Nabokov:<\/p>\n<p><a href=\"https:\/\/www.vladimir-nabokov.org\/colloque-2023-nabokov-ecrire-la-nature-writing-nature\/\">https:\/\/www.vladimir-nabokov.org\/colloque-2023-nabokov-ecrire-la-nature-writing-nature\/<br \/>\n<\/a><br \/>\nBien cordialement,<\/p>\n<p>Marie Bouchet<br \/>\nMa\u00eetre de Conf\u00e9rences HDR en Litt\u00e9rature et Arts des \u00c9tats-Unis<br \/>\nD\u00e9partement des Etudes du Monde Anglophone<br \/>\nCAS &#8211; Centre for Anglophone Studies<br \/>\nUniversit\u00e9 de Toulouse 2 Jean Jaur\u00e8s<br \/>\n5 all\u00e9es Antonio Machado<br \/>\n31058 Toulouse Cedex 9<\/p>\n<p>Vice-President of the International Vladimir Nabokov Society<br \/>\n<a href=\"https:\/\/www.thenabokovian.org\/\">www.thenabokovian.org<\/a><br \/>\nTr\u00e9sori\u00e8re de la Soci\u00e9t\u00e9 Fran\u00e7aise Vladimir Nabokov<br \/>\n<a href=\"https:\/\/www.vladimir-nabokov.org\/\">www.vladimir-nabokov.org<\/a><br \/>\nResponsable Litt\u00e9rature am\u00e9ricaine pour <em>Miranda<\/em><\/p>\n<p><a href=\"https:\/\/journals.openedition.org\/miranda\/\">https:\/\/journals.openedition.org\/miranda\/<\/a><\/p>\n","protected":false},"excerpt":{"rendered":"<p>Cher.e.s coll\u00e8gues, Le programme finalis\u00e9 du colloque international Vladimir Nabokov: Ecrire la Nature \/ Writing Nature, qui aura lieu \u00e0 [&hellip;]<\/p>\n","protected":false},"author":1,"featured_media":0,"comment_status":"","ping_status":"open","sticky":false,"template":"","format":"standard","meta":{"_uag_custom_page_level_css":"","site-sidebar-layout":"default","site-content-layout":"","ast-site-content-layout":"default","site-content-style":"default","site-sidebar-style":"default","ast-global-header-display":"","ast-banner-title-visibility":"","ast-main-header-display":"","ast-hfb-above-header-display":"","ast-hfb-below-header-display":"","ast-hfb-mobile-header-display":"","site-post-title":"","ast-breadcrumbs-content":"","ast-featured-img":"","footer-sml-layout":"","ast-disable-related-posts":"","theme-transparent-header-meta":"","adv-header-id-meta":"","stick-header-meta":"","header-above-stick-meta":"","header-main-stick-meta":"","header-below-stick-meta":"","astra-migrate-meta-layouts":"default","ast-page-background-enabled":"default","ast-page-background-meta":{"desktop":{"background-color":"var(--ast-global-color-5)","background-image":"","background-repeat":"repeat","background-position":"center center","background-size":"auto","background-attachment":"scroll","background-type":"","background-media":"","overlay-type":"","overlay-color":"","overlay-opacity":"","overlay-gradient":""},"tablet":{"background-color":"","background-image":"","background-repeat":"repeat","background-position":"center center","background-size":"auto","background-attachment":"scroll","background-type":"","background-media":"","overlay-type":"","overlay-color":"","overlay-opacity":"","overlay-gradient":""},"mobile":{"background-color":"","background-image":"","background-repeat":"repeat","background-position":"center center","background-size":"auto","background-attachment":"scroll","background-type":"","background-media":"","overlay-type":"","overlay-color":"","overlay-opacity":"","overlay-gradient":""}},"ast-content-background-meta":{"desktop":{"background-color":"var(--ast-global-color-4)","background-image":"","background-repeat":"repeat","background-position":"center center","background-size":"auto","background-attachment":"scroll","background-type":"","background-media":"","overlay-type":"","overlay-color":"","overlay-opacity":"","overlay-gradient":""},"tablet":{"background-color":"var(--ast-global-color-4)","background-image":"","background-repeat":"repeat","background-position":"center center","background-size":"auto","background-attachment":"scroll","background-type":"","background-media":"","overlay-type":"","overlay-color":"","overlay-opacity":"","overlay-gradient":""},"mobile":{"background-color":"var(--ast-global-color-4)","background-image":"","background-repeat":"repeat","background-position":"center center","background-size":"auto","background-attachment":"scroll","background-type":"","background-media":"","overlay-type":"","overlay-color":"","overlay-opacity":"","overlay-gradient":""}},"_jetpack_memberships_contains_paid_content":false,"footnotes":""},"categories":[568],"tags":[1403,601,387],"class_list":["post-3191","post","type-post","status-publish","format-standard","hentry","category-conference-symposium","tag-colloque-international","tag-nabokov","tag-nature"],"jetpack_featured_media_url":"","uagb_featured_image_src":{"full":false,"thumbnail":false,"medium":false,"medium_large":false,"large":false,"1536x1536":false,"2048x2048":false},"uagb_author_info":{"display_name":"Admin","author_link":"https:\/\/afea.fr\/news\/author\/yanb\/"},"uagb_comment_info":0,"uagb_excerpt":"Cher.e.s coll\u00e8gues, Le programme finalis\u00e9 du colloque international Vladimir Nabokov: Ecrire la Nature \/ Writing Nature, qui aura lieu \u00e0 [&hellip;]","jetpack_sharing_enabled":true,"_links":{"self":[{"href":"https:\/\/afea.fr\/news\/wp-json\/wp\/v2\/posts\/3191"}],"collection":[{"href":"https:\/\/afea.fr\/news\/wp-json\/wp\/v2\/posts"}],"about":[{"href":"https:\/\/afea.fr\/news\/wp-json\/wp\/v2\/types\/post"}],"author":[{"embeddable":true,"href":"https:\/\/afea.fr\/news\/wp-json\/wp\/v2\/users\/1"}],"replies":[{"embeddable":true,"href":"https:\/\/afea.fr\/news\/wp-json\/wp\/v2\/comments?post=3191"}],"version-history":[{"count":0,"href":"https:\/\/afea.fr\/news\/wp-json\/wp\/v2\/posts\/3191\/revisions"}],"wp:attachment":[{"href":"https:\/\/afea.fr\/news\/wp-json\/wp\/v2\/media?parent=3191"}],"wp:term":[{"taxonomy":"category","embeddable":true,"href":"https:\/\/afea.fr\/news\/wp-json\/wp\/v2\/categories?post=3191"},{"taxonomy":"post_tag","embeddable":true,"href":"https:\/\/afea.fr\/news\/wp-json\/wp\/v2\/tags?post=3191"}],"curies":[{"name":"wp","href":"https:\/\/api.w.org\/{rel}","templated":true}]}}