{"id":3178,"date":"2023-06-20T09:24:38","date_gmt":"2023-06-20T07:24:38","guid":{"rendered":"https:\/\/afea.fr\/news\/other-news\/poste-ater-civilisation-us-universite-de-nimes\/3178\/"},"modified":"2023-06-20T09:24:38","modified_gmt":"2023-06-20T07:24:38","slug":"poste-ater-civilisation-us-universite-de-nimes","status":"publish","type":"post","link":"https:\/\/afea.fr\/news\/other-news\/poste-ater-civilisation-us-universite-de-nimes\/3178\/","title":{"rendered":"Poste ATER civilisation US &#8211; Universit\u00e9 de N\u00eemes"},"content":{"rendered":"<p>Ch\u00e8res et chers coll\u00e8gues,<\/p>\n<p>L&rsquo;universit\u00e9 de N\u00eemes recrute un ou une ATER en civilisation \u00e9tats-unienne pour la rentr\u00e9e 2023-2024.<\/p>\n<p>La personne recrut\u00e9e devra assurer l&rsquo;enseignement de la civilisation des Etats-Unis aux trois niveaux de la licence LLCER Anglais. La dur\u00e9e du contrat est d&rsquo;un an.<br \/>\nLa date limite pour candidater <strong>est le 27 juin<\/strong>.<\/p>\n<p>Le lien pour candidater n&rsquo;appara\u00eetra cependant sur le site de l&rsquo;universit\u00e9 (page \u00ab\u00a0Recrutements\u00a0\u00bb) qu&rsquo;\u00e0 <strong>partir du 20 juin.<\/strong><\/p>\n<p><strong>Merci d&rsquo;envoyer toute question \u00e0 l&rsquo;adresse suivante : sylvain.belluc<\/strong><\/p>\n<p><strong>D\u00e9tails du poste :<\/strong><\/p>\n<p>Profil enseignement : Le\/la candidat(e) recrute\u0301(e) devra assurer l\u2019enseignement de la civilisation e\u0301tats-unienne moderne et contemporaine aux trois niveaux de la licence LLCER Anglais. Ses cours traiteront tant de l\u2019histoire des E\u0301tats-Unis depuis la cre\u0301ation du pays que des grandes questions politiques, sociales, e\u0301conomiques et culturelles qui l\u2019agitent aujourd\u2019hui. Une volonte\u0301 affirme\u0301e de varier les supports d\u2019e\u0301tude et d\u2019initier les e\u0301tudiants aux proble\u0300mes pose\u0301s par les partis-pris ide\u0301ologiques des me\u0301dias ame\u0301ricains contemporains sera appre\u0301cie\u0301e, de me\u0302me qu\u2019un inte\u0301re\u0302t marque\u0301 pour les strate\u0301gies pe\u0301dagogiques innovantes, telles que les serious games ou la classe inverse\u0301e. Par ailleurs, la charge d\u2019enseignement de l\u2019ATER recrute\u0301(e) comprendra un volet me\u0301thodologique essentiel, puisqu\u2019il s\u2019agira non seulement de familiariser les e\u0301tudiants avec les exercices universitaires traditionnels que sont la dissertation et le commentaire de texte, mais de les former aux diffe\u0301rents types de prise de parole en public auxquelles ils pourraient e\u0302tre amene\u0301s a\u0300 faire usage au cours de leur carrie\u0300re.<br \/>\nParalle\u0300lement a\u0300 ces cours de spe\u0301cialite\u0301, le service de l\u2019ATER recrute\u0301(e) comprendra un cours de traduction spe\u0301cialise\u0301e.<\/p>\n<p>Profil recherche : L\u2019ATER en civilisation ame\u0301ricaine renforcera les e\u0301quipes transdisciplinaires de chercheurs d\u2019EMMA (E\u0301tudes Montpellie\u0301raines du Monde Anglophone). Son activite\u0301 de recherche viendra enrichir les travaux des membres de l\u2019axe \u00ab Mate\u0301rialite\u0301s \u00bb qui, dans le sillage des penseurs du courant ne\u0301o-mate\u0301rialiste, s\u2019inte\u0301ressent a\u0300 l\u2019aspect anime\u0301 et vibrant de la matie\u0300re, laquelle est vue comme le sie\u0300ge d\u2019une agentivite\u0301 propre. Cette approche biopolitique et bioe\u0301thique implique la prise en compte des relations complexes entre l\u2019humain et son environnement a\u0300 travers l\u2019e\u0301tude de the\u0301matiques telles que l\u2019Anthropoce\u0300ne, la vulne\u0301rabilite\u0301 des paysages ou le trauma des migrations.<br \/>\nParalle\u0300lement a\u0300 cette activite\u0301, et dans le but de favoriser la transversalite\u0301 des approches entre les diffe\u0301rents axes du laboratoire, l\u2019ATER recrute\u0301(e) pourra e\u0301galement contribuer a\u0300 l\u2019e\u0301mergence et au de\u0301veloppement de projets aux co\u0302te\u0301s des membres de l\u2019axe \u00ab Faire commun \u00bb, qui s\u2019interrogent sur les e\u0301preuves et les e\u0301changes a\u0300 travers lesquels le commun prend forme ainsi que sur les repre\u0301sentations ou formes d\u2019expression qui lui confe\u0300rent un sens.<\/p>\n<p>Bien cordialement,<\/p>\n<p>Lawrence Aje<\/p>\n","protected":false},"excerpt":{"rendered":"<p>Ch\u00e8res et chers coll\u00e8gues, L&rsquo;universit\u00e9 de N\u00eemes recrute un ou une ATER en civilisation \u00e9tats-unienne pour la rentr\u00e9e 2023-2024. La [&hellip;]<\/p>\n","protected":false},"author":1,"featured_media":0,"comment_status":"","ping_status":"open","sticky":false,"template":"","format":"standard","meta":{"_uag_custom_page_level_css":"","site-sidebar-layout":"default","site-content-layout":"","ast-site-content-layout":"default","site-content-style":"default","site-sidebar-style":"default","ast-global-header-display":"","ast-banner-title-visibility":"","ast-main-header-display":"","ast-hfb-above-header-display":"","ast-hfb-below-header-display":"","ast-hfb-mobile-header-display":"","site-post-title":"","ast-breadcrumbs-content":"","ast-featured-img":"","footer-sml-layout":"","ast-disable-related-posts":"","theme-transparent-header-meta":"","adv-header-id-meta":"","stick-header-meta":"","header-above-stick-meta":"","header-main-stick-meta":"","header-below-stick-meta":"","astra-migrate-meta-layouts":"default","ast-page-background-enabled":"default","ast-page-background-meta":{"desktop":{"background-color":"var(--ast-global-color-5)","background-image":"","background-repeat":"repeat","background-position":"center center","background-size":"auto","background-attachment":"scroll","background-type":"","background-media":"","overlay-type":"","overlay-color":"","overlay-opacity":"","overlay-gradient":""},"tablet":{"background-color":"","background-image":"","background-repeat":"repeat","background-position":"center center","background-size":"auto","background-attachment":"scroll","background-type":"","background-media":"","overlay-type":"","overlay-color":"","overlay-opacity":"","overlay-gradient":""},"mobile":{"background-color":"","background-image":"","background-repeat":"repeat","background-position":"center center","background-size":"auto","background-attachment":"scroll","background-type":"","background-media":"","overlay-type":"","overlay-color":"","overlay-opacity":"","overlay-gradient":""}},"ast-content-background-meta":{"desktop":{"background-color":"var(--ast-global-color-4)","background-image":"","background-repeat":"repeat","background-position":"center center","background-size":"auto","background-attachment":"scroll","background-type":"","background-media":"","overlay-type":"","overlay-color":"","overlay-opacity":"","overlay-gradient":""},"tablet":{"background-color":"var(--ast-global-color-4)","background-image":"","background-repeat":"repeat","background-position":"center center","background-size":"auto","background-attachment":"scroll","background-type":"","background-media":"","overlay-type":"","overlay-color":"","overlay-opacity":"","overlay-gradient":""},"mobile":{"background-color":"var(--ast-global-color-4)","background-image":"","background-repeat":"repeat","background-position":"center center","background-size":"auto","background-attachment":"scroll","background-type":"","background-media":"","overlay-type":"","overlay-color":"","overlay-opacity":"","overlay-gradient":""}},"_jetpack_memberships_contains_paid_content":false,"footnotes":""},"categories":[119],"tags":[781,788,177,664,1381],"class_list":["post-3178","post","type-post","status-publish","format-standard","hentry","category-other-news","tag-ater","tag-civilisation","tag-job","tag-llcer","tag-nimes"],"jetpack_featured_media_url":"","uagb_featured_image_src":{"full":false,"thumbnail":false,"medium":false,"medium_large":false,"large":false,"1536x1536":false,"2048x2048":false},"uagb_author_info":{"display_name":"Admin","author_link":"https:\/\/afea.fr\/news\/author\/yanb\/"},"uagb_comment_info":0,"uagb_excerpt":"Ch\u00e8res et chers coll\u00e8gues, L&rsquo;universit\u00e9 de N\u00eemes recrute un ou une ATER en civilisation \u00e9tats-unienne pour la rentr\u00e9e 2023-2024. La [&hellip;]","jetpack_sharing_enabled":true,"_links":{"self":[{"href":"https:\/\/afea.fr\/news\/wp-json\/wp\/v2\/posts\/3178"}],"collection":[{"href":"https:\/\/afea.fr\/news\/wp-json\/wp\/v2\/posts"}],"about":[{"href":"https:\/\/afea.fr\/news\/wp-json\/wp\/v2\/types\/post"}],"author":[{"embeddable":true,"href":"https:\/\/afea.fr\/news\/wp-json\/wp\/v2\/users\/1"}],"replies":[{"embeddable":true,"href":"https:\/\/afea.fr\/news\/wp-json\/wp\/v2\/comments?post=3178"}],"version-history":[{"count":0,"href":"https:\/\/afea.fr\/news\/wp-json\/wp\/v2\/posts\/3178\/revisions"}],"wp:attachment":[{"href":"https:\/\/afea.fr\/news\/wp-json\/wp\/v2\/media?parent=3178"}],"wp:term":[{"taxonomy":"category","embeddable":true,"href":"https:\/\/afea.fr\/news\/wp-json\/wp\/v2\/categories?post=3178"},{"taxonomy":"post_tag","embeddable":true,"href":"https:\/\/afea.fr\/news\/wp-json\/wp\/v2\/tags?post=3178"}],"curies":[{"name":"wp","href":"https:\/\/api.w.org\/{rel}","templated":true}]}}