{"id":3160,"date":"2023-06-14T07:55:01","date_gmt":"2023-06-14T05:55:01","guid":{"rendered":"https:\/\/afea.fr\/news\/cfp\/je-doctorants-jeunes-chercheurs-enjeux-memoriels-et-identitaires-dans-le-monde-anglophone-depuis-1945\/3160\/"},"modified":"2023-06-14T07:58:10","modified_gmt":"2023-06-14T05:58:10","slug":"je-doctorants-jeunes-chercheurs-enjeux-memoriels-et-identitaires-dans-le-monde-anglophone-depuis-1945","status":"publish","type":"post","link":"https:\/\/afea.fr\/news\/cfp\/je-doctorants-jeunes-chercheurs-enjeux-memoriels-et-identitaires-dans-le-monde-anglophone-depuis-1945\/3160\/","title":{"rendered":"JE doctorants\/jeunes chercheurs \u00ab\u00a0Enjeux m\u00e9moriels et identitaires dans le monde anglophone depuis 1945\u00a0\u00bb"},"content":{"rendered":"<p>Ch\u00e8res et chers coll\u00e8gues,<\/p>\n<p>Une journ\u00e9e d&rsquo;\u00e9tude d\u00e9di\u00e9e aux doctorant.es et jeunes chercheur.euses se tiendra \u00e0 l&rsquo;UPJV (Amiens) <strong>le 27 Octobre 2023<\/strong> et sera consacr\u00e9e \u00e0 la th\u00e9matique suivante : \u00ab Enjeux m\u00e9moriels et identitaires dans le monde anglophone depuis 1945: approche transdisciplinaire des marges et du <em>mainstream<\/em> \u00bb \/ \u00ab\u00a0Memory and identity in the English-speaking world since 1945: transdisciplinary perspectives on the margins and the mainstream\u00a0\u00bb. L&rsquo;historienne Sarah Dunstan (University of Glasgow) sera la <em>keynote speaker<\/em>.<\/p>\n<p><a href=\"https:\/\/www.u-picardie.fr\/unites-de-recherche\/corpus\/journee-d-etudes-enjeux-memoriels-et-identitaires-dans-le-monde-anglophone-depuis-1945-approche-transdisciplinaire-des-marges-et-du-mainstream-686491.kjsp?RH=1411034964454\">Le CFP est disponible en anglais et en fran\u00e7ais \u00e0 cette adresse<\/a><\/p>\n<p>Des propositions (en fran\u00e7ais ou en anglais) sont attendues pour le <strong>21 juin 2023 <\/strong>\u00e0 l&rsquo;adresse suivante : marginstomainstream2023<\/p>\n<p>Bien \u00e0 vous,<\/p>\n<p>Astrid Maes, de la part de l&rsquo;\u00e9quipe organisatrice (Amal El Founti, Ana\u00efs Makhzoum et Ana\u00efs Nzelomona).<\/p>\n","protected":false},"excerpt":{"rendered":"<p>Ch\u00e8res et chers coll\u00e8gues, Une journ\u00e9e d&rsquo;\u00e9tude d\u00e9di\u00e9e aux doctorant.es et jeunes chercheur.euses se tiendra \u00e0 l&rsquo;UPJV (Amiens) le 27 [&hellip;]<\/p>\n","protected":false},"author":1,"featured_media":0,"comment_status":"closed","ping_status":"open","sticky":false,"template":"","format":"standard","meta":{"_uag_custom_page_level_css":"","site-sidebar-layout":"default","site-content-layout":"","ast-site-content-layout":"default","site-content-style":"default","site-sidebar-style":"default","ast-global-header-display":"","ast-banner-title-visibility":"","ast-main-header-display":"","ast-hfb-above-header-display":"","ast-hfb-below-header-display":"","ast-hfb-mobile-header-display":"","site-post-title":"","ast-breadcrumbs-content":"","ast-featured-img":"","footer-sml-layout":"","ast-disable-related-posts":"","theme-transparent-header-meta":"","adv-header-id-meta":"","stick-header-meta":"","header-above-stick-meta":"","header-main-stick-meta":"","header-below-stick-meta":"","astra-migrate-meta-layouts":"default","ast-page-background-enabled":"default","ast-page-background-meta":{"desktop":{"background-color":"var(--ast-global-color-5)","background-image":"","background-repeat":"repeat","background-position":"center center","background-size":"auto","background-attachment":"scroll","background-type":"","background-media":"","overlay-type":"","overlay-color":"","overlay-opacity":"","overlay-gradient":""},"tablet":{"background-color":"","background-image":"","background-repeat":"repeat","background-position":"center center","background-size":"auto","background-attachment":"scroll","background-type":"","background-media":"","overlay-type":"","overlay-color":"","overlay-opacity":"","overlay-gradient":""},"mobile":{"background-color":"","background-image":"","background-repeat":"repeat","background-position":"center center","background-size":"auto","background-attachment":"scroll","background-type":"","background-media":"","overlay-type":"","overlay-color":"","overlay-opacity":"","overlay-gradient":""}},"ast-content-background-meta":{"desktop":{"background-color":"var(--ast-global-color-4)","background-image":"","background-repeat":"repeat","background-position":"center center","background-size":"auto","background-attachment":"scroll","background-type":"","background-media":"","overlay-type":"","overlay-color":"","overlay-opacity":"","overlay-gradient":""},"tablet":{"background-color":"var(--ast-global-color-4)","background-image":"","background-repeat":"repeat","background-position":"center center","background-size":"auto","background-attachment":"scroll","background-type":"","background-media":"","overlay-type":"","overlay-color":"","overlay-opacity":"","overlay-gradient":""},"mobile":{"background-color":"var(--ast-global-color-4)","background-image":"","background-repeat":"repeat","background-position":"center center","background-size":"auto","background-attachment":"scroll","background-type":"","background-media":"","overlay-type":"","overlay-color":"","overlay-opacity":"","overlay-gradient":""}},"_jetpack_memberships_contains_paid_content":false,"footnotes":""},"categories":[99],"tags":[1380,445,1376,794,1084,1064],"class_list":["post-3160","post","type-post","status-publish","format-standard","hentry","category-cfp","tag-amiens","tag-identite","tag-je-doctorante","tag-jeunes-chercheurs","tag-marges","tag-memoire"],"jetpack_featured_media_url":"","uagb_featured_image_src":{"full":false,"thumbnail":false,"medium":false,"medium_large":false,"large":false,"1536x1536":false,"2048x2048":false},"uagb_author_info":{"display_name":"Admin","author_link":"https:\/\/afea.fr\/news\/author\/yanb\/"},"uagb_comment_info":0,"uagb_excerpt":"Ch\u00e8res et chers coll\u00e8gues, Une journ\u00e9e d&rsquo;\u00e9tude d\u00e9di\u00e9e aux doctorant.es et jeunes chercheur.euses se tiendra \u00e0 l&rsquo;UPJV (Amiens) le 27 [&hellip;]","jetpack_sharing_enabled":true,"_links":{"self":[{"href":"https:\/\/afea.fr\/news\/wp-json\/wp\/v2\/posts\/3160"}],"collection":[{"href":"https:\/\/afea.fr\/news\/wp-json\/wp\/v2\/posts"}],"about":[{"href":"https:\/\/afea.fr\/news\/wp-json\/wp\/v2\/types\/post"}],"author":[{"embeddable":true,"href":"https:\/\/afea.fr\/news\/wp-json\/wp\/v2\/users\/1"}],"replies":[{"embeddable":true,"href":"https:\/\/afea.fr\/news\/wp-json\/wp\/v2\/comments?post=3160"}],"version-history":[{"count":1,"href":"https:\/\/afea.fr\/news\/wp-json\/wp\/v2\/posts\/3160\/revisions"}],"predecessor-version":[{"id":3163,"href":"https:\/\/afea.fr\/news\/wp-json\/wp\/v2\/posts\/3160\/revisions\/3163"}],"wp:attachment":[{"href":"https:\/\/afea.fr\/news\/wp-json\/wp\/v2\/media?parent=3160"}],"wp:term":[{"taxonomy":"category","embeddable":true,"href":"https:\/\/afea.fr\/news\/wp-json\/wp\/v2\/categories?post=3160"},{"taxonomy":"post_tag","embeddable":true,"href":"https:\/\/afea.fr\/news\/wp-json\/wp\/v2\/tags?post=3160"}],"curies":[{"name":"wp","href":"https:\/\/api.w.org\/{rel}","templated":true}]}}