{"id":3157,"date":"2023-06-14T07:49:42","date_gmt":"2023-06-14T05:49:42","guid":{"rendered":"https:\/\/afea.fr\/news\/other-news\/job-vacations-icp\/3157\/"},"modified":"2023-06-14T07:56:50","modified_gmt":"2023-06-14T05:56:50","slug":"job-vacations-icp","status":"publish","type":"post","link":"https:\/\/afea.fr\/news\/other-news\/job-vacations-icp\/3157\/","title":{"rendered":"job vacations ICP"},"content":{"rendered":"<p>Le p\u00f4le langues de l&rsquo;ICP est \u00e0 la recherche d&rsquo;enseignant.e.s pour assurer diff\u00e9rents TDs (taux horaire brut 43\u20ac57\/h). Chaque TD correspond \u00e0 24h par semestre\/48h annuelles. Voici les cours \u00e0 pourvoir :<br \/>\n-mardi de 8h \u00e0 12h (2 TDs) \u00e0 destination d&rsquo;\u00e9tudiant.e.s de L1 en sciences sociales et \u00e9conomiques au S1 et au S2<br \/>\n-mardi de 8h \u00e0 10h (1 TD) \u00e0 destination d&rsquo;\u00e9tudiant.e.s de L1 en sciences sociales et \u00e9conomiques au S1 et S2<br \/>\n-mardi de 8h \u00e0 12h (2 TDs) \u00e0 destination d&rsquo;\u00e9tudiant.e.s de L3 en sciences sociales et \u00e9conomiques au S2<br \/>\n-mardi de 8h \u00e0 10h (1 TD) \u00e0 destination d&rsquo;\u00e9tudiant.e.s de L3 en sciences sociales et \u00e9conomiques au S2<br \/>\n-mardi de 14h \u00e0 16h (1 TD) \u00e0 destination d&rsquo;\u00e9tudiant.e.s de L2 en histoire-sciences politiques au S1<br \/>\n-jeudi de 8h \u00e0 12h (2 TDs) \u00e0 destination d&rsquo;\u00e9tudiant.e.s de L2 en droit au S1 et au S2<br \/>\n-jeudi de 14h \u00e0 18h (2 TDs) \u00e0 destination d&rsquo;\u00e9tudiant.e.s de L1 en histoire-g\u00e9ographie au S1 et au S2<br \/>\n-vendredi de 8h \u00e0 12h (2 TDs) \u00e0 destination d&rsquo;\u00e9tudiant.e.s de L2 en Infocom au S1 et au S2<br \/>\n-vendredi de 16h \u00e0 18h (1 TD) \u00e0 destination d&rsquo;\u00e9tudiant.e.s de L2 en histoire-sciences politiques au S2<br \/>\n-Cours sur les institutions politiques am\u00e9ricaines :au S2 cours 12h + 4 TDs de 12h (total 60h), cr\u00e9neau horaire \u00e0 d\u00e9terminer<\/p>\n<p>Dates des cours du S1 : 11 septembre au 8 d\u00e9cembre 2023 (vacances de la Toussaint entre le 28 octobre et 5 novembre 2023)<br \/>\nDates des cours du S2 : 15 janvier au 10 mai 2024 (vacances de f\u00e9vrier entre le 17 et le 25 f\u00e9vrier 2024)<br \/>\nLes cours ont lieu \u00e0 l&rsquo;ICP, entr\u00e9e au 74 rue de Vaugirard 75006.<\/p>\n<div>\n<div>CV \u00e0 envoyer \u00e0 Gwenna\u00eblle Cariou : <a href=\"mailto:directionpolelangues@icp.fr\">directionpolelangues@icp.fr<\/a><\/div>\n<\/div>\n<div>Merci beaucoup.<\/div>\n","protected":false},"excerpt":{"rendered":"<p>Le p\u00f4le langues de l&rsquo;ICP est \u00e0 la recherche d&rsquo;enseignant.e.s pour assurer diff\u00e9rents TDs (taux horaire brut 43\u20ac57\/h). Chaque TD [&hellip;]<\/p>\n","protected":false},"author":1,"featured_media":0,"comment_status":"closed","ping_status":"open","sticky":false,"template":"","format":"standard","meta":{"_uag_custom_page_level_css":"","site-sidebar-layout":"default","site-content-layout":"","ast-site-content-layout":"default","site-content-style":"default","site-sidebar-style":"default","ast-global-header-display":"","ast-banner-title-visibility":"","ast-main-header-display":"","ast-hfb-above-header-display":"","ast-hfb-below-header-display":"","ast-hfb-mobile-header-display":"","site-post-title":"","ast-breadcrumbs-content":"","ast-featured-img":"","footer-sml-layout":"","ast-disable-related-posts":"","theme-transparent-header-meta":"","adv-header-id-meta":"","stick-header-meta":"","header-above-stick-meta":"","header-main-stick-meta":"","header-below-stick-meta":"","astra-migrate-meta-layouts":"default","ast-page-background-enabled":"default","ast-page-background-meta":{"desktop":{"background-color":"var(--ast-global-color-5)","background-image":"","background-repeat":"repeat","background-position":"center center","background-size":"auto","background-attachment":"scroll","background-type":"","background-media":"","overlay-type":"","overlay-color":"","overlay-opacity":"","overlay-gradient":""},"tablet":{"background-color":"","background-image":"","background-repeat":"repeat","background-position":"center center","background-size":"auto","background-attachment":"scroll","background-type":"","background-media":"","overlay-type":"","overlay-color":"","overlay-opacity":"","overlay-gradient":""},"mobile":{"background-color":"","background-image":"","background-repeat":"repeat","background-position":"center center","background-size":"auto","background-attachment":"scroll","background-type":"","background-media":"","overlay-type":"","overlay-color":"","overlay-opacity":"","overlay-gradient":""}},"ast-content-background-meta":{"desktop":{"background-color":"var(--ast-global-color-4)","background-image":"","background-repeat":"repeat","background-position":"center center","background-size":"auto","background-attachment":"scroll","background-type":"","background-media":"","overlay-type":"","overlay-color":"","overlay-opacity":"","overlay-gradient":""},"tablet":{"background-color":"var(--ast-global-color-4)","background-image":"","background-repeat":"repeat","background-position":"center center","background-size":"auto","background-attachment":"scroll","background-type":"","background-media":"","overlay-type":"","overlay-color":"","overlay-opacity":"","overlay-gradient":""},"mobile":{"background-color":"var(--ast-global-color-4)","background-image":"","background-repeat":"repeat","background-position":"center center","background-size":"auto","background-attachment":"scroll","background-type":"","background-media":"","overlay-type":"","overlay-color":"","overlay-opacity":"","overlay-gradient":""}},"_jetpack_memberships_contains_paid_content":false,"footnotes":""},"categories":[119],"tags":[805,665,806],"class_list":["post-3157","post","type-post","status-publish","format-standard","hentry","category-other-news","tag-jobs","tag-lansad","tag-vacations"],"jetpack_featured_media_url":"","uagb_featured_image_src":{"full":false,"thumbnail":false,"medium":false,"medium_large":false,"large":false,"1536x1536":false,"2048x2048":false},"uagb_author_info":{"display_name":"Admin","author_link":"https:\/\/afea.fr\/news\/author\/yanb\/"},"uagb_comment_info":0,"uagb_excerpt":"Le p\u00f4le langues de l&rsquo;ICP est \u00e0 la recherche d&rsquo;enseignant.e.s pour assurer diff\u00e9rents TDs (taux horaire brut 43\u20ac57\/h). Chaque TD [&hellip;]","jetpack_sharing_enabled":true,"_links":{"self":[{"href":"https:\/\/afea.fr\/news\/wp-json\/wp\/v2\/posts\/3157"}],"collection":[{"href":"https:\/\/afea.fr\/news\/wp-json\/wp\/v2\/posts"}],"about":[{"href":"https:\/\/afea.fr\/news\/wp-json\/wp\/v2\/types\/post"}],"author":[{"embeddable":true,"href":"https:\/\/afea.fr\/news\/wp-json\/wp\/v2\/users\/1"}],"replies":[{"embeddable":true,"href":"https:\/\/afea.fr\/news\/wp-json\/wp\/v2\/comments?post=3157"}],"version-history":[{"count":1,"href":"https:\/\/afea.fr\/news\/wp-json\/wp\/v2\/posts\/3157\/revisions"}],"predecessor-version":[{"id":3161,"href":"https:\/\/afea.fr\/news\/wp-json\/wp\/v2\/posts\/3157\/revisions\/3161"}],"wp:attachment":[{"href":"https:\/\/afea.fr\/news\/wp-json\/wp\/v2\/media?parent=3157"}],"wp:term":[{"taxonomy":"category","embeddable":true,"href":"https:\/\/afea.fr\/news\/wp-json\/wp\/v2\/categories?post=3157"},{"taxonomy":"post_tag","embeddable":true,"href":"https:\/\/afea.fr\/news\/wp-json\/wp\/v2\/tags?post=3157"}],"curies":[{"name":"wp","href":"https:\/\/api.w.org\/{rel}","templated":true}]}}