{"id":3149,"date":"2023-06-09T11:06:47","date_gmt":"2023-06-09T09:06:47","guid":{"rendered":"https:\/\/afea.fr\/news\/?p=3149"},"modified":"2023-06-09T11:06:47","modified_gmt":"2023-06-09T09:06:47","slug":"cfp-colloque-international-politique-et-poetique-de-la-communaute-au-sein-de-la-gauche-anglophone","status":"publish","type":"post","link":"https:\/\/afea.fr\/news\/cfp\/cfp-colloque-international-politique-et-poetique-de-la-communaute-au-sein-de-la-gauche-anglophone\/3149\/","title":{"rendered":"CFP Colloque international \u00ab Politique et po\u00e9tique de la communaut\u00e9 au sein de la gauche anglophone  \u00bb"},"content":{"rendered":"<p>Cher.e.s coll\u00e8gues,<\/p>\n<p>Nous avons le plaisir de vous inviter \u00e0 soumettre des propositions pour notre colloque international \u00ab Politique et po\u00e9tique de la communaut\u00e9 au sein de la gauche anglophone \u00bb. Co-organis\u00e9 par Sorbonne Universit\u00e9 et l\u2019Universit\u00e9 Paris Nanterre, le colloque aura lieu sur les deux campus du 21 au 23 mars 2024. Vous trouverez le CFP complet ici.<\/p>\n<p>Nous invitons les chercheurs et chercheuses de toutes les disciplines des sciences humaines et sociales ainsi que des arts et humanit\u00e9s \u00e0 proposer des communications d\u2019une vingtaine de minutes. Nous les encourageons particuli\u00e8rement \u00e0 r\u00e9fl\u00e9chir aux questions d\u2019interdisciplinarit\u00e9 et d\u2019interm\u00e9dialit\u00e9 en rapport avec la notion de communaut\u00e9. Nous acceptons \u00e9galement les communications d\u2019un format diff\u00e9rent du format universitaire traditionnel (arts visuels, cin\u00e9ma, th\u00e9\u00e2tre, danse, po\u00e9sie&#8230;)<br \/>\nMerci de nous adresser un titre, un r\u00e9sum\u00e9 (300-400 mots) et une courte notice biographique (100-200 mots) \u00e0 l\u2019adresse politics.poetics.conf avant le 4 septembre 2023. Les communications pourront \u00eatre en anglais ou en fran\u00e7ais.<br \/>\nBien \u00e0 vous,<\/p>\n<p>Le comit\u00e9 d&rsquo;organisation (Tom Allen, Adeline Chevrier-Bosseau, Laurence Gervais, Nicolas Jara-Joly, Bradley Smith)<\/p>\n<p><a href=\"https:\/\/afea.fr\/news\/wp-content\/uploads\/sites\/2\/2023\/06\/CFP-Community-Conf.pdf\">CFP Community Conf.pdf<\/a><\/p>\n","protected":false},"excerpt":{"rendered":"<p>Cher.e.s coll\u00e8gues, Nous avons le plaisir de vous inviter \u00e0 soumettre des propositions pour notre colloque international \u00ab Politique et [&hellip;]<\/p>\n","protected":false},"author":1,"featured_media":0,"comment_status":"closed","ping_status":"open","sticky":false,"template":"","format":"standard","meta":{"_uag_custom_page_level_css":"","site-sidebar-layout":"default","site-content-layout":"","ast-site-content-layout":"default","site-content-style":"default","site-sidebar-style":"default","ast-global-header-display":"","ast-banner-title-visibility":"","ast-main-header-display":"","ast-hfb-above-header-display":"","ast-hfb-below-header-display":"","ast-hfb-mobile-header-display":"","site-post-title":"","ast-breadcrumbs-content":"","ast-featured-img":"","footer-sml-layout":"","ast-disable-related-posts":"","theme-transparent-header-meta":"","adv-header-id-meta":"","stick-header-meta":"","header-above-stick-meta":"","header-main-stick-meta":"","header-below-stick-meta":"","astra-migrate-meta-layouts":"default","ast-page-background-enabled":"default","ast-page-background-meta":{"desktop":{"background-color":"var(--ast-global-color-5)","background-image":"","background-repeat":"repeat","background-position":"center center","background-size":"auto","background-attachment":"scroll","background-type":"","background-media":"","overlay-type":"","overlay-color":"","overlay-opacity":"","overlay-gradient":""},"tablet":{"background-color":"","background-image":"","background-repeat":"repeat","background-position":"center center","background-size":"auto","background-attachment":"scroll","background-type":"","background-media":"","overlay-type":"","overlay-color":"","overlay-opacity":"","overlay-gradient":""},"mobile":{"background-color":"","background-image":"","background-repeat":"repeat","background-position":"center center","background-size":"auto","background-attachment":"scroll","background-type":"","background-media":"","overlay-type":"","overlay-color":"","overlay-opacity":"","overlay-gradient":""}},"ast-content-background-meta":{"desktop":{"background-color":"var(--ast-global-color-4)","background-image":"","background-repeat":"repeat","background-position":"center center","background-size":"auto","background-attachment":"scroll","background-type":"","background-media":"","overlay-type":"","overlay-color":"","overlay-opacity":"","overlay-gradient":""},"tablet":{"background-color":"var(--ast-global-color-4)","background-image":"","background-repeat":"repeat","background-position":"center center","background-size":"auto","background-attachment":"scroll","background-type":"","background-media":"","overlay-type":"","overlay-color":"","overlay-opacity":"","overlay-gradient":""},"mobile":{"background-color":"var(--ast-global-color-4)","background-image":"","background-repeat":"repeat","background-position":"center center","background-size":"auto","background-attachment":"scroll","background-type":"","background-media":"","overlay-type":"","overlay-color":"","overlay-opacity":"","overlay-gradient":""}},"_jetpack_memberships_contains_paid_content":false,"footnotes":""},"categories":[99],"tags":[1367,1366,1365,911],"class_list":["post-3149","post","type-post","status-publish","format-standard","hentry","category-cfp","tag-communaute","tag-gauche","tag-poetique","tag-politique"],"jetpack_featured_media_url":"","uagb_featured_image_src":{"full":false,"thumbnail":false,"medium":false,"medium_large":false,"large":false,"1536x1536":false,"2048x2048":false},"uagb_author_info":{"display_name":"Admin","author_link":"https:\/\/afea.fr\/news\/author\/yanb\/"},"uagb_comment_info":0,"uagb_excerpt":"Cher.e.s coll\u00e8gues, Nous avons le plaisir de vous inviter \u00e0 soumettre des propositions pour notre colloque international \u00ab Politique et [&hellip;]","jetpack_sharing_enabled":true,"_links":{"self":[{"href":"https:\/\/afea.fr\/news\/wp-json\/wp\/v2\/posts\/3149"}],"collection":[{"href":"https:\/\/afea.fr\/news\/wp-json\/wp\/v2\/posts"}],"about":[{"href":"https:\/\/afea.fr\/news\/wp-json\/wp\/v2\/types\/post"}],"author":[{"embeddable":true,"href":"https:\/\/afea.fr\/news\/wp-json\/wp\/v2\/users\/1"}],"replies":[{"embeddable":true,"href":"https:\/\/afea.fr\/news\/wp-json\/wp\/v2\/comments?post=3149"}],"version-history":[{"count":1,"href":"https:\/\/afea.fr\/news\/wp-json\/wp\/v2\/posts\/3149\/revisions"}],"predecessor-version":[{"id":3151,"href":"https:\/\/afea.fr\/news\/wp-json\/wp\/v2\/posts\/3149\/revisions\/3151"}],"wp:attachment":[{"href":"https:\/\/afea.fr\/news\/wp-json\/wp\/v2\/media?parent=3149"}],"wp:term":[{"taxonomy":"category","embeddable":true,"href":"https:\/\/afea.fr\/news\/wp-json\/wp\/v2\/categories?post=3149"},{"taxonomy":"post_tag","embeddable":true,"href":"https:\/\/afea.fr\/news\/wp-json\/wp\/v2\/tags?post=3149"}],"curies":[{"name":"wp","href":"https:\/\/api.w.org\/{rel}","templated":true}]}}