{"id":3130,"date":"2023-06-05T09:54:42","date_gmt":"2023-06-05T07:54:42","guid":{"rendered":"https:\/\/afea.fr\/news\/seminar\/sem-david-pinho-barros\/3130\/"},"modified":"2023-06-05T09:54:42","modified_gmt":"2023-06-05T07:54:42","slug":"sem-david-pinho-barros","status":"publish","type":"post","link":"https:\/\/afea.fr\/news\/seminar\/sem-david-pinho-barros\/3130\/","title":{"rendered":"SEM : David Pinho Barros"},"content":{"rendered":"<p>Ch\u00e8res et chers coll\u00e8gues,<br \/>\nL&rsquo;\u00e9quipe \u00ab\u00a0Image et Critique\u00a0\u00bb du laboratoire TIL (EA 4182) a le plaisir de recevoir<a href=\"https:\/\/www.davidpinhobarros.com\/\"><strong> David Pinho Barros<\/strong> <\/a>(Universit\u00e9 de Porto) <strong>les 8 et 9 juin<\/strong> \u00e0 <strong>l&rsquo;Universit\u00e9 de Bourgogne.<\/strong><\/p>\n<p>&#8211; <strong>Jeudi 8 juin<\/strong> (<strong>14h \u00e0 15h<\/strong>, <strong>Forum des Savoirs de la MSH<\/strong>) : sa conf\u00e9rence <strong>\u00ab\u00a0Polar Delirium: Intertextuality and cognition in the fictional Artic\u00a0\u00bb<\/strong> portera sur les r\u00e9\u00e9critures et adaptations en bande dessin\u00e9e des r\u00e9cits de l&rsquo;Arctique.<\/p>\n<p>&#8211;<strong> Vendredi 9 juin<\/strong> (<strong>9h-12h<\/strong>, <strong>Cortex<\/strong>, <strong>salle H20<\/strong>): David Barros animera une s\u00e9ance de s\u00e9minaire sous forme d&rsquo;atelier. Intitul\u00e9e <strong>\u00ab\u00a0On Colour and Fiction\u00a0\u00bb<\/strong>, cette s\u00e9ance abordera le r\u00f4le de la couleur dans la litt\u00e9rature, la bande dessin\u00e9e et le cin\u00e9ma, dans une perspective transm\u00e9diale.<\/p>\n<p>Les \u00e9changes pourront \u00eatre men\u00e9s en fran\u00e7ais et en anglais.<br \/>\nLes deux s\u00e9ances seront hybrides. Pour vous inscrire sur Teams, veuillez contacter sophie.aymes et candice.lemaire<\/p>\n<p>Vous trouverez le programme complet de la <strong>conf\u00e9rence<a href=\"https:\/\/til.u-bourgogne.fr\/images\/stories\/labo\/programme\/David_Barros_8_juin_2023.pdf\"> ici<\/a> <\/strong>et le programme du<strong> s\u00e9minaire <a href=\"https:\/\/til.u-bourgogne.fr\/images\/stories\/labo\/programme\/David_Barros_9_juin_2023.pdf\">ici<\/a>.<\/strong><\/p>\n<p>Au plaisir de vous y retrouver,<br \/>\nL&rsquo;\u00e9quipe \u00ab\u00a0Image et Critique\u00a0\u00bb.<\/p>\n","protected":false},"excerpt":{"rendered":"<p>Ch\u00e8res et chers coll\u00e8gues, L&rsquo;\u00e9quipe \u00ab\u00a0Image et Critique\u00a0\u00bb du laboratoire TIL (EA 4182) a le plaisir de recevoir David Pinho [&hellip;]<\/p>\n","protected":false},"author":1,"featured_media":0,"comment_status":"","ping_status":"open","sticky":false,"template":"","format":"standard","meta":{"_uag_custom_page_level_css":"","site-sidebar-layout":"default","site-content-layout":"","ast-site-content-layout":"default","site-content-style":"default","site-sidebar-style":"default","ast-global-header-display":"","ast-banner-title-visibility":"","ast-main-header-display":"","ast-hfb-above-header-display":"","ast-hfb-below-header-display":"","ast-hfb-mobile-header-display":"","site-post-title":"","ast-breadcrumbs-content":"","ast-featured-img":"","footer-sml-layout":"","ast-disable-related-posts":"","theme-transparent-header-meta":"","adv-header-id-meta":"","stick-header-meta":"","header-above-stick-meta":"","header-main-stick-meta":"","header-below-stick-meta":"","astra-migrate-meta-layouts":"default","ast-page-background-enabled":"default","ast-page-background-meta":{"desktop":{"background-color":"var(--ast-global-color-5)","background-image":"","background-repeat":"repeat","background-position":"center center","background-size":"auto","background-attachment":"scroll","background-type":"","background-media":"","overlay-type":"","overlay-color":"","overlay-opacity":"","overlay-gradient":""},"tablet":{"background-color":"","background-image":"","background-repeat":"repeat","background-position":"center center","background-size":"auto","background-attachment":"scroll","background-type":"","background-media":"","overlay-type":"","overlay-color":"","overlay-opacity":"","overlay-gradient":""},"mobile":{"background-color":"","background-image":"","background-repeat":"repeat","background-position":"center center","background-size":"auto","background-attachment":"scroll","background-type":"","background-media":"","overlay-type":"","overlay-color":"","overlay-opacity":"","overlay-gradient":""}},"ast-content-background-meta":{"desktop":{"background-color":"var(--ast-global-color-4)","background-image":"","background-repeat":"repeat","background-position":"center center","background-size":"auto","background-attachment":"scroll","background-type":"","background-media":"","overlay-type":"","overlay-color":"","overlay-opacity":"","overlay-gradient":""},"tablet":{"background-color":"var(--ast-global-color-4)","background-image":"","background-repeat":"repeat","background-position":"center center","background-size":"auto","background-attachment":"scroll","background-type":"","background-media":"","overlay-type":"","overlay-color":"","overlay-opacity":"","overlay-gradient":""},"mobile":{"background-color":"var(--ast-global-color-4)","background-image":"","background-repeat":"repeat","background-position":"center center","background-size":"auto","background-attachment":"scroll","background-type":"","background-media":"","overlay-type":"","overlay-color":"","overlay-opacity":"","overlay-gradient":""}},"_jetpack_memberships_contains_paid_content":false,"footnotes":""},"categories":[100],"tags":[1358,1359,1360,115,1357],"class_list":["post-3130","post","type-post","status-publish","format-standard","hentry","category-seminar","tag-arctic","tag-color","tag-comicbooks","tag-fiction","tag-intertextuality"],"jetpack_featured_media_url":"","uagb_featured_image_src":{"full":false,"thumbnail":false,"medium":false,"medium_large":false,"large":false,"1536x1536":false,"2048x2048":false},"uagb_author_info":{"display_name":"Admin","author_link":"https:\/\/afea.fr\/news\/author\/yanb\/"},"uagb_comment_info":0,"uagb_excerpt":"Ch\u00e8res et chers coll\u00e8gues, L&rsquo;\u00e9quipe \u00ab\u00a0Image et Critique\u00a0\u00bb du laboratoire TIL (EA 4182) a le plaisir de recevoir David Pinho [&hellip;]","jetpack_sharing_enabled":true,"_links":{"self":[{"href":"https:\/\/afea.fr\/news\/wp-json\/wp\/v2\/posts\/3130"}],"collection":[{"href":"https:\/\/afea.fr\/news\/wp-json\/wp\/v2\/posts"}],"about":[{"href":"https:\/\/afea.fr\/news\/wp-json\/wp\/v2\/types\/post"}],"author":[{"embeddable":true,"href":"https:\/\/afea.fr\/news\/wp-json\/wp\/v2\/users\/1"}],"replies":[{"embeddable":true,"href":"https:\/\/afea.fr\/news\/wp-json\/wp\/v2\/comments?post=3130"}],"version-history":[{"count":0,"href":"https:\/\/afea.fr\/news\/wp-json\/wp\/v2\/posts\/3130\/revisions"}],"wp:attachment":[{"href":"https:\/\/afea.fr\/news\/wp-json\/wp\/v2\/media?parent=3130"}],"wp:term":[{"taxonomy":"category","embeddable":true,"href":"https:\/\/afea.fr\/news\/wp-json\/wp\/v2\/categories?post=3130"},{"taxonomy":"post_tag","embeddable":true,"href":"https:\/\/afea.fr\/news\/wp-json\/wp\/v2\/tags?post=3130"}],"curies":[{"name":"wp","href":"https:\/\/api.w.org\/{rel}","templated":true}]}}