{"id":3115,"date":"2023-05-20T02:35:13","date_gmt":"2023-05-20T00:35:13","guid":{"rendered":"https:\/\/afea.fr\/news\/conference-symposium\/journees-detudes-fanon-en-pratiques-perspectives-internationales-1er-2-juin\/3115\/"},"modified":"2023-05-20T02:35:13","modified_gmt":"2023-05-20T00:35:13","slug":"journees-detudes-fanon-en-pratiques-perspectives-internationales-1er-2-juin","status":"publish","type":"post","link":"https:\/\/afea.fr\/news\/conference-symposium\/journees-detudes-fanon-en-pratiques-perspectives-internationales-1er-2-juin\/3115\/","title":{"rendered":"Journ\u00e9es d&rsquo;\u00e9tudes \u00ab\u00a0Fanon en pratiques. Perspectives internationales\u00a0\u00bb (1er-2 juin)"},"content":{"rendered":"<blockquote><p>Bonjour,<\/p>\n<p>Les membres du groupe <em>Mondes cara\u00efbes et transatlantiques en mouvement <\/em>(MCTM <a href=\"https:\/\/www.fmsh.fr\/projets\/mondes-caraibes-et-transatlantiques-en-mouvement\">https:\/\/www.fmsh.fr\/projets\/mondes-caraibes-et-transatlantiques-en-mouvement<\/a>) sont heureux de vous inviter aux journ\u00e9e d&rsquo;\u00e9tudes <strong><em>Fanon en pratiques. Perspectives internationales<\/em><\/strong> coordonn\u00e9es par Matthieu Renault et Esteban Gonzales, qui se tiendront les 1er et 2 juin \u00e0 la Fondation Maison des Sciences de l&rsquo;homme, au 54 boulevard Raspail (Le Comptoir-Forum, 1er \u00e9tage)<\/p>\n<p>Le programme est disponible \u00e0 l&rsquo;adresse suivante : <a href=\"https:\/\/www.fmsh.fr\/agenda\/fanon-en-pratiques-perspectives-internationales\"><strong>https:\/\/www.fmsh.fr\/agenda\/fanon-en-pratiques-perspectives-internationales<\/strong><\/a><\/p>\n<p>Les journ\u00e9es se d\u00e9rouleront en mode hybride.<br \/>\nLien de connexion Zoom pour la premi\u00e8re journ\u00e9e : <a href=\"https:\/\/us06web.zoom.us\/j\/85383836627?pwd=T2JCcDd1WWc1RkRBVVFHeDZOUFYwUT09\">https:\/\/us06web.zoom.us\/j\/85383836627?pwd=T2JCcDd1WWc1RkRBVVFHeDZOUFYwUT09<\/a><br \/>\net pour la seconde : <a href=\"https:\/\/us06web.zoom.us\/j\/84212395922?pwd=eDJDcTEzTVlkYnppZzdva0tGdFk1Zz09\">https:\/\/us06web.zoom.us\/j\/84212395922?pwd=eDJDcTEzTVlkYnppZzdva0tGdFk1Zz09<\/a><\/p>\n<p>En esp\u00e9rant vous revoir nombreux.ses en ce lieu, bien cordialement \u00e0 vous, Matthieu Renault et Esteban Gonzales pour MCTM<\/p>\n<p>Christine Chivallon,<br \/>\nDirectrice de recherche CNRS<br \/>\nLaboratoire Carib\u00e9en de Sciences Sociales<br \/>\nLC2S-UMR 8053<br \/>\nchristine.chivallon<br \/>\nPage de site institutionnelle :<br \/>\n<a href=\"https:\/\/lc2s.cnrs.fr\/amp\/contact\/chivallon-marie-christine-martinique-directrice-de-recherche-1ere-classe-cnrs\/\">https:\/\/lc2s.cnrs.fr\/amp\/contact\/chivallon-marie-christine-martinique-directrice-de-recherche-1ere-classe-cnrs\/<\/a><\/p>\n<\/blockquote>\n","protected":false},"excerpt":{"rendered":"<p>Bonjour, Les membres du groupe Mondes cara\u00efbes et transatlantiques en mouvement (MCTM https:\/\/www.fmsh.fr\/projets\/mondes-caraibes-et-transatlantiques-en-mouvement) sont heureux de vous inviter aux journ\u00e9e [&hellip;]<\/p>\n","protected":false},"author":1,"featured_media":0,"comment_status":"","ping_status":"open","sticky":false,"template":"","format":"standard","meta":{"_uag_custom_page_level_css":"","site-sidebar-layout":"default","site-content-layout":"","ast-site-content-layout":"default","site-content-style":"default","site-sidebar-style":"default","ast-global-header-display":"","ast-banner-title-visibility":"","ast-main-header-display":"","ast-hfb-above-header-display":"","ast-hfb-below-header-display":"","ast-hfb-mobile-header-display":"","site-post-title":"","ast-breadcrumbs-content":"","ast-featured-img":"","footer-sml-layout":"","ast-disable-related-posts":"","theme-transparent-header-meta":"","adv-header-id-meta":"","stick-header-meta":"","header-above-stick-meta":"","header-main-stick-meta":"","header-below-stick-meta":"","astra-migrate-meta-layouts":"default","ast-page-background-enabled":"default","ast-page-background-meta":{"desktop":{"background-color":"var(--ast-global-color-5)","background-image":"","background-repeat":"repeat","background-position":"center center","background-size":"auto","background-attachment":"scroll","background-type":"","background-media":"","overlay-type":"","overlay-color":"","overlay-opacity":"","overlay-gradient":""},"tablet":{"background-color":"","background-image":"","background-repeat":"repeat","background-position":"center center","background-size":"auto","background-attachment":"scroll","background-type":"","background-media":"","overlay-type":"","overlay-color":"","overlay-opacity":"","overlay-gradient":""},"mobile":{"background-color":"","background-image":"","background-repeat":"repeat","background-position":"center center","background-size":"auto","background-attachment":"scroll","background-type":"","background-media":"","overlay-type":"","overlay-color":"","overlay-opacity":"","overlay-gradient":""}},"ast-content-background-meta":{"desktop":{"background-color":"var(--ast-global-color-4)","background-image":"","background-repeat":"repeat","background-position":"center center","background-size":"auto","background-attachment":"scroll","background-type":"","background-media":"","overlay-type":"","overlay-color":"","overlay-opacity":"","overlay-gradient":""},"tablet":{"background-color":"var(--ast-global-color-4)","background-image":"","background-repeat":"repeat","background-position":"center center","background-size":"auto","background-attachment":"scroll","background-type":"","background-media":"","overlay-type":"","overlay-color":"","overlay-opacity":"","overlay-gradient":""},"mobile":{"background-color":"var(--ast-global-color-4)","background-image":"","background-repeat":"repeat","background-position":"center center","background-size":"auto","background-attachment":"scroll","background-type":"","background-media":"","overlay-type":"","overlay-color":"","overlay-opacity":"","overlay-gradient":""}},"_jetpack_memberships_contains_paid_content":false,"footnotes":""},"categories":[568],"tags":[1350,1346,1349],"class_list":["post-3115","post","type-post","status-publish","format-standard","hentry","category-conference-symposium","tag-fanon","tag-stylecaret-color-rgb32","tag-stylefont-size-14-666667pxtransatlantique"],"jetpack_featured_media_url":"","uagb_featured_image_src":{"full":false,"thumbnail":false,"medium":false,"medium_large":false,"large":false,"1536x1536":false,"2048x2048":false},"uagb_author_info":{"display_name":"Admin","author_link":"https:\/\/afea.fr\/news\/author\/yanb\/"},"uagb_comment_info":0,"uagb_excerpt":"Bonjour, Les membres du groupe Mondes cara\u00efbes et transatlantiques en mouvement (MCTM https:\/\/www.fmsh.fr\/projets\/mondes-caraibes-et-transatlantiques-en-mouvement) sont heureux de vous inviter aux journ\u00e9e [&hellip;]","jetpack_sharing_enabled":true,"_links":{"self":[{"href":"https:\/\/afea.fr\/news\/wp-json\/wp\/v2\/posts\/3115"}],"collection":[{"href":"https:\/\/afea.fr\/news\/wp-json\/wp\/v2\/posts"}],"about":[{"href":"https:\/\/afea.fr\/news\/wp-json\/wp\/v2\/types\/post"}],"author":[{"embeddable":true,"href":"https:\/\/afea.fr\/news\/wp-json\/wp\/v2\/users\/1"}],"replies":[{"embeddable":true,"href":"https:\/\/afea.fr\/news\/wp-json\/wp\/v2\/comments?post=3115"}],"version-history":[{"count":0,"href":"https:\/\/afea.fr\/news\/wp-json\/wp\/v2\/posts\/3115\/revisions"}],"wp:attachment":[{"href":"https:\/\/afea.fr\/news\/wp-json\/wp\/v2\/media?parent=3115"}],"wp:term":[{"taxonomy":"category","embeddable":true,"href":"https:\/\/afea.fr\/news\/wp-json\/wp\/v2\/categories?post=3115"},{"taxonomy":"post_tag","embeddable":true,"href":"https:\/\/afea.fr\/news\/wp-json\/wp\/v2\/tags?post=3115"}],"curies":[{"name":"wp","href":"https:\/\/api.w.org\/{rel}","templated":true}]}}