{"id":3084,"date":"2023-05-13T21:31:33","date_gmt":"2023-05-13T19:31:33","guid":{"rendered":"https:\/\/afea.fr\/news\/?p=3084"},"modified":"2023-05-13T21:31:33","modified_gmt":"2023-05-13T19:31:33","slug":"conf-journee-detudes-se-battre-pour-manger","status":"publish","type":"post","link":"https:\/\/afea.fr\/news\/conference-symposium\/conf-journee-detudes-se-battre-pour-manger\/3084\/","title":{"rendered":"CONF Journ\u00e9e d&rsquo;\u00e9tudes \u00ab\u00a0Se battre pour manger\u00a0\u00bb"},"content":{"rendered":"<p>\\Ch\u00e8res et chers coll\u00e8gues,<br \/>\nVous trouverez ci-joint le programme de la journ\u00e9e d&rsquo;\u00e9tudes interdisciplinaire \u00ab\u00a0Se battre pour manger. Luttes alimentaires et groupes marginalis\u00e9s\u00a0\u00bb, qui se tiendra le 8 juin prochain \u00e0 Sciences Po Lille et que j&rsquo;ai le plaisir de co-organiser.<br \/>\nIl est possible pour celles et ceux qui le souhaitent d&rsquo;assister \u00e0 cette journ\u00e9e \u00e0 distance \u00e0 partir du lien suivant: <a href=\"https:\/\/sciencespo-lille-eu.zoom.us\/j\/99815347476?pwd=RlpkdU5nREdXTDUvSFpPUTNwaEZXZz09\">https:\/\/sciencespo-lille-eu.zoom.us\/j\/99815347476?pwd=RlpkdU5nREdXTDUvSFpPUTNwaEZXZz09<\/a><\/p>\n<p>N&rsquo;h\u00e9sitez pas \u00e0 faire circuler l&rsquo;information aupr\u00e8s de coll\u00e8gues susceptibles d&rsquo;\u00eatre <a href=\"http:\/\/xn--intress-dyae.es\">int\u00e9ress\u00e9.es<\/a>.<br \/>\nBien cordialement,<\/p>\n<table cellspacing=\"0\" cellpadding=\"0\" border=\"0\">\n<tbody>\n<tr>\n<td>Alice B\u00e9ja<br \/>\n<em>Directrice de la recherche<\/em><br \/>\n<em>Ma\u00eetresse de conf\u00e9rences (anglais)<\/em><br \/>\n<em>Chercheuse au CERAPS-CNRS<\/em><br \/>\n9 rue Angellier, 59000 Lille<br \/>\nBureau 4.16<br \/>\nT. +33 (0)3 59 57 64 19<br \/>\n<a href=\"https:\/\/www2.sciencespo-lille.eu\/signature\/signature_EPE.html\"><img data-recalc-dims=\"1\" loading=\"lazy\" decoding=\"async\" width=\"224\" height=\"108\" src=\"https:\/\/i0.wp.com\/www2.sciencespo-lille.eu\/images\/epe.png?resize=224%2C108&#038;ssl=1\" alt=\"epe.png\" \/><\/a><\/p>\n<p><a href=\"http:\/\/www.sciencespo-lille.eu\"><br \/>\n<\/a><\/td>\n<td valign=\"top\"><\/td>\n<\/tr>\n<tr>\n<td rowspan=\"1\"><\/td>\n<td rowspan=\"1\" valign=\"top\"><\/td>\n<\/tr>\n<\/tbody>\n<tbody>\n<tr>\n<td colspan=\"2\"><a href=\"https:\/\/www.youtube.com\/channel\/UCrkUO2wWzhIrGinwtrrOzsg\"><br \/>\n<\/a><\/td>\n<\/tr>\n<\/tbody>\n<\/table>\n<p><a href=\"https:\/\/afea.fr\/news\/wp-content\/uploads\/sites\/2\/2023\/05\/Programme-JE-8-juin-2023.pdf\">Programme JE 8 juin 2023.pdf<\/a><\/p>\n","protected":false},"excerpt":{"rendered":"<p>\\Ch\u00e8res et chers coll\u00e8gues, Vous trouverez ci-joint le programme de la journ\u00e9e d&rsquo;\u00e9tudes interdisciplinaire \u00ab\u00a0Se battre pour manger. Luttes alimentaires [&hellip;]<\/p>\n","protected":false},"author":1,"featured_media":0,"comment_status":"closed","ping_status":"open","sticky":false,"template":"","format":"standard","meta":{"_uag_custom_page_level_css":"","site-sidebar-layout":"default","site-content-layout":"","ast-site-content-layout":"default","site-content-style":"default","site-sidebar-style":"default","ast-global-header-display":"","ast-banner-title-visibility":"","ast-main-header-display":"","ast-hfb-above-header-display":"","ast-hfb-below-header-display":"","ast-hfb-mobile-header-display":"","site-post-title":"","ast-breadcrumbs-content":"","ast-featured-img":"","footer-sml-layout":"","ast-disable-related-posts":"","theme-transparent-header-meta":"","adv-header-id-meta":"","stick-header-meta":"","header-above-stick-meta":"","header-main-stick-meta":"","header-below-stick-meta":"","astra-migrate-meta-layouts":"default","ast-page-background-enabled":"default","ast-page-background-meta":{"desktop":{"background-color":"var(--ast-global-color-5)","background-image":"","background-repeat":"repeat","background-position":"center center","background-size":"auto","background-attachment":"scroll","background-type":"","background-media":"","overlay-type":"","overlay-color":"","overlay-opacity":"","overlay-gradient":""},"tablet":{"background-color":"","background-image":"","background-repeat":"repeat","background-position":"center center","background-size":"auto","background-attachment":"scroll","background-type":"","background-media":"","overlay-type":"","overlay-color":"","overlay-opacity":"","overlay-gradient":""},"mobile":{"background-color":"","background-image":"","background-repeat":"repeat","background-position":"center center","background-size":"auto","background-attachment":"scroll","background-type":"","background-media":"","overlay-type":"","overlay-color":"","overlay-opacity":"","overlay-gradient":""}},"ast-content-background-meta":{"desktop":{"background-color":"var(--ast-global-color-4)","background-image":"","background-repeat":"repeat","background-position":"center center","background-size":"auto","background-attachment":"scroll","background-type":"","background-media":"","overlay-type":"","overlay-color":"","overlay-opacity":"","overlay-gradient":""},"tablet":{"background-color":"var(--ast-global-color-4)","background-image":"","background-repeat":"repeat","background-position":"center center","background-size":"auto","background-attachment":"scroll","background-type":"","background-media":"","overlay-type":"","overlay-color":"","overlay-opacity":"","overlay-gradient":""},"mobile":{"background-color":"var(--ast-global-color-4)","background-image":"","background-repeat":"repeat","background-position":"center center","background-size":"auto","background-attachment":"scroll","background-type":"","background-media":"","overlay-type":"","overlay-color":"","overlay-opacity":"","overlay-gradient":""}},"_jetpack_memberships_contains_paid_content":false,"footnotes":""},"categories":[568],"tags":[1314,1315,1316],"class_list":["post-3084","post","type-post","status-publish","format-standard","hentry","category-conference-symposium","tag-lutte-alimentaire","tag-manger","tag-science-po-lille"],"jetpack_featured_media_url":"","uagb_featured_image_src":{"full":false,"thumbnail":false,"medium":false,"medium_large":false,"large":false,"1536x1536":false,"2048x2048":false},"uagb_author_info":{"display_name":"Admin","author_link":"https:\/\/afea.fr\/news\/author\/yanb\/"},"uagb_comment_info":0,"uagb_excerpt":"\\Ch\u00e8res et chers coll\u00e8gues, Vous trouverez ci-joint le programme de la journ\u00e9e d&rsquo;\u00e9tudes interdisciplinaire \u00ab\u00a0Se battre pour manger. Luttes alimentaires [&hellip;]","jetpack_sharing_enabled":true,"_links":{"self":[{"href":"https:\/\/afea.fr\/news\/wp-json\/wp\/v2\/posts\/3084"}],"collection":[{"href":"https:\/\/afea.fr\/news\/wp-json\/wp\/v2\/posts"}],"about":[{"href":"https:\/\/afea.fr\/news\/wp-json\/wp\/v2\/types\/post"}],"author":[{"embeddable":true,"href":"https:\/\/afea.fr\/news\/wp-json\/wp\/v2\/users\/1"}],"replies":[{"embeddable":true,"href":"https:\/\/afea.fr\/news\/wp-json\/wp\/v2\/comments?post=3084"}],"version-history":[{"count":1,"href":"https:\/\/afea.fr\/news\/wp-json\/wp\/v2\/posts\/3084\/revisions"}],"predecessor-version":[{"id":3086,"href":"https:\/\/afea.fr\/news\/wp-json\/wp\/v2\/posts\/3084\/revisions\/3086"}],"wp:attachment":[{"href":"https:\/\/afea.fr\/news\/wp-json\/wp\/v2\/media?parent=3084"}],"wp:term":[{"taxonomy":"category","embeddable":true,"href":"https:\/\/afea.fr\/news\/wp-json\/wp\/v2\/categories?post=3084"},{"taxonomy":"post_tag","embeddable":true,"href":"https:\/\/afea.fr\/news\/wp-json\/wp\/v2\/tags?post=3084"}],"curies":[{"name":"wp","href":"https:\/\/api.w.org\/{rel}","templated":true}]}}