{"id":3075,"date":"2023-05-10T18:36:58","date_gmt":"2023-05-10T16:36:58","guid":{"rendered":"https:\/\/afea.fr\/news\/other-news\/soutenance-de-these-seynabou-thiam-pereira-30-mai-2023\/3075\/"},"modified":"2023-05-10T18:36:58","modified_gmt":"2023-05-10T16:36:58","slug":"soutenance-de-these-seynabou-thiam-pereira-30-mai-2023","status":"publish","type":"post","link":"https:\/\/afea.fr\/news\/other-news\/soutenance-de-these-seynabou-thiam-pereira-30-mai-2023\/3075\/","title":{"rendered":"Soutenance de th\u00e8se Seynabou Thiam-Pereira (30 mai 2023)"},"content":{"rendered":"<p>Ch\u00e8res et chers coll\u00e8gues,<\/p>\n<p>J\u2019ai le plaisir de vous informer de la soutenance de th\u00e8se de Mme Seynabou Thiam-Pereira.<\/p>\n<p><strong>Titre de la th\u00e8se : <\/strong>\u00ab <em>The heart of your knowledge is in your roots<\/em> \u00bb. Les r\u00e9fugi\u00e9s loyalistes noirs dans les provinces de Nouvelle-\u00c9cosse, du Nouveau-Brunswick et de l\u2019\u00cele-du-Prince-\u00c9douard en Am\u00e9rique du Nord britannique : \u00e9tude comparative d\u2019une communaut\u00e9 en exil (1775-1815).<\/p>\n<p><strong>Date et lieu :<\/strong> la soutenance se d\u00e9roulera le mardi 30 mai 2023 \u00e0 14h \u00e0 l\u2019Universit\u00e9 Paris 8 (Salle des Th\u00e8ses, B\u00e2t. A, Espace Deleuze, 2 rue de la Libert\u00e9 93200, m\u00e9tro 13 Saint-Denis-Universit\u00e9).<\/p>\n<p><strong>Le jury est constitu\u00e9 de :<\/strong><br \/>\nMadame Agn\u00e8s DELAHAYE, Professeure, Universit\u00e9 Lumi\u00e8re Lyon 2 (pr\u00e9-rapportrice)<br \/>\nMonsieur Steve SARSON, Professeur, Universit\u00e9 Jean Moulin Lyon 3 (pr\u00e9-rapporteur)<br \/>\nMadame Anne-Claire FAUCQUEZ, Ma\u00eetresse de conf\u00e9rences, Universit\u00e9 Paris 8<br \/>\nMadame Sandrine FERR\u00c9-RODE, Ma\u00eetresse de conf\u00e9rences, Universit\u00e9 de Versailles Saint-Quentin-en-Yvelines<br \/>\nMonsieur Bertrand VAN RUYMBEKE, Professeur, Universit\u00e9 Paris 8 (directeur)<\/p>\n<p><strong>R\u00e9sum\u00e9 :<\/strong><br \/>\nLa th\u00e8se s\u2019appuie sur le d\u00e9pouillement des sources en Grande-Bretagne, aux \u00c9tats-Unis et au Canada concernant les milliers de Loyalistes noirs qui ont particip\u00e9 \u00e0 la guerre d\u2019Ind\u00e9pendance am\u00e9ricaine aux c\u00f4t\u00e9s des Britanniques entre 1775 et 1783. Ces hommes et des femmes de couleur, n\u00e9s libres, affranchis, anciens engag\u00e9s ou des esclaves fugitifs ont obtenu leur libert\u00e9 par les Britanniques et la promesse de terres au Canada. Cette th\u00e8se porte sur leur participation \u00e0 la guerre d\u2019ind\u00e9pendance (1775-1783), leur condition d\u2019\u00e9vacuation du territoire \u00e9tats-unien et leur exp\u00e9rience dans les Provinces Maritimes du Canada compos\u00e9es aujourd\u2019hui de la Nouvelle-\u00c9cosse, du Nouveau-Brunswick et de l\u2019\u00cele-du-Prince-\u00c9douard. Les r\u00e9fugi\u00e9s noirs ont constitu\u00e9 la premi\u00e8re vague migratoire cons\u00e9quente de Noirs libres en Am\u00e9rique du Nord britannique qui a mu\u00e9 en une soci\u00e9t\u00e9 multiculturelle et multiraciale. Une analyse crois\u00e9e de ces trois espaces permet de mettre en lumi\u00e8re les r\u00e9seaux \u00e9tablis entre les diff\u00e9rentes communaut\u00e9s noires et les questions identitaires, entre assimilation et \u00e9mergence de marginalit\u00e9 d\u2019ordre social et politique dans la soci\u00e9t\u00e9 d\u2019accueil. Cette d\u00e9marche s\u2019ins\u00e8re dans les dynamiques de recherche actuelles et les nouvelles r\u00e9flexions autour de la r\u00e9volution am\u00e9ricaine et sur les populations noires libres dans l\u2019espace atlantique avant les abolitions. Afin d\u2019examiner les profils des r\u00e9fugi\u00e9s noirs au Canada, leur nombre, leurs lieux d\u2019installation et leurs \u00e9ventuelles mobilit\u00e9s, a \u00e9t\u00e9 constitu\u00e9e une base de donn\u00e9es compos\u00e9e de 3 614 Loyalistes noirs.<\/p>\n<p>La soutenance sera suivie d\u2019un moment convivial. Veuillez confirmer votre pr\u00e9sence aupr\u00e8s de Mme. Seynabou Thiam-Pereira \u00e0 l\u2019adresse : seynabou.thiampereira<\/p>\n<p>Bien cordialement,<\/p>\n<p>Bertrand Van Ruymbeke<br \/>\nProfesseur de civilisation am\u00e9ricaine<br \/>\nUniversit\u00e9 de Paris 8<br \/>\nCoordinateur du consortium America 2026 <a href=\"http:\/\/www.america2026.eu\/\">www.america2026.eu<\/a><br \/>\nInstitut Universitaire de France (membre honoraire)<br \/>\n<a href=\"http:\/\/www.depa.univ-paris8.fr\/spip.php?article1294\">http:\/\/www.depa.univ-paris8.fr\/spip.php?article1294<\/a><br \/>\nJournal of Early American History (Brill)<br \/>\n<a href=\"http:\/\/www.brill.com\/cn\/journal-early-american-history\">http:\/\/www.brill.com\/cn\/journal-early-american-history<\/a><br \/>\nBio &amp; Publications<br \/>\n<a href=\"https:\/\/transcrit.univ-paris8.fr\/-VAN-RUYMBEKE-Bertrand-PR-\">https:\/\/transcrit.univ-paris8.fr\/-VAN-RUYMBEKE-Bertrand-PR-<\/a><\/p>\n","protected":false},"excerpt":{"rendered":"<p>Ch\u00e8res et chers coll\u00e8gues, J\u2019ai le plaisir de vous informer de la soutenance de th\u00e8se de Mme Seynabou Thiam-Pereira. Titre [&hellip;]<\/p>\n","protected":false},"author":1,"featured_media":0,"comment_status":"","ping_status":"open","sticky":false,"template":"","format":"standard","meta":{"_uag_custom_page_level_css":"","site-sidebar-layout":"default","site-content-layout":"","ast-site-content-layout":"default","site-content-style":"default","site-sidebar-style":"default","ast-global-header-display":"","ast-banner-title-visibility":"","ast-main-header-display":"","ast-hfb-above-header-display":"","ast-hfb-below-header-display":"","ast-hfb-mobile-header-display":"","site-post-title":"","ast-breadcrumbs-content":"","ast-featured-img":"","footer-sml-layout":"","ast-disable-related-posts":"","theme-transparent-header-meta":"","adv-header-id-meta":"","stick-header-meta":"","header-above-stick-meta":"","header-main-stick-meta":"","header-below-stick-meta":"","astra-migrate-meta-layouts":"default","ast-page-background-enabled":"default","ast-page-background-meta":{"desktop":{"background-color":"var(--ast-global-color-5)","background-image":"","background-repeat":"repeat","background-position":"center center","background-size":"auto","background-attachment":"scroll","background-type":"","background-media":"","overlay-type":"","overlay-color":"","overlay-opacity":"","overlay-gradient":""},"tablet":{"background-color":"","background-image":"","background-repeat":"repeat","background-position":"center center","background-size":"auto","background-attachment":"scroll","background-type":"","background-media":"","overlay-type":"","overlay-color":"","overlay-opacity":"","overlay-gradient":""},"mobile":{"background-color":"","background-image":"","background-repeat":"repeat","background-position":"center center","background-size":"auto","background-attachment":"scroll","background-type":"","background-media":"","overlay-type":"","overlay-color":"","overlay-opacity":"","overlay-gradient":""}},"ast-content-background-meta":{"desktop":{"background-color":"var(--ast-global-color-4)","background-image":"","background-repeat":"repeat","background-position":"center center","background-size":"auto","background-attachment":"scroll","background-type":"","background-media":"","overlay-type":"","overlay-color":"","overlay-opacity":"","overlay-gradient":""},"tablet":{"background-color":"var(--ast-global-color-4)","background-image":"","background-repeat":"repeat","background-position":"center center","background-size":"auto","background-attachment":"scroll","background-type":"","background-media":"","overlay-type":"","overlay-color":"","overlay-opacity":"","overlay-gradient":""},"mobile":{"background-color":"var(--ast-global-color-4)","background-image":"","background-repeat":"repeat","background-position":"center center","background-size":"auto","background-attachment":"scroll","background-type":"","background-media":"","overlay-type":"","overlay-color":"","overlay-opacity":"","overlay-gradient":""}},"_jetpack_memberships_contains_paid_content":false,"footnotes":""},"categories":[119],"tags":[1308,1307,1306,669,257],"class_list":["post-3075","post","type-post","status-publish","format-standard","hentry","category-other-news","tag-amerique-du-nord-britannique","tag-noirs-americains","tag-refugies","tag-soutenance","tag-these"],"jetpack_featured_media_url":"","uagb_featured_image_src":{"full":false,"thumbnail":false,"medium":false,"medium_large":false,"large":false,"1536x1536":false,"2048x2048":false},"uagb_author_info":{"display_name":"Admin","author_link":"https:\/\/afea.fr\/news\/author\/yanb\/"},"uagb_comment_info":0,"uagb_excerpt":"Ch\u00e8res et chers coll\u00e8gues, J\u2019ai le plaisir de vous informer de la soutenance de th\u00e8se de Mme Seynabou Thiam-Pereira. Titre [&hellip;]","jetpack_sharing_enabled":true,"_links":{"self":[{"href":"https:\/\/afea.fr\/news\/wp-json\/wp\/v2\/posts\/3075"}],"collection":[{"href":"https:\/\/afea.fr\/news\/wp-json\/wp\/v2\/posts"}],"about":[{"href":"https:\/\/afea.fr\/news\/wp-json\/wp\/v2\/types\/post"}],"author":[{"embeddable":true,"href":"https:\/\/afea.fr\/news\/wp-json\/wp\/v2\/users\/1"}],"replies":[{"embeddable":true,"href":"https:\/\/afea.fr\/news\/wp-json\/wp\/v2\/comments?post=3075"}],"version-history":[{"count":0,"href":"https:\/\/afea.fr\/news\/wp-json\/wp\/v2\/posts\/3075\/revisions"}],"wp:attachment":[{"href":"https:\/\/afea.fr\/news\/wp-json\/wp\/v2\/media?parent=3075"}],"wp:term":[{"taxonomy":"category","embeddable":true,"href":"https:\/\/afea.fr\/news\/wp-json\/wp\/v2\/categories?post=3075"},{"taxonomy":"post_tag","embeddable":true,"href":"https:\/\/afea.fr\/news\/wp-json\/wp\/v2\/tags?post=3075"}],"curies":[{"name":"wp","href":"https:\/\/api.w.org\/{rel}","templated":true}]}}