{"id":3072,"date":"2023-05-10T18:31:39","date_gmt":"2023-05-10T16:31:39","guid":{"rendered":"https:\/\/afea.fr\/news\/conference-symposium\/colloque-lechelle-de-lart-du-monument-a-lornement-musee-de-beaux-arts-lyon-12-m-ai\/3072\/"},"modified":"2023-05-10T18:31:39","modified_gmt":"2023-05-10T16:31:39","slug":"colloque-lechelle-de-lart-du-monument-a-lornement-musee-de-beaux-arts-lyon-12-m-ai","status":"publish","type":"post","link":"https:\/\/afea.fr\/news\/conference-symposium\/colloque-lechelle-de-lart-du-monument-a-lornement-musee-de-beaux-arts-lyon-12-m-ai\/3072\/","title":{"rendered":"Colloque \u00ab\u00a0L&rsquo;Echelle de l&rsquo;Art: du monument \u00e0 l&rsquo;ornement\u00a0\u00bb, Mus\u00e9e de Beaux-Arts Lyon, 12 m ai"},"content":{"rendered":"<p>Ch\u00e8res et chers coll\u00e8gues,<\/p>\n<p>Vous \u00eates cordialement invit\u00e9s \u00e0 assister au colloque <strong>L\u2019Echelle de l\u2019Art: du monument<\/strong> <strong>\u00e0 l\u2019ornement<\/strong> que Guillaume Braquet, Carole Delhorme et moi-m\u00eame organisons au <strong>Mus\u00e9e des Beaux-Arts de Lyon le 12 mai. <\/strong><\/p>\n<p>Vous trouverez plus informations sur la page suivante: <a href=\"https:\/\/facdeslangues.univ-lyon3.fr\/colloque-lechelle-de-lart-du-monument-a-lornement\" title=\"https:\/\/facdeslangues.univ-lyon3.fr\/colloque-lechelle-de-lart-du-monument-a-lornement\">https:\/\/facdeslangues.univ-lyon3.fr\/colloque-lechelle-de-lart-du-monument-a-lornement<\/a><\/p>\n<p>Chacun peut venir gratuitement, il faut simplement nous le signaler et nous vous mettrons sur liste d\u2019entr\u00e9e.<\/p>\n<p>VENDREDI 12 MAI 2023<br \/>\n<strong>AUDITORIUM &#8211; MUSEE DES BEAUX-ARTS DE LYON<\/strong><\/p>\n<p><em>Pr\u00e9sidente de s\u00e9ance : <strong>Claire Dodane<\/strong>, Universit\u00e9 Jean Moulin Lyon 3<\/em><\/p>\n<p>9h00 &#8211; <strong>Guillaume Braquet<\/strong> (U. Jean Moulin Lyon 3) : \u00ab Perspectives du souvenir : Charlotte Bront\u00eb et l\u2019\u00e9chelle de la m\u00e9moire \u00bb<\/p>\n<p>9h45 \u2013 <strong>Aur\u00e9lie BARRE &amp; Olivier Leplatre<\/strong> (U. Jean Moulin Lyon 3) : \u00ab Des images \u00e0 l\u2019\u00e9chelle du c\u0153ur \u00bb<\/p>\n<p>10h45 \u2013 <strong>Lawrence Gasquet<\/strong> (U. Jean Moulin Lyon 3) : \u00ab Le vivant catoptrique : Andr\u00e9 Le N\u00f4tre ou la nature mise \u00e0 l\u2019\u00e9chelle de sa repr\u00e9sentation \u00bb<\/p>\n<p>11h30 \u2013 <strong>H\u00e9l\u00e8ne Sirven <\/strong>(Universit\u00e9 Paris 1 \u2013 Panth\u00e9on Sorbonne) : \u00ab L\u2019\u00e9chelle des ailleurs. R\u00e9cits, images du voyage illustr\u00e9 (Lewis Carroll, George Catlin) et de la travers\u00e9e des territoires (Robert Smithson) \u00bb<\/p>\n<p><em>Pr\u00e9sident de s\u00e9ance : <strong>Pierre-Antoine Pellerin<\/strong>, Universit\u00e9 Jean Moulin Lyon 3<\/em><\/p>\n<p>14h15 \u2013 <strong>Nicola Jankovic<\/strong> (Directeur des \u00e9ditions B2) : \u00ab POWERS OF TEN et les b\u00e2timents dans l&rsquo;\u00e9dition d&rsquo;architecture \u00bb<\/p>\n<p>15h00 \u2013 <strong>Carole Delhorme<\/strong> (U. Jean Moulin Lyon 3) : \u00ab \u2018Palaces of Art\u2019: la monumentalisation de l&rsquo;ornement dans le Mouvement Esth\u00e9tique anglais \u00bb<\/p>\n<p>16h00 \u2013 <strong>Coralie Griffon<\/strong> (U. de Compi\u00e8gne) : \u00ab L\u2019Echelle des Sculptures d\u2019Antony Gormley : Perspectives et Imagination \u00bb<\/p>\n<p>16h45 \u2013 <strong>Bertrand Pr\u00e9vost<\/strong> (U. Bordeaux Montaigne) : \u00ab Grandeur intensive &#8211; Disparates sur la statue, le monument, l\u2019objet \u00bb<\/p>\n<p>Bien cordialement,<\/p>\n<p>Lawrence Gasquet<\/p>\n","protected":false},"excerpt":{"rendered":"<p>Ch\u00e8res et chers coll\u00e8gues, Vous \u00eates cordialement invit\u00e9s \u00e0 assister au colloque L\u2019Echelle de l\u2019Art: du monument \u00e0 l\u2019ornement que [&hellip;]<\/p>\n","protected":false},"author":1,"featured_media":0,"comment_status":"","ping_status":"open","sticky":false,"template":"","format":"standard","meta":{"_uag_custom_page_level_css":"","site-sidebar-layout":"default","site-content-layout":"","ast-site-content-layout":"default","site-content-style":"default","site-sidebar-style":"default","ast-global-header-display":"","ast-banner-title-visibility":"","ast-main-header-display":"","ast-hfb-above-header-display":"","ast-hfb-below-header-display":"","ast-hfb-mobile-header-display":"","site-post-title":"","ast-breadcrumbs-content":"","ast-featured-img":"","footer-sml-layout":"","ast-disable-related-posts":"","theme-transparent-header-meta":"","adv-header-id-meta":"","stick-header-meta":"","header-above-stick-meta":"","header-main-stick-meta":"","header-below-stick-meta":"","astra-migrate-meta-layouts":"default","ast-page-background-enabled":"default","ast-page-background-meta":{"desktop":{"background-color":"var(--ast-global-color-5)","background-image":"","background-repeat":"repeat","background-position":"center center","background-size":"auto","background-attachment":"scroll","background-type":"","background-media":"","overlay-type":"","overlay-color":"","overlay-opacity":"","overlay-gradient":""},"tablet":{"background-color":"","background-image":"","background-repeat":"repeat","background-position":"center center","background-size":"auto","background-attachment":"scroll","background-type":"","background-media":"","overlay-type":"","overlay-color":"","overlay-opacity":"","overlay-gradient":""},"mobile":{"background-color":"","background-image":"","background-repeat":"repeat","background-position":"center center","background-size":"auto","background-attachment":"scroll","background-type":"","background-media":"","overlay-type":"","overlay-color":"","overlay-opacity":"","overlay-gradient":""}},"ast-content-background-meta":{"desktop":{"background-color":"var(--ast-global-color-4)","background-image":"","background-repeat":"repeat","background-position":"center center","background-size":"auto","background-attachment":"scroll","background-type":"","background-media":"","overlay-type":"","overlay-color":"","overlay-opacity":"","overlay-gradient":""},"tablet":{"background-color":"var(--ast-global-color-4)","background-image":"","background-repeat":"repeat","background-position":"center center","background-size":"auto","background-attachment":"scroll","background-type":"","background-media":"","overlay-type":"","overlay-color":"","overlay-opacity":"","overlay-gradient":""},"mobile":{"background-color":"var(--ast-global-color-4)","background-image":"","background-repeat":"repeat","background-position":"center center","background-size":"auto","background-attachment":"scroll","background-type":"","background-media":"","overlay-type":"","overlay-color":"","overlay-opacity":"","overlay-gradient":""}},"_jetpack_memberships_contains_paid_content":false,"footnotes":""},"categories":[568],"tags":[1304,1064,1220],"class_list":["post-3072","post","type-post","status-publish","format-standard","hentry","category-conference-symposium","tag-echelle","tag-memoire","tag-sculpture"],"jetpack_featured_media_url":"","uagb_featured_image_src":{"full":false,"thumbnail":false,"medium":false,"medium_large":false,"large":false,"1536x1536":false,"2048x2048":false},"uagb_author_info":{"display_name":"Admin","author_link":"https:\/\/afea.fr\/news\/author\/yanb\/"},"uagb_comment_info":0,"uagb_excerpt":"Ch\u00e8res et chers coll\u00e8gues, Vous \u00eates cordialement invit\u00e9s \u00e0 assister au colloque L\u2019Echelle de l\u2019Art: du monument \u00e0 l\u2019ornement que [&hellip;]","jetpack_sharing_enabled":true,"_links":{"self":[{"href":"https:\/\/afea.fr\/news\/wp-json\/wp\/v2\/posts\/3072"}],"collection":[{"href":"https:\/\/afea.fr\/news\/wp-json\/wp\/v2\/posts"}],"about":[{"href":"https:\/\/afea.fr\/news\/wp-json\/wp\/v2\/types\/post"}],"author":[{"embeddable":true,"href":"https:\/\/afea.fr\/news\/wp-json\/wp\/v2\/users\/1"}],"replies":[{"embeddable":true,"href":"https:\/\/afea.fr\/news\/wp-json\/wp\/v2\/comments?post=3072"}],"version-history":[{"count":0,"href":"https:\/\/afea.fr\/news\/wp-json\/wp\/v2\/posts\/3072\/revisions"}],"wp:attachment":[{"href":"https:\/\/afea.fr\/news\/wp-json\/wp\/v2\/media?parent=3072"}],"wp:term":[{"taxonomy":"category","embeddable":true,"href":"https:\/\/afea.fr\/news\/wp-json\/wp\/v2\/categories?post=3072"},{"taxonomy":"post_tag","embeddable":true,"href":"https:\/\/afea.fr\/news\/wp-json\/wp\/v2\/tags?post=3072"}],"curies":[{"name":"wp","href":"https:\/\/api.w.org\/{rel}","templated":true}]}}