{"id":3061,"date":"2023-04-14T11:58:54","date_gmt":"2023-04-14T09:58:54","guid":{"rendered":"https:\/\/afea.fr\/news\/cfp\/cfp-colloque-maitres-des-horloges-pouvoir-autorite-et-temporalites-en-culture-de-lecr-an-upvm-montpellier-28-29-septembre-2023\/3061\/"},"modified":"2023-04-14T11:58:54","modified_gmt":"2023-04-14T09:58:54","slug":"cfp-colloque-maitres-des-horloges-pouvoir-autorite-et-temporalites-en-culture-de-lecr-an-upvm-montpellier-28-29-septembre-2023","status":"publish","type":"post","link":"https:\/\/afea.fr\/news\/cfp\/cfp-colloque-maitres-des-horloges-pouvoir-autorite-et-temporalites-en-culture-de-lecr-an-upvm-montpellier-28-29-septembre-2023\/3061\/","title":{"rendered":"CFP Colloque \u00ab\u00a0Maitres des Horloges? Pouvoir, autorit\u00e9 et temporalit\u00e9(s) en culture de l&rsquo;\u00e9cr an\u00a0\u00bb UPVM, Montpellier 28-29 septembre 2023"},"content":{"rendered":"<p><strong>CFP Colloque \u00ab\u00a0Maitres des Horloges? Pouvoir, autorit\u00e9 et temporalit\u00e9(s) en culture de l&rsquo;\u00e9cran\u00a0\u00bb, Universit\u00e9 Paul-Val\u00e9ry Montpellier, 28 et 29 septembre 2023<br \/>\n<\/strong><\/p>\n<p>Ch\u00e8res et chers coll\u00e8gues,<\/p>\n<p>Je vous prie de bien vouloir trouver ci-dessous l&rsquo;appel \u00e0 communications pour le colloque international <strong>\u00ab\u00a0Ma\u00eetres des Horloges ? Pouvoir, autorit\u00e9 et temporalit\u00e9(s) en culture de l&rsquo;\u00e9cran\u00a0\u00bb<\/strong>, qui se tiendra \u00e0 la Maison de la Recherche de l<strong>&lsquo;Universit\u00e9 Paul-Val\u00e9ry Montpellier les 28-29 septembre 2023<\/strong><\/p>\n<p>(cliquer sur ce lien) : <a href=\"https:\/\/pouvoirtempo.sciencesconf.org\/resource\/page\/id\/3\">https:\/\/pouvoirtempo.sciencesconf.org\/resource\/page\/id\/3<\/a><\/p>\n<p>Ce colloque est coorganis\u00e9 par EMMA (UR 741), TransCrit (UR 1569, Paris-8), Figura (UQAM), ACE (UR 1796, Rennes-2) HCTI (UR 4249, UBO), et TIL (UR 4182, Universit\u00e9 de Bourgogne).<\/p>\n<p>Les communications pourront se faire en fran\u00e7ais ou en anglais.<\/p>\n<p><strong>Date limite pour envoyer un abstract de 500 \u00e0 800 mots suivi d&rsquo;une courte bio-biblio : 1er juin 2023.<\/strong><\/p>\n<p><strong>Retour du comit\u00e9 scientifique : 15 juin 2023.<\/strong><\/p>\n<p><strong>Les abstracts seront \u00e0 t\u00e9l\u00e9verser au lien suivant : <a href=\"https:\/\/easychair.org\/my\/conference?conf=clock23\">https:\/\/easychair.org\/my\/conference?conf=clock23<\/a><\/strong><\/p>\n<p>Bien cordialement,<\/p>\n<p>Monica Michlin pour le comit\u00e9 scientifique<\/p>\n","protected":false},"excerpt":{"rendered":"<p>CFP Colloque \u00ab\u00a0Maitres des Horloges? Pouvoir, autorit\u00e9 et temporalit\u00e9(s) en culture de l&rsquo;\u00e9cran\u00a0\u00bb, Universit\u00e9 Paul-Val\u00e9ry Montpellier, 28 et 29 septembre [&hellip;]<\/p>\n","protected":false},"author":1,"featured_media":0,"comment_status":"","ping_status":"open","sticky":false,"template":"","format":"standard","meta":{"_uag_custom_page_level_css":"","site-sidebar-layout":"default","site-content-layout":"","ast-site-content-layout":"default","site-content-style":"default","site-sidebar-style":"default","ast-global-header-display":"","ast-banner-title-visibility":"","ast-main-header-display":"","ast-hfb-above-header-display":"","ast-hfb-below-header-display":"","ast-hfb-mobile-header-display":"","site-post-title":"","ast-breadcrumbs-content":"","ast-featured-img":"","footer-sml-layout":"","ast-disable-related-posts":"","theme-transparent-header-meta":"","adv-header-id-meta":"","stick-header-meta":"","header-above-stick-meta":"","header-main-stick-meta":"","header-below-stick-meta":"","astra-migrate-meta-layouts":"default","ast-page-background-enabled":"default","ast-page-background-meta":{"desktop":{"background-color":"var(--ast-global-color-5)","background-image":"","background-repeat":"repeat","background-position":"center center","background-size":"auto","background-attachment":"scroll","background-type":"","background-media":"","overlay-type":"","overlay-color":"","overlay-opacity":"","overlay-gradient":""},"tablet":{"background-color":"","background-image":"","background-repeat":"repeat","background-position":"center center","background-size":"auto","background-attachment":"scroll","background-type":"","background-media":"","overlay-type":"","overlay-color":"","overlay-opacity":"","overlay-gradient":""},"mobile":{"background-color":"","background-image":"","background-repeat":"repeat","background-position":"center center","background-size":"auto","background-attachment":"scroll","background-type":"","background-media":"","overlay-type":"","overlay-color":"","overlay-opacity":"","overlay-gradient":""}},"ast-content-background-meta":{"desktop":{"background-color":"var(--ast-global-color-4)","background-image":"","background-repeat":"repeat","background-position":"center center","background-size":"auto","background-attachment":"scroll","background-type":"","background-media":"","overlay-type":"","overlay-color":"","overlay-opacity":"","overlay-gradient":""},"tablet":{"background-color":"var(--ast-global-color-4)","background-image":"","background-repeat":"repeat","background-position":"center center","background-size":"auto","background-attachment":"scroll","background-type":"","background-media":"","overlay-type":"","overlay-color":"","overlay-opacity":"","overlay-gradient":""},"mobile":{"background-color":"var(--ast-global-color-4)","background-image":"","background-repeat":"repeat","background-position":"center center","background-size":"auto","background-attachment":"scroll","background-type":"","background-media":"","overlay-type":"","overlay-color":"","overlay-opacity":"","overlay-gradient":""}},"_jetpack_memberships_contains_paid_content":false,"footnotes":""},"categories":[99],"tags":[1301,1299,990,1300],"class_list":["post-3061","post","type-post","status-publish","format-standard","hentry","category-cfp","tag-ecran","tag-horloge","tag-series-televisees","tag-temporalite"],"jetpack_featured_media_url":"","uagb_featured_image_src":{"full":false,"thumbnail":false,"medium":false,"medium_large":false,"large":false,"1536x1536":false,"2048x2048":false},"uagb_author_info":{"display_name":"Admin","author_link":"https:\/\/afea.fr\/news\/author\/yanb\/"},"uagb_comment_info":0,"uagb_excerpt":"CFP Colloque \u00ab\u00a0Maitres des Horloges? Pouvoir, autorit\u00e9 et temporalit\u00e9(s) en culture de l&rsquo;\u00e9cran\u00a0\u00bb, Universit\u00e9 Paul-Val\u00e9ry Montpellier, 28 et 29 septembre [&hellip;]","jetpack_sharing_enabled":true,"_links":{"self":[{"href":"https:\/\/afea.fr\/news\/wp-json\/wp\/v2\/posts\/3061"}],"collection":[{"href":"https:\/\/afea.fr\/news\/wp-json\/wp\/v2\/posts"}],"about":[{"href":"https:\/\/afea.fr\/news\/wp-json\/wp\/v2\/types\/post"}],"author":[{"embeddable":true,"href":"https:\/\/afea.fr\/news\/wp-json\/wp\/v2\/users\/1"}],"replies":[{"embeddable":true,"href":"https:\/\/afea.fr\/news\/wp-json\/wp\/v2\/comments?post=3061"}],"version-history":[{"count":0,"href":"https:\/\/afea.fr\/news\/wp-json\/wp\/v2\/posts\/3061\/revisions"}],"wp:attachment":[{"href":"https:\/\/afea.fr\/news\/wp-json\/wp\/v2\/media?parent=3061"}],"wp:term":[{"taxonomy":"category","embeddable":true,"href":"https:\/\/afea.fr\/news\/wp-json\/wp\/v2\/categories?post=3061"},{"taxonomy":"post_tag","embeddable":true,"href":"https:\/\/afea.fr\/news\/wp-json\/wp\/v2\/tags?post=3061"}],"curies":[{"name":"wp","href":"https:\/\/api.w.org\/{rel}","templated":true}]}}