{"id":3045,"date":"2023-03-30T11:52:41","date_gmt":"2023-03-30T09:52:41","guid":{"rendered":"https:\/\/afea.fr\/news\/?p=3045"},"modified":"2023-03-30T11:55:45","modified_gmt":"2023-03-30T09:55:45","slug":"annonce-seminaire-texte-et-image-5-avril","status":"publish","type":"post","link":"https:\/\/afea.fr\/news\/seminar\/annonce-seminaire-texte-et-image-5-avril\/3045\/","title":{"rendered":"Annonce S\u00e9minaire Texte et Image 5 avril"},"content":{"rendered":"<p>Chers coll\u00e8gues,<\/p>\n<p>Le centre de recherche Texte et Image de Sorbonne Universit\u00e9 poursuit ses travaux sur la mat\u00e9rialit\u00e9 du texte et nous avons le plaisir de vous convier \u00e0 la prochaine s\u00e9ance qui se d\u00e9roulera<\/p>\n<p><strong>le mercredi 5 avril \u00e0 17h30<\/strong> en Sorbonne, Biblioth\u00e8que d&rsquo;anglais, salle G358 (esc G. 2\u00e8me \u00e9tage, entr\u00e9e au 17 rue de la Sorbonne)<\/p>\n<p>Nous accueillerons <strong>Valentin Fauque (Doctorant contractuel Facult\u00e9 des Lettres\/ Coll\u00e8ge des ing\u00e9nieurs de Sorbonne Universit\u00e9)<br \/>\n<\/strong><br \/>\npour une conf\u00e9rence intitul\u00e9e \u00ab\u00a0<strong>La po\u00e9sie au mus\u00e9e: strat\u00e9gies d&rsquo;exposition\u00a0\u00bb<\/strong>.<\/p>\n<p>Nous serons heureux de vous voir \u00e0 cette occasion.<br \/>\nBien cordialement<\/p>\n<div>Fran\u00e7oise Sammarcelli<\/div>\n<div><a href=\"mailto:fsammarcelli11@gmail.comk\">fsammarcelli11@gmail.com<\/a><\/div>\n<p><a href=\"https:\/\/i0.wp.com\/afea.fr\/news\/wp-content\/uploads\/sites\/2\/2023\/03\/Presentation-Texte-et-Image1.png?ssl=1\" rel=\"attachment wp-att-3046\"><img data-recalc-dims=\"1\" loading=\"lazy\" decoding=\"async\" class=\"alignnone size-full wp-image-3046\" title=\"presentation-texte-et-image1-png\" src=\"https:\/\/i0.wp.com\/afea.fr\/news\/wp-content\/uploads\/sites\/2\/2023\/03\/Presentation-Texte-et-Image1.png?resize=1024%2C1024&#038;ssl=1\" alt=\"\" width=\"1024\" height=\"1024\" \/><\/a><\/p>\n","protected":false},"excerpt":{"rendered":"<p>Chers coll\u00e8gues, Le centre de recherche Texte et Image de Sorbonne Universit\u00e9 poursuit ses travaux sur la mat\u00e9rialit\u00e9 du texte [&hellip;]<\/p>\n","protected":false},"author":1,"featured_media":0,"comment_status":"closed","ping_status":"open","sticky":false,"template":"","format":"standard","meta":{"_uag_custom_page_level_css":"","site-sidebar-layout":"default","site-content-layout":"","ast-site-content-layout":"default","site-content-style":"default","site-sidebar-style":"default","ast-global-header-display":"","ast-banner-title-visibility":"","ast-main-header-display":"","ast-hfb-above-header-display":"","ast-hfb-below-header-display":"","ast-hfb-mobile-header-display":"","site-post-title":"","ast-breadcrumbs-content":"","ast-featured-img":"","footer-sml-layout":"","ast-disable-related-posts":"","theme-transparent-header-meta":"","adv-header-id-meta":"","stick-header-meta":"","header-above-stick-meta":"","header-main-stick-meta":"","header-below-stick-meta":"","astra-migrate-meta-layouts":"default","ast-page-background-enabled":"default","ast-page-background-meta":{"desktop":{"background-color":"var(--ast-global-color-5)","background-image":"","background-repeat":"repeat","background-position":"center center","background-size":"auto","background-attachment":"scroll","background-type":"","background-media":"","overlay-type":"","overlay-color":"","overlay-opacity":"","overlay-gradient":""},"tablet":{"background-color":"","background-image":"","background-repeat":"repeat","background-position":"center center","background-size":"auto","background-attachment":"scroll","background-type":"","background-media":"","overlay-type":"","overlay-color":"","overlay-opacity":"","overlay-gradient":""},"mobile":{"background-color":"","background-image":"","background-repeat":"repeat","background-position":"center center","background-size":"auto","background-attachment":"scroll","background-type":"","background-media":"","overlay-type":"","overlay-color":"","overlay-opacity":"","overlay-gradient":""}},"ast-content-background-meta":{"desktop":{"background-color":"var(--ast-global-color-4)","background-image":"","background-repeat":"repeat","background-position":"center center","background-size":"auto","background-attachment":"scroll","background-type":"","background-media":"","overlay-type":"","overlay-color":"","overlay-opacity":"","overlay-gradient":""},"tablet":{"background-color":"var(--ast-global-color-4)","background-image":"","background-repeat":"repeat","background-position":"center center","background-size":"auto","background-attachment":"scroll","background-type":"","background-media":"","overlay-type":"","overlay-color":"","overlay-opacity":"","overlay-gradient":""},"mobile":{"background-color":"var(--ast-global-color-4)","background-image":"","background-repeat":"repeat","background-position":"center center","background-size":"auto","background-attachment":"scroll","background-type":"","background-media":"","overlay-type":"","overlay-color":"","overlay-opacity":"","overlay-gradient":""}},"_jetpack_memberships_contains_paid_content":false,"footnotes":""},"categories":[100],"tags":[1034,1294,1293,778],"class_list":["post-3045","post","type-post","status-publish","format-standard","hentry","category-seminar","tag-exposition","tag-materialite-du-texte","tag-musee","tag-poesie"],"jetpack_featured_media_url":"","uagb_featured_image_src":{"full":false,"thumbnail":false,"medium":false,"medium_large":false,"large":false,"1536x1536":false,"2048x2048":false},"uagb_author_info":{"display_name":"Admin","author_link":"https:\/\/afea.fr\/news\/author\/yanb\/"},"uagb_comment_info":0,"uagb_excerpt":"Chers coll\u00e8gues, Le centre de recherche Texte et Image de Sorbonne Universit\u00e9 poursuit ses travaux sur la mat\u00e9rialit\u00e9 du texte [&hellip;]","jetpack_sharing_enabled":true,"_links":{"self":[{"href":"https:\/\/afea.fr\/news\/wp-json\/wp\/v2\/posts\/3045"}],"collection":[{"href":"https:\/\/afea.fr\/news\/wp-json\/wp\/v2\/posts"}],"about":[{"href":"https:\/\/afea.fr\/news\/wp-json\/wp\/v2\/types\/post"}],"author":[{"embeddable":true,"href":"https:\/\/afea.fr\/news\/wp-json\/wp\/v2\/users\/1"}],"replies":[{"embeddable":true,"href":"https:\/\/afea.fr\/news\/wp-json\/wp\/v2\/comments?post=3045"}],"version-history":[{"count":2,"href":"https:\/\/afea.fr\/news\/wp-json\/wp\/v2\/posts\/3045\/revisions"}],"predecessor-version":[{"id":3052,"href":"https:\/\/afea.fr\/news\/wp-json\/wp\/v2\/posts\/3045\/revisions\/3052"}],"wp:attachment":[{"href":"https:\/\/afea.fr\/news\/wp-json\/wp\/v2\/media?parent=3045"}],"wp:term":[{"taxonomy":"category","embeddable":true,"href":"https:\/\/afea.fr\/news\/wp-json\/wp\/v2\/categories?post=3045"},{"taxonomy":"post_tag","embeddable":true,"href":"https:\/\/afea.fr\/news\/wp-json\/wp\/v2\/tags?post=3045"}],"curies":[{"name":"wp","href":"https:\/\/api.w.org\/{rel}","templated":true}]}}