{"id":3042,"date":"2023-03-30T11:38:05","date_gmt":"2023-03-30T09:38:05","guid":{"rendered":"https:\/\/afea.fr\/news\/seminar\/seminaire-la-californie-en-questions-nouvelle-date-20-avril-2023\/3042\/"},"modified":"2023-03-30T11:38:05","modified_gmt":"2023-03-30T09:38:05","slug":"seminaire-la-californie-en-questions-nouvelle-date-20-avril-2023","status":"publish","type":"post","link":"https:\/\/afea.fr\/news\/seminar\/seminaire-la-californie-en-questions-nouvelle-date-20-avril-2023\/3042\/","title":{"rendered":"S\u00e9minaire \u00ab\u00a0La Californie en questions\u00a0\u00bb Nouvelle date : 20 avril 2023"},"content":{"rendered":"<p>Ch\u00e8res et chers coll\u00e8gues,<\/p>\n<p>Nous avons le plaisir de vous inviter \u00e0 la prochaine s\u00e9ance du s\u00e9minaire \u00ab La Californie en Questions \u00bb du laboratoire HDEA (Histoire et Dynamique des Espaces Anglophones, Sorbonne Universit\u00e9) :<\/p>\n<p>Emilie Blanc (Universit\u00e9 Rennes II)<br \/>\n\u00ab Politiques visuelles dans la r\u00e9gion de San Francisco : affiches et f\u00e9minismes (ann\u00e9es 1960-1970) \u00bb<\/p>\n<p>Jeudi, 20 avril, 2023, 17h30 \u2013 19h00<\/p>\n<p>Biblioth\u00e8que de l\u2019UFR Etudes Anglophones, Sorbonne Universit\u00e9<br \/>\n1 rue Victor Cousin, 75005 Paris, Escalier G, 2e \u00e9tage, salle G358<\/p>\n<p>NB : L\u2019entr\u00e9e au sein de l\u2019universit\u00e9 \u00e9tant contr\u00f4l\u00e9, il est n\u00e9cessaire de s\u2019inscrire au pr\u00e9alable afin de pouvoir assister au s\u00e9minaire.<br \/>\nPour les personnes ext\u00e9rieures \u00e0 Sorbonne Universit\u00e9, merci de remplir ce formulaire au plus tard le lundi 17 avril :<br \/>\n<a href=\"https:\/\/forms.gle\/uNykMf4xVoPAVPJZA\">https:\/\/forms.gle\/uNykMf4xVoPAVPJZA<\/a><\/p>\n<p>Bien amicalement,<br \/>\nCarolin G\u00f6rgen, Thibaut Cl\u00e9ment, Yves Figueiredo &amp; Sandrine Parageau<\/p>\n","protected":false},"excerpt":{"rendered":"<p>Ch\u00e8res et chers coll\u00e8gues, Nous avons le plaisir de vous inviter \u00e0 la prochaine s\u00e9ance du s\u00e9minaire \u00ab La Californie [&hellip;]<\/p>\n","protected":false},"author":1,"featured_media":0,"comment_status":"","ping_status":"open","sticky":false,"template":"","format":"standard","meta":{"_uag_custom_page_level_css":"","site-sidebar-layout":"default","site-content-layout":"","ast-site-content-layout":"default","site-content-style":"default","site-sidebar-style":"default","ast-global-header-display":"","ast-banner-title-visibility":"","ast-main-header-display":"","ast-hfb-above-header-display":"","ast-hfb-below-header-display":"","ast-hfb-mobile-header-display":"","site-post-title":"","ast-breadcrumbs-content":"","ast-featured-img":"","footer-sml-layout":"","ast-disable-related-posts":"","theme-transparent-header-meta":"","adv-header-id-meta":"","stick-header-meta":"","header-above-stick-meta":"","header-main-stick-meta":"","header-below-stick-meta":"","astra-migrate-meta-layouts":"default","ast-page-background-enabled":"default","ast-page-background-meta":{"desktop":{"background-color":"var(--ast-global-color-5)","background-image":"","background-repeat":"repeat","background-position":"center center","background-size":"auto","background-attachment":"scroll","background-type":"","background-media":"","overlay-type":"","overlay-color":"","overlay-opacity":"","overlay-gradient":""},"tablet":{"background-color":"","background-image":"","background-repeat":"repeat","background-position":"center center","background-size":"auto","background-attachment":"scroll","background-type":"","background-media":"","overlay-type":"","overlay-color":"","overlay-opacity":"","overlay-gradient":""},"mobile":{"background-color":"","background-image":"","background-repeat":"repeat","background-position":"center center","background-size":"auto","background-attachment":"scroll","background-type":"","background-media":"","overlay-type":"","overlay-color":"","overlay-opacity":"","overlay-gradient":""}},"ast-content-background-meta":{"desktop":{"background-color":"var(--ast-global-color-4)","background-image":"","background-repeat":"repeat","background-position":"center center","background-size":"auto","background-attachment":"scroll","background-type":"","background-media":"","overlay-type":"","overlay-color":"","overlay-opacity":"","overlay-gradient":""},"tablet":{"background-color":"var(--ast-global-color-4)","background-image":"","background-repeat":"repeat","background-position":"center center","background-size":"auto","background-attachment":"scroll","background-type":"","background-media":"","overlay-type":"","overlay-color":"","overlay-opacity":"","overlay-gradient":""},"mobile":{"background-color":"var(--ast-global-color-4)","background-image":"","background-repeat":"repeat","background-position":"center center","background-size":"auto","background-attachment":"scroll","background-type":"","background-media":"","overlay-type":"","overlay-color":"","overlay-opacity":"","overlay-gradient":""}},"_jetpack_memberships_contains_paid_content":false,"footnotes":""},"categories":[100],"tags":[1286,861,1004,1284,1285],"class_list":["post-3042","post","type-post","status-publish","format-standard","hentry","category-seminar","tag-affiches","tag-californie","tag-feminisme","tag-politiques-visuelles","tag-san-francisco"],"jetpack_featured_media_url":"","uagb_featured_image_src":{"full":false,"thumbnail":false,"medium":false,"medium_large":false,"large":false,"1536x1536":false,"2048x2048":false},"uagb_author_info":{"display_name":"Admin","author_link":"https:\/\/afea.fr\/news\/author\/yanb\/"},"uagb_comment_info":0,"uagb_excerpt":"Ch\u00e8res et chers coll\u00e8gues, Nous avons le plaisir de vous inviter \u00e0 la prochaine s\u00e9ance du s\u00e9minaire \u00ab La Californie [&hellip;]","jetpack_sharing_enabled":true,"_links":{"self":[{"href":"https:\/\/afea.fr\/news\/wp-json\/wp\/v2\/posts\/3042"}],"collection":[{"href":"https:\/\/afea.fr\/news\/wp-json\/wp\/v2\/posts"}],"about":[{"href":"https:\/\/afea.fr\/news\/wp-json\/wp\/v2\/types\/post"}],"author":[{"embeddable":true,"href":"https:\/\/afea.fr\/news\/wp-json\/wp\/v2\/users\/1"}],"replies":[{"embeddable":true,"href":"https:\/\/afea.fr\/news\/wp-json\/wp\/v2\/comments?post=3042"}],"version-history":[{"count":0,"href":"https:\/\/afea.fr\/news\/wp-json\/wp\/v2\/posts\/3042\/revisions"}],"wp:attachment":[{"href":"https:\/\/afea.fr\/news\/wp-json\/wp\/v2\/media?parent=3042"}],"wp:term":[{"taxonomy":"category","embeddable":true,"href":"https:\/\/afea.fr\/news\/wp-json\/wp\/v2\/categories?post=3042"},{"taxonomy":"post_tag","embeddable":true,"href":"https:\/\/afea.fr\/news\/wp-json\/wp\/v2\/tags?post=3042"}],"curies":[{"name":"wp","href":"https:\/\/api.w.org\/{rel}","templated":true}]}}