{"id":3037,"date":"2023-03-30T11:32:36","date_gmt":"2023-03-30T09:32:36","guid":{"rendered":"https:\/\/afea.fr\/news\/?p=3037"},"modified":"2023-03-30T11:32:36","modified_gmt":"2023-03-30T09:32:36","slug":"indicalismo-conflictividad-y-accion-directa-en-las-americas-y-europa-de-fines-del-siglo-xix-a-los-a-nos-1980","status":"publish","type":"post","link":"https:\/\/afea.fr\/news\/publication\/indicalismo-conflictividad-y-accion-directa-en-las-americas-y-europa-de-fines-del-siglo-xix-a-los-a-nos-1980\/3037\/","title":{"rendered":"INDICALISMO, CONFLICTIVIDAD Y ACCI\u00d3N DIRECTA EN LAS AM\u00c9RICAS Y EUROPA, DE FINES DEL SIGLO XIX A LOS A \u00d1OS 1980"},"content":{"rendered":"<p>AFEA NEWS: INDICALISMO, CONFLICTIVIDAD Y ACCI\u00d3N DIRECTA EN LAS AM\u00c9RICAS Y EUROPA, DE FINES DEL SIGLO XIX A LOS A\u00d1OS 1980<\/p>\n<p>Vient de para\u00eetre: Franck Gaudichaud, H\u00e9l\u00e8ne Harter, Antonio Ramos, Elisa Santalena dir, Sindicalismo, conflictividad y acci\u00f3n directa en las Am\u00e9ricas y Europa, de fines del siglo XIX a los a\u00f1os 1980, Santiago du Chili, Ariadna Ediciones, 2023, 571 pages et t\u00e9l\u00e9chargeable (<a>ttps:\/\/ariadnaediciones.cl\/index.php\/catalogo\/230-sindicalismo-conflictividad-y-accion-directa-en-las-americas-y-europa-de-fines-del-siglo-xix-a-los-anos-1980<\/a>)<br \/>\nL&rsquo;ouvrage est multilingue (fran\u00e7ais, anglais, espagnol et italien) et accessible en OpenEdition<\/p>\n<p>Bien cordialement<br \/>\nH\u00e9l\u00e8ne Harter<\/p>\n<p>Source: Helene Harter &lt;helene.harter@univ-paris1.fr&gt;<\/p>\n<p><a href=\"https:\/\/i0.wp.com\/afea.fr\/news\/wp-content\/uploads\/sites\/2\/2023\/03\/Syndicalisme-couverture.png?ssl=1\" rel=\"attachment wp-att-3038\"><img data-recalc-dims=\"1\" loading=\"lazy\" decoding=\"async\" src=\"https:\/\/i0.wp.com\/afea.fr\/news\/wp-content\/uploads\/sites\/2\/2023\/03\/Syndicalisme-couverture.png?resize=1024%2C1024&#038;ssl=1\" alt=\"\" title=\"syndicalisme-couverture-png\" width=\"1024\" height=\"1024\" class=\"alignnone size-full wp-image-3038\" \/><\/a><\/p>\n","protected":false},"excerpt":{"rendered":"<p>AFEA NEWS: INDICALISMO, CONFLICTIVIDAD Y ACCI\u00d3N DIRECTA EN LAS AM\u00c9RICAS Y EUROPA, DE FINES DEL SIGLO XIX A LOS A\u00d1OS [&hellip;]<\/p>\n","protected":false},"author":1,"featured_media":0,"comment_status":"closed","ping_status":"open","sticky":false,"template":"","format":"standard","meta":{"_uag_custom_page_level_css":"","site-sidebar-layout":"default","site-content-layout":"","ast-site-content-layout":"default","site-content-style":"default","site-sidebar-style":"default","ast-global-header-display":"","ast-banner-title-visibility":"","ast-main-header-display":"","ast-hfb-above-header-display":"","ast-hfb-below-header-display":"","ast-hfb-mobile-header-display":"","site-post-title":"","ast-breadcrumbs-content":"","ast-featured-img":"","footer-sml-layout":"","ast-disable-related-posts":"","theme-transparent-header-meta":"","adv-header-id-meta":"","stick-header-meta":"","header-above-stick-meta":"","header-main-stick-meta":"","header-below-stick-meta":"","astra-migrate-meta-layouts":"default","ast-page-background-enabled":"default","ast-page-background-meta":{"desktop":{"background-color":"var(--ast-global-color-5)","background-image":"","background-repeat":"repeat","background-position":"center center","background-size":"auto","background-attachment":"scroll","background-type":"","background-media":"","overlay-type":"","overlay-color":"","overlay-opacity":"","overlay-gradient":""},"tablet":{"background-color":"","background-image":"","background-repeat":"repeat","background-position":"center center","background-size":"auto","background-attachment":"scroll","background-type":"","background-media":"","overlay-type":"","overlay-color":"","overlay-opacity":"","overlay-gradient":""},"mobile":{"background-color":"","background-image":"","background-repeat":"repeat","background-position":"center center","background-size":"auto","background-attachment":"scroll","background-type":"","background-media":"","overlay-type":"","overlay-color":"","overlay-opacity":"","overlay-gradient":""}},"ast-content-background-meta":{"desktop":{"background-color":"var(--ast-global-color-4)","background-image":"","background-repeat":"repeat","background-position":"center center","background-size":"auto","background-attachment":"scroll","background-type":"","background-media":"","overlay-type":"","overlay-color":"","overlay-opacity":"","overlay-gradient":""},"tablet":{"background-color":"var(--ast-global-color-4)","background-image":"","background-repeat":"repeat","background-position":"center center","background-size":"auto","background-attachment":"scroll","background-type":"","background-media":"","overlay-type":"","overlay-color":"","overlay-opacity":"","overlay-gradient":""},"mobile":{"background-color":"var(--ast-global-color-4)","background-image":"","background-repeat":"repeat","background-position":"center center","background-size":"auto","background-attachment":"scroll","background-type":"","background-media":"","overlay-type":"","overlay-color":"","overlay-opacity":"","overlay-gradient":""}},"_jetpack_memberships_contains_paid_content":false,"footnotes":""},"categories":[103],"tags":[1278],"class_list":["post-3037","post","type-post","status-publish","format-standard","hentry","category-publication","tag-trade-unionism-history"],"jetpack_featured_media_url":"","uagb_featured_image_src":{"full":false,"thumbnail":false,"medium":false,"medium_large":false,"large":false,"1536x1536":false,"2048x2048":false},"uagb_author_info":{"display_name":"Admin","author_link":"https:\/\/afea.fr\/news\/author\/yanb\/"},"uagb_comment_info":0,"uagb_excerpt":"AFEA NEWS: INDICALISMO, CONFLICTIVIDAD Y ACCI\u00d3N DIRECTA EN LAS AM\u00c9RICAS Y EUROPA, DE FINES DEL SIGLO XIX A LOS A\u00d1OS [&hellip;]","jetpack_sharing_enabled":true,"_links":{"self":[{"href":"https:\/\/afea.fr\/news\/wp-json\/wp\/v2\/posts\/3037"}],"collection":[{"href":"https:\/\/afea.fr\/news\/wp-json\/wp\/v2\/posts"}],"about":[{"href":"https:\/\/afea.fr\/news\/wp-json\/wp\/v2\/types\/post"}],"author":[{"embeddable":true,"href":"https:\/\/afea.fr\/news\/wp-json\/wp\/v2\/users\/1"}],"replies":[{"embeddable":true,"href":"https:\/\/afea.fr\/news\/wp-json\/wp\/v2\/comments?post=3037"}],"version-history":[{"count":1,"href":"https:\/\/afea.fr\/news\/wp-json\/wp\/v2\/posts\/3037\/revisions"}],"predecessor-version":[{"id":3039,"href":"https:\/\/afea.fr\/news\/wp-json\/wp\/v2\/posts\/3037\/revisions\/3039"}],"wp:attachment":[{"href":"https:\/\/afea.fr\/news\/wp-json\/wp\/v2\/media?parent=3037"}],"wp:term":[{"taxonomy":"category","embeddable":true,"href":"https:\/\/afea.fr\/news\/wp-json\/wp\/v2\/categories?post=3037"},{"taxonomy":"post_tag","embeddable":true,"href":"https:\/\/afea.fr\/news\/wp-json\/wp\/v2\/tags?post=3037"}],"curies":[{"name":"wp","href":"https:\/\/api.w.org\/{rel}","templated":true}]}}