{"id":3032,"date":"2023-03-30T09:47:50","date_gmt":"2023-03-30T07:47:50","guid":{"rendered":"https:\/\/afea.fr\/news\/publication\/publi-biodiversite-enjeux-ecopoetiques\/3032\/"},"modified":"2023-03-30T09:47:50","modified_gmt":"2023-03-30T07:47:50","slug":"publi-biodiversite-enjeux-ecopoetiques","status":"publish","type":"post","link":"https:\/\/afea.fr\/news\/publication\/publi-biodiversite-enjeux-ecopoetiques\/3032\/","title":{"rendered":"Publi Biodiversit\u00e9: Enjeux \u00e9copo\u00e9tiques"},"content":{"rendered":"<p>Chers et ch\u00e8res coll\u00e8gues,<br \/>\nJ&rsquo;ai la joie de vous annoncer la parution du volume collectif et international consacr\u00e9 \u00e0 des approches \u00e9copo\u00e9tiques de la biodiversit\u00e9. Issues au d\u00e9part d&rsquo;un partenariat entre l&rsquo;UPVD et l&rsquo;Universit\u00e9 de Sacr\u00e9 Coeur, \u00e0 Milan, les contributions ici rassembl\u00e9es r\u00e9sultent de plusieurs journ\u00e9es de recherche organis\u00e9es \u00e0 l&rsquo;UPVD, dont une en collaboration avec L&rsquo;Universit\u00e9 de Milan (Davide Vago), sur le th\u00e8me de la biodiversit\u00e9 \u00e0 la lumi\u00e8re de l&rsquo;\u00e9copo\u00e9tique:<a href=\"https:\/\/ecopoetique.hypotheses.org\/9264\"> https:\/\/ecopoetique.hypotheses.org\/9264<\/a><\/p>\n<p>Ce volume est en fran\u00e7ais et il a \u00e9t\u00e9 codirig\u00e9 par Pascale Amiot, Davide Vago et moi-m\u00eame. Il y est question de litt\u00e9ratures fran\u00e7aise, \u00e9tasunienne et irlandaise. On y voyage jusqu&rsquo;en Equateur, gr\u00e2ce \u00e0 la plume d&rsquo;Anne Sibran, mise \u00e0 l&rsquo;honneur \u00e0 l&rsquo;UPVD et dans ce num\u00e9ro, \u00e0 la fois pour son roman liminal et fonci\u00e8rement \u00e9copo\u00e9tique, <em>Enfance d&rsquo;un chaman, <\/em>et par le biais d&rsquo;un entretien avec Pascale Amiot.<\/p>\n<p>Je profite de l&rsquo;occasion pour vous rappeler que se tiendra ce vendredi \u00e0 l&rsquo;UPVD une journ\u00e9e d&rsquo;\u00e9tudes de 13h00 \u00e0 22h00, dans le cadre du programme port\u00e9 par OIKOS sur une \u00e9copo\u00e9tique bleue: <a href=\"https:\/\/ecopoetique.hypotheses.org\/9231\">https:\/\/ecopoetique.hypotheses.org\/9231<\/a>. Vous \u00eates notamment convi\u00e9.e.s \u00e0 la s\u00e9ance de cin\u00e9ma qui cl\u00f4turera la journ\u00e9e au Castillet: y sera projet\u00e9e et discut\u00e9e l&rsquo;adaptation par Olivia Newman du roman <em>Where the Crawdas Sing<\/em> de Delia Owens, roman qui fait justement l&rsquo;objet d&rsquo;un bel article de Claire Cazajous-Aug\u00e9 dans le volume collectif annonc\u00e9 ci-dessus.<\/p>\n<p>En vous souhaitant une bonne lecture,<br \/>\n&#8212;<\/p>\n<p>B\u00e9n\u00e9dicte Meillon<br \/>\nMa\u00eetresse de Conf\u00e9rences HDR, Universit\u00e9 de Perpignan Via Domitia<br \/>\nDirectrice du D\u00e9partement d&rsquo;Etudes Anglophones \u00e0 l&rsquo;UPVD<br \/>\nVice-Pr\u00e9sidente d&rsquo;EASLCE<\/p>\n<p>Associate Professor and HDR, University of Perpignan Via Domitia<br \/>\nHead of the English Studies Department at UPVD<\/p>\n<p>EASLCE Vice-President<\/p>\n","protected":false},"excerpt":{"rendered":"<p>Chers et ch\u00e8res coll\u00e8gues, J&rsquo;ai la joie de vous annoncer la parution du volume collectif et international consacr\u00e9 \u00e0 des [&hellip;]<\/p>\n","protected":false},"author":1,"featured_media":0,"comment_status":"","ping_status":"open","sticky":false,"template":"","format":"standard","meta":{"_uag_custom_page_level_css":"","site-sidebar-layout":"default","site-content-layout":"","ast-site-content-layout":"default","site-content-style":"default","site-sidebar-style":"default","ast-global-header-display":"","ast-banner-title-visibility":"","ast-main-header-display":"","ast-hfb-above-header-display":"","ast-hfb-below-header-display":"","ast-hfb-mobile-header-display":"","site-post-title":"","ast-breadcrumbs-content":"","ast-featured-img":"","footer-sml-layout":"","ast-disable-related-posts":"","theme-transparent-header-meta":"","adv-header-id-meta":"","stick-header-meta":"","header-above-stick-meta":"","header-main-stick-meta":"","header-below-stick-meta":"","astra-migrate-meta-layouts":"default","ast-page-background-enabled":"default","ast-page-background-meta":{"desktop":{"background-color":"var(--ast-global-color-5)","background-image":"","background-repeat":"repeat","background-position":"center center","background-size":"auto","background-attachment":"scroll","background-type":"","background-media":"","overlay-type":"","overlay-color":"","overlay-opacity":"","overlay-gradient":""},"tablet":{"background-color":"","background-image":"","background-repeat":"repeat","background-position":"center center","background-size":"auto","background-attachment":"scroll","background-type":"","background-media":"","overlay-type":"","overlay-color":"","overlay-opacity":"","overlay-gradient":""},"mobile":{"background-color":"","background-image":"","background-repeat":"repeat","background-position":"center center","background-size":"auto","background-attachment":"scroll","background-type":"","background-media":"","overlay-type":"","overlay-color":"","overlay-opacity":"","overlay-gradient":""}},"ast-content-background-meta":{"desktop":{"background-color":"var(--ast-global-color-4)","background-image":"","background-repeat":"repeat","background-position":"center center","background-size":"auto","background-attachment":"scroll","background-type":"","background-media":"","overlay-type":"","overlay-color":"","overlay-opacity":"","overlay-gradient":""},"tablet":{"background-color":"var(--ast-global-color-4)","background-image":"","background-repeat":"repeat","background-position":"center center","background-size":"auto","background-attachment":"scroll","background-type":"","background-media":"","overlay-type":"","overlay-color":"","overlay-opacity":"","overlay-gradient":""},"mobile":{"background-color":"var(--ast-global-color-4)","background-image":"","background-repeat":"repeat","background-position":"center center","background-size":"auto","background-attachment":"scroll","background-type":"","background-media":"","overlay-type":"","overlay-color":"","overlay-opacity":"","overlay-gradient":""}},"_jetpack_memberships_contains_paid_content":false,"footnotes":""},"categories":[103],"tags":[1270,1269,1000,1272,1271],"class_list":["post-3032","post","type-post","status-publish","format-standard","hentry","category-publication","tag-biodiversite","tag-ecopoetique","tag-litteratures","tag-sacre-coeur","tag-upvd"],"jetpack_featured_media_url":"","uagb_featured_image_src":{"full":false,"thumbnail":false,"medium":false,"medium_large":false,"large":false,"1536x1536":false,"2048x2048":false},"uagb_author_info":{"display_name":"Admin","author_link":"https:\/\/afea.fr\/news\/author\/yanb\/"},"uagb_comment_info":0,"uagb_excerpt":"Chers et ch\u00e8res coll\u00e8gues, J&rsquo;ai la joie de vous annoncer la parution du volume collectif et international consacr\u00e9 \u00e0 des [&hellip;]","jetpack_sharing_enabled":true,"_links":{"self":[{"href":"https:\/\/afea.fr\/news\/wp-json\/wp\/v2\/posts\/3032"}],"collection":[{"href":"https:\/\/afea.fr\/news\/wp-json\/wp\/v2\/posts"}],"about":[{"href":"https:\/\/afea.fr\/news\/wp-json\/wp\/v2\/types\/post"}],"author":[{"embeddable":true,"href":"https:\/\/afea.fr\/news\/wp-json\/wp\/v2\/users\/1"}],"replies":[{"embeddable":true,"href":"https:\/\/afea.fr\/news\/wp-json\/wp\/v2\/comments?post=3032"}],"version-history":[{"count":0,"href":"https:\/\/afea.fr\/news\/wp-json\/wp\/v2\/posts\/3032\/revisions"}],"wp:attachment":[{"href":"https:\/\/afea.fr\/news\/wp-json\/wp\/v2\/media?parent=3032"}],"wp:term":[{"taxonomy":"category","embeddable":true,"href":"https:\/\/afea.fr\/news\/wp-json\/wp\/v2\/categories?post=3032"},{"taxonomy":"post_tag","embeddable":true,"href":"https:\/\/afea.fr\/news\/wp-json\/wp\/v2\/tags?post=3032"}],"curies":[{"name":"wp","href":"https:\/\/api.w.org\/{rel}","templated":true}]}}