{"id":3017,"date":"2023-03-27T18:40:15","date_gmt":"2023-03-27T16:40:15","guid":{"rendered":"https:\/\/afea.fr\/news\/cfp\/pub-appel-a-projets-revue-caliban-2027-call-for-projects-caliban-2027\/3017\/"},"modified":"2023-03-27T18:42:59","modified_gmt":"2023-03-27T16:42:59","slug":"pub-appel-a-projets-revue-caliban-2027-call-for-projects-caliban-2027","status":"publish","type":"post","link":"https:\/\/afea.fr\/news\/cfp\/pub-appel-a-projets-revue-caliban-2027-call-for-projects-caliban-2027\/3017\/","title":{"rendered":"PUB Appel \u00e0 projets Revue Caliban 2027 \/ Call for Projects Caliban 2027"},"content":{"rendered":"<p>De la part d&rsquo;Isabelle Keller-Privat (Universit\u00e9 de Toulouse 2 Jean-Jaur\u00e8s) :<\/p>\n<p>Appel \u00e0 projets pour la revue <em>Caliban<\/em> 2027<\/p>\n<p>La revue<em> Caliban<\/em>, revue scientifique du laboratoire CAS, le Centre d\u2019\u00e9tudes AnglophoneS de l\u2019universit\u00e9 de Toulouse, est consacr\u00e9e \u00e0 l\u2019\u00e9tude critique de la litt\u00e9rature, des arts, de l\u2019histoire et des sciences sociales des pays anglophones. Chaque num\u00e9ro est constitu\u00e9 d\u2019un dossier th\u00e9matique, d\u2019une rubrique de recensions d\u2019ouvrages \u00e0 port\u00e9e scientifique, et d\u2019une rubrique intitul\u00e9e \u2018D\u00e9tours\/Detours\u2019. La revue accepte des contributions en anglais et en fran\u00e7ais.<\/p>\n<p>Tout projet \u00e9ditorial est soumis \u00e0 l\u2019\u00e9valuation d\u2019un comit\u00e9 de r\u00e9daction international. Si le projet est retenu par le comit\u00e9 de r\u00e9daction, les articles qui le composent font l\u2019objet d\u2019une \u00e9valuation en triple aveugle.<\/p>\n<p>La revue lance un appel \u00e0 projet pour publication \u00e0 partir de <strong>2027. <\/strong>Toutes les informations pour soumettre un projet sont disponibles sur le site de la revue: <a href=\"https:\/\/journals.openedition.org\/caliban\/\">https:\/\/journals.openedition.org\/caliban\/<\/a><\/p>\n<p>Pour tout renseignement, veuillez vous adresser \u00e0 <a href=\"mailto:caliban-revue@univ-tlse2.fr\" target=\"_blank\" rel=\"noopener\">caliban-revue@univ-tlse2.fr<\/a><\/p>\n<p>*****************************************************************<\/p>\n<p>Call for Projects 2027<\/p>\n<p><em>Caliban<\/em>, a scholarly journal published by the CAS, the Centre for Anglophone Studies of Toulouse University, is devoted to the critical study of the literature, arts, history and social sciences of English-speaking countries. Each issue is thematic and includes reviews of academic publications and a \u201cDetours\u201d section. The journal welcomes articles in both French and English. The proposals will be vetted by the international editorial committee. All articles submitted for an approved thematic issue will be sent for peer-reviewing for acceptance or rejection according to the \u201ctriple-blind review\u201d principle.<\/p>\n<p>We are currently launching a call for projects to be published <strong>from 2027 onwards<\/strong>. The information for submission is available on our website: <a href=\"https:\/\/journals.openedition.org\/caliban\/5502\">https:\/\/journals.openedition.org\/caliban\/5502<\/a><\/p>\n<p>For further enquiries, please contact the general editor: <a href=\"mailto:caliban-revue@univ-tlse2.fr\" target=\"_blank\" rel=\"noopener\">caliban-revue@univ-tlse2.fr<\/a><\/p>\n","protected":false},"excerpt":{"rendered":"<p>De la part d&rsquo;Isabelle Keller-Privat (Universit\u00e9 de Toulouse 2 Jean-Jaur\u00e8s) : Appel \u00e0 projets pour la revue Caliban 2027 La [&hellip;]<\/p>\n","protected":false},"author":1,"featured_media":0,"comment_status":"closed","ping_status":"open","sticky":false,"template":"","format":"standard","meta":{"_uag_custom_page_level_css":"","site-sidebar-layout":"default","site-content-layout":"","ast-site-content-layout":"default","site-content-style":"default","site-sidebar-style":"default","ast-global-header-display":"","ast-banner-title-visibility":"","ast-main-header-display":"","ast-hfb-above-header-display":"","ast-hfb-below-header-display":"","ast-hfb-mobile-header-display":"","site-post-title":"","ast-breadcrumbs-content":"","ast-featured-img":"","footer-sml-layout":"","ast-disable-related-posts":"","theme-transparent-header-meta":"","adv-header-id-meta":"","stick-header-meta":"","header-above-stick-meta":"","header-main-stick-meta":"","header-below-stick-meta":"","astra-migrate-meta-layouts":"default","ast-page-background-enabled":"default","ast-page-background-meta":{"desktop":{"background-color":"var(--ast-global-color-5)","background-image":"","background-repeat":"repeat","background-position":"center center","background-size":"auto","background-attachment":"scroll","background-type":"","background-media":"","overlay-type":"","overlay-color":"","overlay-opacity":"","overlay-gradient":""},"tablet":{"background-color":"","background-image":"","background-repeat":"repeat","background-position":"center center","background-size":"auto","background-attachment":"scroll","background-type":"","background-media":"","overlay-type":"","overlay-color":"","overlay-opacity":"","overlay-gradient":""},"mobile":{"background-color":"","background-image":"","background-repeat":"repeat","background-position":"center center","background-size":"auto","background-attachment":"scroll","background-type":"","background-media":"","overlay-type":"","overlay-color":"","overlay-opacity":"","overlay-gradient":""}},"ast-content-background-meta":{"desktop":{"background-color":"var(--ast-global-color-4)","background-image":"","background-repeat":"repeat","background-position":"center center","background-size":"auto","background-attachment":"scroll","background-type":"","background-media":"","overlay-type":"","overlay-color":"","overlay-opacity":"","overlay-gradient":""},"tablet":{"background-color":"var(--ast-global-color-4)","background-image":"","background-repeat":"repeat","background-position":"center center","background-size":"auto","background-attachment":"scroll","background-type":"","background-media":"","overlay-type":"","overlay-color":"","overlay-opacity":"","overlay-gradient":""},"mobile":{"background-color":"var(--ast-global-color-4)","background-image":"","background-repeat":"repeat","background-position":"center center","background-size":"auto","background-attachment":"scroll","background-type":"","background-media":"","overlay-type":"","overlay-color":"","overlay-opacity":"","overlay-gradient":""}},"_jetpack_memberships_contains_paid_content":false,"footnotes":""},"categories":[99],"tags":[375,1260,1261,711,660],"class_list":["post-3017","post","type-post","status-publish","format-standard","hentry","category-cfp","tag-arts","tag-caliban","tag-histoire","tag-litterature","tag-sciences-sociales"],"jetpack_featured_media_url":"","uagb_featured_image_src":{"full":false,"thumbnail":false,"medium":false,"medium_large":false,"large":false,"1536x1536":false,"2048x2048":false},"uagb_author_info":{"display_name":"Admin","author_link":"https:\/\/afea.fr\/news\/author\/yanb\/"},"uagb_comment_info":0,"uagb_excerpt":"De la part d&rsquo;Isabelle Keller-Privat (Universit\u00e9 de Toulouse 2 Jean-Jaur\u00e8s) : Appel \u00e0 projets pour la revue Caliban 2027 La [&hellip;]","jetpack_sharing_enabled":true,"_links":{"self":[{"href":"https:\/\/afea.fr\/news\/wp-json\/wp\/v2\/posts\/3017"}],"collection":[{"href":"https:\/\/afea.fr\/news\/wp-json\/wp\/v2\/posts"}],"about":[{"href":"https:\/\/afea.fr\/news\/wp-json\/wp\/v2\/types\/post"}],"author":[{"embeddable":true,"href":"https:\/\/afea.fr\/news\/wp-json\/wp\/v2\/users\/1"}],"replies":[{"embeddable":true,"href":"https:\/\/afea.fr\/news\/wp-json\/wp\/v2\/comments?post=3017"}],"version-history":[{"count":1,"href":"https:\/\/afea.fr\/news\/wp-json\/wp\/v2\/posts\/3017\/revisions"}],"predecessor-version":[{"id":3018,"href":"https:\/\/afea.fr\/news\/wp-json\/wp\/v2\/posts\/3017\/revisions\/3018"}],"wp:attachment":[{"href":"https:\/\/afea.fr\/news\/wp-json\/wp\/v2\/media?parent=3017"}],"wp:term":[{"taxonomy":"category","embeddable":true,"href":"https:\/\/afea.fr\/news\/wp-json\/wp\/v2\/categories?post=3017"},{"taxonomy":"post_tag","embeddable":true,"href":"https:\/\/afea.fr\/news\/wp-json\/wp\/v2\/tags?post=3017"}],"curies":[{"name":"wp","href":"https:\/\/api.w.org\/{rel}","templated":true}]}}