{"id":3006,"date":"2023-03-13T11:53:16","date_gmt":"2023-03-13T10:53:16","guid":{"rendered":"https:\/\/afea.fr\/news\/other-news\/job-recrutement-dun-contrat-doctoral-en-litterature-americaine-2023-2026-universite-d-e-lille-laboratoire-cecille\/3006\/"},"modified":"2023-03-13T11:55:15","modified_gmt":"2023-03-13T10:55:15","slug":"job-recrutement-dun-contrat-doctoral-en-litterature-americaine-2023-2026-universite-d-e-lille-laboratoire-cecille","status":"publish","type":"post","link":"https:\/\/afea.fr\/news\/other-news\/job-recrutement-dun-contrat-doctoral-en-litterature-americaine-2023-2026-universite-d-e-lille-laboratoire-cecille\/3006\/","title":{"rendered":"JOB Recrutement d\u2019un contrat doctoral en litt\u00e9rature am\u00e9ricaine 2023-2026, Universit\u00e9 de Lille, Laboratoire CECILLE"},"content":{"rendered":"<p><strong>Recrutement d\u2019un contrat doctoral en litt\u00e9rature am\u00e9ricaine 2023-2026, Universit\u00e9 de Lille, Laboratoire CECILLE<\/strong><\/p>\n<p>Dans le cadre du programme de financement de contrats doctoraux sur sujets labellis\u00e9s soutenu par le conseil scientifique de l\u2019Universit\u00e9 de Lille, le laboratoire CECILLE propose un contrat doctoral financ\u00e9 \u00e0 100%, sur une dur\u00e9e de trois ans, \u00e0 compter du 1er septembre 2023, selon le d\u00e9tail suivant :<\/p>\n<p>Sujet : Le po\u00e8me de guerre nord-am\u00e9ricain : de la Grande Guerre au retrait d\u2019Afghanistan.<\/p>\n<p>Ce projet se propose d\u2019explorer l\u2019\u00e9criture de la guerre en po\u00e9sie nord-am\u00e9ricaine, depuis 1918 jusqu\u2019\u00e0 la chute de Kaboul \u00e0 l\u2019\u00e9t\u00e9 2021, comme lieu d\u2019\u00e9closion paradoxal d\u2019une litt\u00e9rature mondiale. Ces recherches ont \u00e9galement vocation \u00e0 s\u2019inscrire dans un contexte de r\u00e9surgence des questions li\u00e9es aux mutations propres aux affrontements arm\u00e9s dans le monde et aux modes de r\u00e9silience face aux crises provoqu\u00e9es par la guerre qu\u2019offre l\u2019\u00e9criture du conflit.<\/p>\n<p>Encadrant : Xavier Kalck, Professeur de litt\u00e9rature nord-am\u00e9ricaine, Universit\u00e9 de Lille, D\u00e9partement d\u2019\u00e9tudes anglophones, Facult\u00e9 des langues, cultures et soci\u00e9t\u00e9 (<a href=\"https:\/\/pro.univ-lille.fr\/xavier-kalck\/\">https:\/\/pro.univ-lille.fr\/xavier-kalck\/<\/a>)<\/p>\n<p>Unit\u00e9 de recherche de rattachement : Laboratoire CECILLE, Centre d\u2019\u00e9tudes en civilisation, langues et lettres \u00e9trang\u00e8res, ULR 4074. (<a href=\"https:\/\/cecille.univ-lille.fr\/\">https:\/\/cecille.univ-lille.fr<\/a>)<\/p>\n<p>Action vis\u00e9e : Accompagnement du Programme Gradu\u00e9 \u00ab Cultures, soci\u00e9t\u00e9s, pratiques en mutation \u00bb en lien avec les 4 Hubs de l\u2019Universit\u00e9.<\/p>\n<p>Les personnes souhaitant candidater devront \u00eatre titulaire d\u2019un M2 avant fin juillet 2023.<\/p>\n<p>Le dossier doit \u00eatre accompagn\u00e9 des pi\u00e8ces suivantes, r\u00e9unies en un seul document pdf. :<\/p>\n<p>&#8211; un CV,<\/p>\n<p>&#8211; une lettre de motivation,<\/p>\n<p>&#8211; une lettre de recommandation du directeur ou de la directrice de recherche de M2 (attestant, le cas \u00e9ch\u00e9ant, d\u2019une soutenance pr\u00e9vue lors de la session de juin prochain).<\/p>\n<p>&#8211; un projet de recherche de quatre \u00e0 cinq pages dans lequel vous \u00e9voquerez les fa\u00e7ons dont vous envisagez de vous emparer du sujet propos\u00e9.<\/p>\n<p>Voir d\u00e9tails et descriptif complet t\u00e9l\u00e9chargeable en suivant ce lien :<\/p>\n<p><a href=\"https:\/\/drive.google.com\/drive\/folders\/1i6YJjzdLUGVx8chkLA2YhQnppmy2Bdkw?usp=sharing\">https:\/\/drive.google.com\/drive\/folders\/1i6YJjzdLUGVx8chkLA2YhQnppmy2Bdkw?usp=sharing<\/a><\/p>\n<p>Le dossier est \u00e0 faire parvenir \u00e0 xavier.kalck le <strong>5 mai 2023 <\/strong>au plus tard.<\/p>\n<p>Les candidats dont le dossier a \u00e9t\u00e9 retenu seront appel\u00e9s \u00e0 pr\u00e9senter leur candidature devant le laboratoire le 23 mai 2023, en vue d\u2019une audition devant l\u2019\u00c9cole doctorale le 19 juin 2023.<\/p>\n<p>Pour tout renseignement : <a href=\"mailto:xavier.kalck@univ-lille.fr\" target=\"_blank\" rel=\"noopener\"><span lang=\"FR\">xavier.kalck@univ-lille.fr<\/span><\/a><\/p>\n","protected":false},"excerpt":{"rendered":"<p>Recrutement d\u2019un contrat doctoral en litt\u00e9rature am\u00e9ricaine 2023-2026, Universit\u00e9 de Lille, Laboratoire CECILLE Dans le cadre du programme de financement [&hellip;]<\/p>\n","protected":false},"author":1,"featured_media":0,"comment_status":"closed","ping_status":"open","sticky":false,"template":"","format":"standard","meta":{"_uag_custom_page_level_css":"","site-sidebar-layout":"default","site-content-layout":"","ast-site-content-layout":"default","site-content-style":"default","site-sidebar-style":"default","ast-global-header-display":"","ast-banner-title-visibility":"","ast-main-header-display":"","ast-hfb-above-header-display":"","ast-hfb-below-header-display":"","ast-hfb-mobile-header-display":"","site-post-title":"","ast-breadcrumbs-content":"","ast-featured-img":"","footer-sml-layout":"","ast-disable-related-posts":"","theme-transparent-header-meta":"","adv-header-id-meta":"","stick-header-meta":"","header-above-stick-meta":"","header-main-stick-meta":"","header-below-stick-meta":"","astra-migrate-meta-layouts":"default","ast-page-background-enabled":"default","ast-page-background-meta":{"desktop":{"background-color":"var(--ast-global-color-5)","background-image":"","background-repeat":"repeat","background-position":"center center","background-size":"auto","background-attachment":"scroll","background-type":"","background-media":"","overlay-type":"","overlay-color":"","overlay-opacity":"","overlay-gradient":""},"tablet":{"background-color":"","background-image":"","background-repeat":"repeat","background-position":"center center","background-size":"auto","background-attachment":"scroll","background-type":"","background-media":"","overlay-type":"","overlay-color":"","overlay-opacity":"","overlay-gradient":""},"mobile":{"background-color":"","background-image":"","background-repeat":"repeat","background-position":"center center","background-size":"auto","background-attachment":"scroll","background-type":"","background-media":"","overlay-type":"","overlay-color":"","overlay-opacity":"","overlay-gradient":""}},"ast-content-background-meta":{"desktop":{"background-color":"var(--ast-global-color-4)","background-image":"","background-repeat":"repeat","background-position":"center center","background-size":"auto","background-attachment":"scroll","background-type":"","background-media":"","overlay-type":"","overlay-color":"","overlay-opacity":"","overlay-gradient":""},"tablet":{"background-color":"var(--ast-global-color-4)","background-image":"","background-repeat":"repeat","background-position":"center center","background-size":"auto","background-attachment":"scroll","background-type":"","background-media":"","overlay-type":"","overlay-color":"","overlay-opacity":"","overlay-gradient":""},"mobile":{"background-color":"var(--ast-global-color-4)","background-image":"","background-repeat":"repeat","background-position":"center center","background-size":"auto","background-attachment":"scroll","background-type":"","background-media":"","overlay-type":"","overlay-color":"","overlay-opacity":"","overlay-gradient":""}},"_jetpack_memberships_contains_paid_content":false,"footnotes":""},"categories":[119],"tags":[177],"class_list":["post-3006","post","type-post","status-publish","format-standard","hentry","category-other-news","tag-job"],"jetpack_featured_media_url":"","uagb_featured_image_src":{"full":false,"thumbnail":false,"medium":false,"medium_large":false,"large":false,"1536x1536":false,"2048x2048":false},"uagb_author_info":{"display_name":"Admin","author_link":"https:\/\/afea.fr\/news\/author\/yanb\/"},"uagb_comment_info":0,"uagb_excerpt":"Recrutement d\u2019un contrat doctoral en litt\u00e9rature am\u00e9ricaine 2023-2026, Universit\u00e9 de Lille, Laboratoire CECILLE Dans le cadre du programme de financement [&hellip;]","jetpack_sharing_enabled":true,"_links":{"self":[{"href":"https:\/\/afea.fr\/news\/wp-json\/wp\/v2\/posts\/3006"}],"collection":[{"href":"https:\/\/afea.fr\/news\/wp-json\/wp\/v2\/posts"}],"about":[{"href":"https:\/\/afea.fr\/news\/wp-json\/wp\/v2\/types\/post"}],"author":[{"embeddable":true,"href":"https:\/\/afea.fr\/news\/wp-json\/wp\/v2\/users\/1"}],"replies":[{"embeddable":true,"href":"https:\/\/afea.fr\/news\/wp-json\/wp\/v2\/comments?post=3006"}],"version-history":[{"count":1,"href":"https:\/\/afea.fr\/news\/wp-json\/wp\/v2\/posts\/3006\/revisions"}],"predecessor-version":[{"id":3007,"href":"https:\/\/afea.fr\/news\/wp-json\/wp\/v2\/posts\/3006\/revisions\/3007"}],"wp:attachment":[{"href":"https:\/\/afea.fr\/news\/wp-json\/wp\/v2\/media?parent=3006"}],"wp:term":[{"taxonomy":"category","embeddable":true,"href":"https:\/\/afea.fr\/news\/wp-json\/wp\/v2\/categories?post=3006"},{"taxonomy":"post_tag","embeddable":true,"href":"https:\/\/afea.fr\/news\/wp-json\/wp\/v2\/tags?post=3006"}],"curies":[{"name":"wp","href":"https:\/\/api.w.org\/{rel}","templated":true}]}}