{"id":2994,"date":"2023-03-13T11:19:31","date_gmt":"2023-03-13T10:19:31","guid":{"rendered":"https:\/\/afea.fr\/news\/seminar\/prochaine-seance-du-seminaire-cultures-visuelles-et-materielles-des-nationalismes-vendredi-17-mar-s-inha\/2994\/"},"modified":"2023-03-13T11:40:09","modified_gmt":"2023-03-13T10:40:09","slug":"prochaine-seance-du-seminaire-cultures-visuelles-et-materielles-des-nationalismes-vendredi-17-mar-s-inha","status":"publish","type":"post","link":"https:\/\/afea.fr\/news\/seminar\/prochaine-seance-du-seminaire-cultures-visuelles-et-materielles-des-nationalismes-vendredi-17-mar-s-inha\/2994\/","title":{"rendered":"Prochaine s\u00e9ance du s\u00e9minaire \u00ab\u00a0Cultures visuelles et mat\u00e9rielles des nationalismes\u00a0\u00bb vendredi 17 mars, INHA"},"content":{"rendered":"<p>Ch\u00e8res et chers coll\u00e8gues,<\/p>\n<p>La prochaine s\u00e9ance du s\u00e9minaire \u00ab\u00a0cultures visuelles et mat\u00e9rielles des nationalismes\u00a0\u00bb se tiendra vendredi prochain, le 17 mars, de 10h \u00e0 12h. Nous aurons le plaisir d&rsquo;entendre Corentin Marion (Institut historique allemand, Universit\u00e9 Paris Cit\u00e9, Universit\u00e4t Bielefeld) dont la communication s&rsquo;intitule \u00ab\u00a0La fabrique transnationale de la nation. Histoire du concept de nation et du nationalisme (France-Allemagne, 1848-1871)\u00a0\u00bb<\/p>\n<p>Cette recherche a pour objectif, \u00e0 partir de sources parlementaires et de publications d\u2019intellectuels, de mettre au jour au sein d\u2019une histoire transnationale des concepts les m\u00e9canismes d\u2019\u00e9criture et de r\u00e9\u00e9criture des concepts, postulant non seulement leur variabilit\u00e9 historique mais aussi situationnelle ainsi que leur inscription dans des interd\u00e9pendances et des contextes discursifs transnationaux. Dans une perspective d\u2019histoire de la culture mat\u00e9rielle, nous nous int\u00e9resserons \u00e0 la circulation transfrontali\u00e8re des textes pris dans leur mat\u00e9rialit\u00e9. Le concept d\u2019image sera pris ici dans le sens de m\u00e9taphore s\u00e9mantique, puisqu\u2019il s\u2019agira ainsi d&rsquo;analyser la circulation de m\u00e9taphores ou d\u2019expressions li\u00e9es au concept de nation. \u00bb<\/p>\n<p>Nous nous r\u00e9unirons en salle Chastel, au rez-de-chauss\u00e9e dans la galerie Colbert. Un lien de connexion pourra \u00eatre cr\u00e9\u00e9 pour celles et ceux qui ne pourraient pas se d\u00e9placer.<\/p>\n<p>Au plaisir de vous retrouver nombreuses et nombreux la semaine prochaine,<\/p>\n<p>H\u00e9l\u00e8ne Valance et Laurent Dedryv\u00e8re<\/p>\n","protected":false},"excerpt":{"rendered":"<p>Ch\u00e8res et chers coll\u00e8gues, La prochaine s\u00e9ance du s\u00e9minaire \u00ab\u00a0cultures visuelles et mat\u00e9rielles des nationalismes\u00a0\u00bb se tiendra vendredi prochain, le [&hellip;]<\/p>\n","protected":false},"author":1,"featured_media":0,"comment_status":"closed","ping_status":"open","sticky":false,"template":"","format":"standard","meta":{"_uag_custom_page_level_css":"","site-sidebar-layout":"default","site-content-layout":"","ast-site-content-layout":"default","site-content-style":"default","site-sidebar-style":"default","ast-global-header-display":"","ast-banner-title-visibility":"","ast-main-header-display":"","ast-hfb-above-header-display":"","ast-hfb-below-header-display":"","ast-hfb-mobile-header-display":"","site-post-title":"","ast-breadcrumbs-content":"","ast-featured-img":"","footer-sml-layout":"","ast-disable-related-posts":"","theme-transparent-header-meta":"","adv-header-id-meta":"","stick-header-meta":"","header-above-stick-meta":"","header-main-stick-meta":"","header-below-stick-meta":"","astra-migrate-meta-layouts":"default","ast-page-background-enabled":"default","ast-page-background-meta":{"desktop":{"background-color":"var(--ast-global-color-5)","background-image":"","background-repeat":"repeat","background-position":"center center","background-size":"auto","background-attachment":"scroll","background-type":"","background-media":"","overlay-type":"","overlay-color":"","overlay-opacity":"","overlay-gradient":""},"tablet":{"background-color":"","background-image":"","background-repeat":"repeat","background-position":"center center","background-size":"auto","background-attachment":"scroll","background-type":"","background-media":"","overlay-type":"","overlay-color":"","overlay-opacity":"","overlay-gradient":""},"mobile":{"background-color":"","background-image":"","background-repeat":"repeat","background-position":"center center","background-size":"auto","background-attachment":"scroll","background-type":"","background-media":"","overlay-type":"","overlay-color":"","overlay-opacity":"","overlay-gradient":""}},"ast-content-background-meta":{"desktop":{"background-color":"var(--ast-global-color-4)","background-image":"","background-repeat":"repeat","background-position":"center center","background-size":"auto","background-attachment":"scroll","background-type":"","background-media":"","overlay-type":"","overlay-color":"","overlay-opacity":"","overlay-gradient":""},"tablet":{"background-color":"var(--ast-global-color-4)","background-image":"","background-repeat":"repeat","background-position":"center center","background-size":"auto","background-attachment":"scroll","background-type":"","background-media":"","overlay-type":"","overlay-color":"","overlay-opacity":"","overlay-gradient":""},"mobile":{"background-color":"var(--ast-global-color-4)","background-image":"","background-repeat":"repeat","background-position":"center center","background-size":"auto","background-attachment":"scroll","background-type":"","background-media":"","overlay-type":"","overlay-color":"","overlay-opacity":"","overlay-gradient":""}},"_jetpack_memberships_contains_paid_content":false,"footnotes":""},"categories":[100],"tags":[873,1244,1245,1246],"class_list":["post-2994","post","type-post","status-publish","format-standard","hentry","category-seminar","tag-culture-materielle","tag-culture-visuelle","tag-nation","tag-nationalisme"],"jetpack_featured_media_url":"","uagb_featured_image_src":{"full":false,"thumbnail":false,"medium":false,"medium_large":false,"large":false,"1536x1536":false,"2048x2048":false},"uagb_author_info":{"display_name":"Admin","author_link":"https:\/\/afea.fr\/news\/author\/yanb\/"},"uagb_comment_info":0,"uagb_excerpt":"Ch\u00e8res et chers coll\u00e8gues, La prochaine s\u00e9ance du s\u00e9minaire \u00ab\u00a0cultures visuelles et mat\u00e9rielles des nationalismes\u00a0\u00bb se tiendra vendredi prochain, le [&hellip;]","jetpack_sharing_enabled":true,"_links":{"self":[{"href":"https:\/\/afea.fr\/news\/wp-json\/wp\/v2\/posts\/2994"}],"collection":[{"href":"https:\/\/afea.fr\/news\/wp-json\/wp\/v2\/posts"}],"about":[{"href":"https:\/\/afea.fr\/news\/wp-json\/wp\/v2\/types\/post"}],"author":[{"embeddable":true,"href":"https:\/\/afea.fr\/news\/wp-json\/wp\/v2\/users\/1"}],"replies":[{"embeddable":true,"href":"https:\/\/afea.fr\/news\/wp-json\/wp\/v2\/comments?post=2994"}],"version-history":[{"count":1,"href":"https:\/\/afea.fr\/news\/wp-json\/wp\/v2\/posts\/2994\/revisions"}],"predecessor-version":[{"id":2999,"href":"https:\/\/afea.fr\/news\/wp-json\/wp\/v2\/posts\/2994\/revisions\/2999"}],"wp:attachment":[{"href":"https:\/\/afea.fr\/news\/wp-json\/wp\/v2\/media?parent=2994"}],"wp:term":[{"taxonomy":"category","embeddable":true,"href":"https:\/\/afea.fr\/news\/wp-json\/wp\/v2\/categories?post=2994"},{"taxonomy":"post_tag","embeddable":true,"href":"https:\/\/afea.fr\/news\/wp-json\/wp\/v2\/tags?post=2994"}],"curies":[{"name":"wp","href":"https:\/\/api.w.org\/{rel}","templated":true}]}}