{"id":2963,"date":"2023-02-21T15:33:57","date_gmt":"2023-02-21T14:33:57","guid":{"rendered":"https:\/\/afea.fr\/news\/publication\/frontieres-et-espaces-frontiere-dans-laire-anglophone-tomes-i-et-ii\/2963\/"},"modified":"2023-02-21T15:33:57","modified_gmt":"2023-02-21T14:33:57","slug":"frontieres-et-espaces-frontiere-dans-laire-anglophone-tomes-i-et-ii","status":"publish","type":"post","link":"https:\/\/afea.fr\/news\/publication\/frontieres-et-espaces-frontiere-dans-laire-anglophone-tomes-i-et-ii\/2963\/","title":{"rendered":"Fronti\u00e8re(s) et espace(s)-fronti\u00e8re dans l\u2019aire anglophone. Tomes I et II"},"content":{"rendered":"<p>Ch\u00e8res et chers coll\u00e8gues,<\/p>\n<p>Nous avons le plaisir de vous annoncer la parution des deux num\u00e9ros de la revue <em>Cycnos<\/em> suivants.<\/p>\n<p>Cordialement.<\/p>\n<p>Ruxandra Pavelchievici et Didier Revest<br \/>\nUniversit\u00e9 C\u00f4te d&rsquo;Azur<\/p>\n<p>Volume 38, n\u00b0 1 (2023) Fronti\u00e8re(s) et espace(s)-fronti\u00e8re dans l\u2019aire anglophone (Tome I) sous la direction de Ruxandra Pavelchievici et Didier Revest<br \/>\nParis : L&rsquo;Harmattan, 210 p. ISBN : 978-2-14-032475-8<\/p>\n<p>Ruxandra Pavelchievici et Didier Revest<br \/>\nIntroduction<br \/>\nNathalie Massip<br \/>\nL\u2019historiographie de l\u2019Ouest am\u00e9ricain : fonti\u00e8re, r\u00e9gion, espace-fronti\u00e8re<br \/>\nFlavien Bardet<br \/>\nConservatrice ou lib\u00e9rale : la fronti\u00e8re imp\u00e9riale dans le d\u00e9bat public britannique selon George Nathaniel Curzon \u00e0 l\u2019aube de la premi\u00e8re guerre mondiale<br \/>\nJoseph Egwurube<br \/>\nDivisive and Separatist Effects of the Practice of Nigerian Federalism<br \/>\nCecilia Smith<br \/>\nHomelessness in Massachusetts: Uncharted Territories<br \/>\nDidier Revest<br \/>\nThe Anglo-Scottish Border: a Border Like No Other<br \/>\nDidier Revest<br \/>\nPersistent, Shifting, Elusive: Wales and Its Numerous Borders<br \/>\nChristine Zumello<br \/>\nFranchir une ligne. L\u2019art et la banque, le cas de Chase Manhattan<\/p>\n<p>Volume 38, n\u00b0 2 (2023) Fronti\u00e8re(s) et espace(s)-fronti\u00e8re dans l\u2019aire anglophone (Tome II) sous la direction de Ruxandra Pavelchievici et Didier Revest<br \/>\nParis : L&rsquo;Harmattan, 254 p. ISBN : 978-2-14-032478-9<\/p>\n<p>Ruxandra Pavelchievici et Didier Revest<br \/>\nIntroduction<br \/>\nEmmanuelle Peraldo<br \/>\n\u201cWith this Turkish Slave, I bought the rich Cloaths too\u201d (Roxana: 174): the Global Eighteenth Century and the Thin Boundary between Legal and Illegal Traffic in Defoe\u2019s Narratives<br \/>\nFabien Desset<br \/>\nThe Merging of Physical and Mental Boundaries in Shelley\u2019s Poetry and Prose<br \/>\nMaud Delage de Luget<br \/>\nPublic Transport as Moving Borders in the Works of Ford Madox Ford, E. M. Forster, Virginia Woolf and George Orwell<br \/>\nMathilde Rogez<br \/>\nLa conqu\u00eate de l&rsquo;Ouest am\u00e9ricain comme horizon de la fronti\u00e8re sud-africaine ? \u00c9critures et r\u00e9\u00e9critures d&rsquo;un mythe, entre rupture et suture<br \/>\nAna M. Alves<br \/>\nExil et fronti\u00e8res chez Nancy Huston<br \/>\n\u00c9lodie Trol\u00e9<br \/>\n\u00c0 la fronti\u00e8re du r\u00e9el et de l\u2019imaginaire : h\u00e9t\u00e9rotopie et hybridit\u00e9 dans le roman de Patricia Eakins The Marvelous Adventures of Pierre Baptiste<br \/>\nVirginia Allen-Terry Sherman<br \/>\nLiterary Frontiers in Contemporary American Narratives on Food and Exile: Where Narrators Are Lost and Genres Are Found<br \/>\nMohamed Amine Khoudi and Amar Guendouzi<br \/>\nThe Refugee Crisis, the Border Idea and the Rite\/Right of Passage in Mohsin Hamid\u2019s Exit West (2017)<br \/>\nAlexandre Melay<br \/>\n\u00ab Spectacularisation \u00bb de la fronti\u00e8re entre art et politique. Un Art du mur comme paradigme du monde contemporain<br \/>\nB\u00e9n\u00e9dicte Miyamoto et Marie Ruiz<br \/>\n\u00ab Les artistes sont la quintessence du paradigme migratoire \u00bb. Le pouvoir de l\u2019art d\u2019\u00e9branler les fronti\u00e8res politiques<br \/>\nClaudie Servian<br \/>\nLa Fronti\u00e8re, facteur d\u2019hybridit\u00e9 dans la danse th\u00e9\u00e2trale \u00e9tats-unienne du d\u00e9but du XXe si\u00e8cle aux ann\u00e9es 1950<br \/>\n\u2003<\/p>\n<p>Volume 38, n\u00b0 2 (2023) Fronti\u00e8re(s) et espace(s)-fronti\u00e8re(s) dans l\u2019aire anglophone (Vol. II)<br \/>\nRuxandra Pavelchievici et Didier Revest<\/p>\n<p>Ruxandra Pavelchievici et Didier Revest Introduction<br \/>\nEmmanuelle Peraldo \u201cWith this Turkish Slave, I bought the rich Cloaths too\u201d (Roxana: 174): the Global Eighteenth Century and the Thin Boundary between Legal and Illegal Traffic in Defoe\u2019s Narratives<br \/>\nFabien Desset The Merging of Physical and Mental Boundaries in Shelley\u2019s Poetry and Prose<br \/>\nMaud Delage de Luget Public Transport as Moving Borders in the Works of Ford Madox Ford, E. M. Forster, Virginia Woolf and George Orwell<br \/>\nMathilde Rogez La conqu\u00eate de l&rsquo;Ouest am\u00e9ricain comme horizon de la fronti\u00e8re sud-africaine ? \u00c9critures et r\u00e9\u00e9critures d&rsquo;un mythe, entre rupture et suture<br \/>\nAna M. Alves Exil et fronti\u00e8res chez Nancy Huston<br \/>\n\u00c9lodie Trol\u00e9 \u00c0 la fronti\u00e8re du r\u00e9el et de l\u2019imaginaire : h\u00e9t\u00e9rotopie et hybridit\u00e9 dans le roman de Patricia Eakins The Marvelous Adventures of Pierre Baptiste<br \/>\nVirginia Allen-Terry Sherman Literary Frontiers in Contemporary American Narratives on Food and Exile: Where Narrators Are Lost and Genres Are Found<br \/>\nMohamed Amine Khoudi and Amar Guendouzi The Refugee Crisis, the Border Idea and the Rite\/Right of Passage in Mohsin Hamid\u2019s Exit West (2017)<br \/>\nAlexandre Melay \u00ab Spectacularisation \u00bb de la fronti\u00e8re entre art et politique. Un Art du mur comme paradigme du monde contemporain<br \/>\nB\u00e9n\u00e9dicte Miyamoto et Marie Ruiz \u00ab Les artistes sont la quintessence du paradigme migratoire \u00bb. Le pouvoir de l\u2019art d\u2019\u00e9branler les fronti\u00e8res politiques<br \/>\nClaudie Servian La Fronti\u00e8re, facteur d\u2019hybridit\u00e9 dans la danse th\u00e9\u00e2trale \u00e9tats-unienne du d\u00e9but du XXe si\u00e8cle aux ann\u00e9es 1950<br \/>\n\u2003<\/p>\n","protected":false},"excerpt":{"rendered":"<p>Ch\u00e8res et chers coll\u00e8gues, Nous avons le plaisir de vous annoncer la parution des deux num\u00e9ros de la revue Cycnos [&hellip;]<\/p>\n","protected":false},"author":1,"featured_media":0,"comment_status":"","ping_status":"open","sticky":false,"template":"","format":"standard","meta":{"_uag_custom_page_level_css":"","site-sidebar-layout":"default","site-content-layout":"","ast-site-content-layout":"default","site-content-style":"default","site-sidebar-style":"default","ast-global-header-display":"","ast-banner-title-visibility":"","ast-main-header-display":"","ast-hfb-above-header-display":"","ast-hfb-below-header-display":"","ast-hfb-mobile-header-display":"","site-post-title":"","ast-breadcrumbs-content":"","ast-featured-img":"","footer-sml-layout":"","ast-disable-related-posts":"","theme-transparent-header-meta":"","adv-header-id-meta":"","stick-header-meta":"","header-above-stick-meta":"","header-main-stick-meta":"","header-below-stick-meta":"","astra-migrate-meta-layouts":"default","ast-page-background-enabled":"default","ast-page-background-meta":{"desktop":{"background-color":"var(--ast-global-color-5)","background-image":"","background-repeat":"repeat","background-position":"center center","background-size":"auto","background-attachment":"scroll","background-type":"","background-media":"","overlay-type":"","overlay-color":"","overlay-opacity":"","overlay-gradient":""},"tablet":{"background-color":"","background-image":"","background-repeat":"repeat","background-position":"center center","background-size":"auto","background-attachment":"scroll","background-type":"","background-media":"","overlay-type":"","overlay-color":"","overlay-opacity":"","overlay-gradient":""},"mobile":{"background-color":"","background-image":"","background-repeat":"repeat","background-position":"center center","background-size":"auto","background-attachment":"scroll","background-type":"","background-media":"","overlay-type":"","overlay-color":"","overlay-opacity":"","overlay-gradient":""}},"ast-content-background-meta":{"desktop":{"background-color":"var(--ast-global-color-4)","background-image":"","background-repeat":"repeat","background-position":"center center","background-size":"auto","background-attachment":"scroll","background-type":"","background-media":"","overlay-type":"","overlay-color":"","overlay-opacity":"","overlay-gradient":""},"tablet":{"background-color":"var(--ast-global-color-4)","background-image":"","background-repeat":"repeat","background-position":"center center","background-size":"auto","background-attachment":"scroll","background-type":"","background-media":"","overlay-type":"","overlay-color":"","overlay-opacity":"","overlay-gradient":""},"mobile":{"background-color":"var(--ast-global-color-4)","background-image":"","background-repeat":"repeat","background-position":"center center","background-size":"auto","background-attachment":"scroll","background-type":"","background-media":"","overlay-type":"","overlay-color":"","overlay-opacity":"","overlay-gradient":""}},"_jetpack_memberships_contains_paid_content":false,"footnotes":""},"categories":[103],"tags":[1224,1032,796],"class_list":["post-2963","post","type-post","status-publish","format-standard","hentry","category-publication","tag-cycnos","tag-espace","tag-frontiere"],"jetpack_featured_media_url":"","uagb_featured_image_src":{"full":false,"thumbnail":false,"medium":false,"medium_large":false,"large":false,"1536x1536":false,"2048x2048":false},"uagb_author_info":{"display_name":"Admin","author_link":"https:\/\/afea.fr\/news\/author\/yanb\/"},"uagb_comment_info":0,"uagb_excerpt":"Ch\u00e8res et chers coll\u00e8gues, Nous avons le plaisir de vous annoncer la parution des deux num\u00e9ros de la revue Cycnos [&hellip;]","jetpack_sharing_enabled":true,"_links":{"self":[{"href":"https:\/\/afea.fr\/news\/wp-json\/wp\/v2\/posts\/2963"}],"collection":[{"href":"https:\/\/afea.fr\/news\/wp-json\/wp\/v2\/posts"}],"about":[{"href":"https:\/\/afea.fr\/news\/wp-json\/wp\/v2\/types\/post"}],"author":[{"embeddable":true,"href":"https:\/\/afea.fr\/news\/wp-json\/wp\/v2\/users\/1"}],"replies":[{"embeddable":true,"href":"https:\/\/afea.fr\/news\/wp-json\/wp\/v2\/comments?post=2963"}],"version-history":[{"count":0,"href":"https:\/\/afea.fr\/news\/wp-json\/wp\/v2\/posts\/2963\/revisions"}],"wp:attachment":[{"href":"https:\/\/afea.fr\/news\/wp-json\/wp\/v2\/media?parent=2963"}],"wp:term":[{"taxonomy":"category","embeddable":true,"href":"https:\/\/afea.fr\/news\/wp-json\/wp\/v2\/categories?post=2963"},{"taxonomy":"post_tag","embeddable":true,"href":"https:\/\/afea.fr\/news\/wp-json\/wp\/v2\/tags?post=2963"}],"curies":[{"name":"wp","href":"https:\/\/api.w.org\/{rel}","templated":true}]}}