{"id":2962,"date":"2023-02-21T15:18:52","date_gmt":"2023-02-21T14:18:52","guid":{"rendered":"https:\/\/afea.fr\/news\/cfp\/appel-a-direction-textes-et-contextes-vol-19-2\/2962\/"},"modified":"2023-02-21T15:18:52","modified_gmt":"2023-02-21T14:18:52","slug":"appel-a-direction-textes-et-contextes-vol-19-2","status":"publish","type":"post","link":"https:\/\/afea.fr\/news\/cfp\/appel-a-direction-textes-et-contextes-vol-19-2\/2962\/","title":{"rendered":"Appel \u00e0 direction Textes et Contextes vol. 19.2"},"content":{"rendered":"<p>AFEA NEWS: Appel \u00e0 direction Textes et Contextes vol. 19.2<\/p>\n<p>Cher(e)s coll\u00e8gues,<\/p>\n<p>La revue Textes et Contextes lance un appel \u00e0 direction pour son volume 19.2 qui para\u00eetra en novembre 2024.<\/p>\n<p>Cette revue \u00e9lectronique internationale accueille les contributions originales de chercheurs fran\u00e7ais et \u00e9trangers sp\u00e9cialis\u00e9s dans le domaine des cultures anglophone, francophone, germanophone, hispanophone et italianophone, contributions qui traversent et brassent les disciplines traditionnelles que sont la litt\u00e9rature, la linguistique, la civilisation, l\u2019histoire des id\u00e9es et l\u2019\u00e9tude de l\u2019image.<\/p>\n<p>Dans le prolongement des axes principaux du centre de recherche auquel est adoss\u00e9e la revue, Textes &amp; Contextes choisit des objets d\u2019\u00e9tude reli\u00e9s aux probl\u00e9matiques suivantes :<br \/>\n(Axe 1) Individu et Nation : la repr\u00e9sentation des identit\u00e9s nationale et r\u00e9gionale dans diff\u00e9rents types de discours (publics, politiques, philosophiques, historiques, litt\u00e9raires, cin\u00e9matographiques, etc.) ;<\/p>\n<p>(Axe 2) Image et Critique : les travaux portant sur l\u2019image et ses formes hybrides, telles que la po\u00e9sie visuelle, l\u2019illustration, la peinture et le cin\u00e9ma, ainsi que sur les rapports qu\u2019entretiennent diff\u00e9rents m\u00e9dias ;<\/p>\n<p>(Axe 3) Mod\u00e8les et Discours : les travaux ont pour objectif d\u2019\u00e9tudier les mod\u00e8les et les discours en tant qu\u2019ils mettent l\u2019exp\u00e9rience du monde en forme, par la mise en place de protocoles de recueil, d\u2019analyse, d\u2019interpr\u00e9tation, de mod\u00e9lisation de donn\u00e9es, et\/ou d\u2019applications pratiques dans une perspective de recherche situ\u00e9e.<\/p>\n<p>(Axe 4) L\u2019Intime : les \u00e9crits intimes, mais aussi la d\u00e9finition de l\u2019intimit\u00e9, sa repr\u00e9sentation, sa mise en sc\u00e8ne.<\/p>\n<p>Toutes les approches th\u00e9oriques et m\u00e9thodologiques seront accept\u00e9es et les articles pourront \u00eatre r\u00e9dig\u00e9s soit en fran\u00e7ais soit dans l\u2019une des langues \u00e9trang\u00e8res repr\u00e9sent\u00e9es au sein du centre de recherche (allemand, anglais, espagnol, fran\u00e7ais et italien). Pour plus d\u2019informations sur les axes voir : <a href=\"https:\/\/til.u-bourgogne.fr\/thematiques.html\">https:\/\/til.u-bourgogne.fr\/thematiques.html<\/a><\/p>\n<p>Les propositions de direction de volume devront comporter un argumentaire clair du projet (par exemple : probl\u00e9matique, bibliographie, \u00e9ventuel comit\u00e9 scientifique\u2026). Les volumes devront comporter au minimum 9 articles.<\/p>\n<p>La date limite pour l\u2019envoi des propositions de direction de volume est fix\u00e9e au 30 mai 2023 et devront \u00eatre envoy\u00e9s \u00e0 myriam.segura@u-bourgogne.fr et marc.smith@u-bourgogne.fr<\/p>\n<p>Un calendrier d\u00e9taill\u00e9 sera transmis \u00e0 la direction du volume suite \u00e0 l&rsquo;acceptation de leur projet par le comit\u00e9 \u00e9ditorial. Les notifications d&rsquo;acceptation ou bien de refus seront envoy\u00e9es aux directeurs avant le 30 juin 2023.<\/p>\n<p>Le d\u00e9lai de 20 mois donn\u00e9 entre l&rsquo;appel \u00e0 direction et la parution du volume permet l&rsquo;\u00e9laboration de projet original et d&rsquo;ouvrage collectif, de tels projets seront privil\u00e9gi\u00e9s en priorit\u00e9 par le comit\u00e9 \u00e9ditorial. Si la revue permet \u00e9ventuellement la publication d&rsquo;actes de colloque, de s\u00e9minaire et de journ\u00e9e d&rsquo;\u00e9tude, le comit\u00e9 \u00e9ditorial donnera la priorit\u00e9 \u00e0 des projets coh\u00e9rents et homog\u00e8nes avec des th\u00e9matiques et des axes f\u00e9d\u00e9rateurs clairs.<\/p>\n<p>Pour la moindre question n&rsquo;h\u00e9sitez pas \u00e0 contacter le directeur de revue : marc.smith@u-bourgogne.fr<\/p>\n<p>Source: Marc S. Smith<\/p>\n","protected":false},"excerpt":{"rendered":"<p>AFEA NEWS: Appel \u00e0 direction Textes et Contextes vol. 19.2 Cher(e)s coll\u00e8gues, La revue Textes et Contextes lance un appel [&hellip;]<\/p>\n","protected":false},"author":1,"featured_media":0,"comment_status":"","ping_status":"open","sticky":false,"template":"","format":"standard","meta":{"_uag_custom_page_level_css":"","site-sidebar-layout":"default","site-content-layout":"","ast-site-content-layout":"default","site-content-style":"default","site-sidebar-style":"default","ast-global-header-display":"","ast-banner-title-visibility":"","ast-main-header-display":"","ast-hfb-above-header-display":"","ast-hfb-below-header-display":"","ast-hfb-mobile-header-display":"","site-post-title":"","ast-breadcrumbs-content":"","ast-featured-img":"","footer-sml-layout":"","ast-disable-related-posts":"","theme-transparent-header-meta":"","adv-header-id-meta":"","stick-header-meta":"","header-above-stick-meta":"","header-main-stick-meta":"","header-below-stick-meta":"","astra-migrate-meta-layouts":"default","ast-page-background-enabled":"default","ast-page-background-meta":{"desktop":{"background-color":"var(--ast-global-color-5)","background-image":"","background-repeat":"repeat","background-position":"center center","background-size":"auto","background-attachment":"scroll","background-type":"","background-media":"","overlay-type":"","overlay-color":"","overlay-opacity":"","overlay-gradient":""},"tablet":{"background-color":"","background-image":"","background-repeat":"repeat","background-position":"center center","background-size":"auto","background-attachment":"scroll","background-type":"","background-media":"","overlay-type":"","overlay-color":"","overlay-opacity":"","overlay-gradient":""},"mobile":{"background-color":"","background-image":"","background-repeat":"repeat","background-position":"center center","background-size":"auto","background-attachment":"scroll","background-type":"","background-media":"","overlay-type":"","overlay-color":"","overlay-opacity":"","overlay-gradient":""}},"ast-content-background-meta":{"desktop":{"background-color":"var(--ast-global-color-4)","background-image":"","background-repeat":"repeat","background-position":"center center","background-size":"auto","background-attachment":"scroll","background-type":"","background-media":"","overlay-type":"","overlay-color":"","overlay-opacity":"","overlay-gradient":""},"tablet":{"background-color":"var(--ast-global-color-4)","background-image":"","background-repeat":"repeat","background-position":"center center","background-size":"auto","background-attachment":"scroll","background-type":"","background-media":"","overlay-type":"","overlay-color":"","overlay-opacity":"","overlay-gradient":""},"mobile":{"background-color":"var(--ast-global-color-4)","background-image":"","background-repeat":"repeat","background-position":"center center","background-size":"auto","background-attachment":"scroll","background-type":"","background-media":"","overlay-type":"","overlay-color":"","overlay-opacity":"","overlay-gradient":""}},"_jetpack_memberships_contains_paid_content":false,"footnotes":""},"categories":[99],"tags":[1223],"class_list":["post-2962","post","type-post","status-publish","format-standard","hentry","category-cfp","tag-appel-a-direction-call-for-guest-editors"],"jetpack_featured_media_url":"","uagb_featured_image_src":{"full":false,"thumbnail":false,"medium":false,"medium_large":false,"large":false,"1536x1536":false,"2048x2048":false},"uagb_author_info":{"display_name":"Admin","author_link":"https:\/\/afea.fr\/news\/author\/yanb\/"},"uagb_comment_info":0,"uagb_excerpt":"AFEA NEWS: Appel \u00e0 direction Textes et Contextes vol. 19.2 Cher(e)s coll\u00e8gues, La revue Textes et Contextes lance un appel [&hellip;]","jetpack_sharing_enabled":true,"_links":{"self":[{"href":"https:\/\/afea.fr\/news\/wp-json\/wp\/v2\/posts\/2962"}],"collection":[{"href":"https:\/\/afea.fr\/news\/wp-json\/wp\/v2\/posts"}],"about":[{"href":"https:\/\/afea.fr\/news\/wp-json\/wp\/v2\/types\/post"}],"author":[{"embeddable":true,"href":"https:\/\/afea.fr\/news\/wp-json\/wp\/v2\/users\/1"}],"replies":[{"embeddable":true,"href":"https:\/\/afea.fr\/news\/wp-json\/wp\/v2\/comments?post=2962"}],"version-history":[{"count":0,"href":"https:\/\/afea.fr\/news\/wp-json\/wp\/v2\/posts\/2962\/revisions"}],"wp:attachment":[{"href":"https:\/\/afea.fr\/news\/wp-json\/wp\/v2\/media?parent=2962"}],"wp:term":[{"taxonomy":"category","embeddable":true,"href":"https:\/\/afea.fr\/news\/wp-json\/wp\/v2\/categories?post=2962"},{"taxonomy":"post_tag","embeddable":true,"href":"https:\/\/afea.fr\/news\/wp-json\/wp\/v2\/tags?post=2962"}],"curies":[{"name":"wp","href":"https:\/\/api.w.org\/{rel}","templated":true}]}}