{"id":2946,"date":"2023-02-13T17:11:38","date_gmt":"2023-02-13T16:11:38","guid":{"rendered":"https:\/\/afea.fr\/news\/?p=2946"},"modified":"2023-02-13T17:11:38","modified_gmt":"2023-02-13T16:11:38","slug":"seminaire-lilac-the-passenger-stella-maris-de-cormac-mccarthy-24-fevrier-2023","status":"publish","type":"post","link":"https:\/\/afea.fr\/news\/cfp\/seminaire-lilac-the-passenger-stella-maris-de-cormac-mccarthy-24-fevrier-2023\/2946\/","title":{"rendered":"S\u00e9minaire LILAC The Passenger &#038; Stella Maris de Cormac McCarthy 24 f\u00e9vrier 2023"},"content":{"rendered":"<p>Cher(e)s coll\u00e8gues,<\/p>\n<p>Le 3e s\u00e9minaire LILAC (ex ODELA) de l&rsquo;ann\u00e9e 2022-2023 sera consacr\u00e9 aux deux romans publi\u00e9s \u00e0 l&rsquo;automne 2022 par Cormac McCarthy, <strong><em>The Passenger <\/em><\/strong>et <em>Stella Maris <\/em>(Knopf).<br \/>\nVendredi 24 f\u00e9vrier 16h00-18h00<br \/>\nSorbonne-Nouvelle Maison de la Recherche<br \/>\n4 rue des Irlandais Paris 5\u00e8me<br \/>\nSalle Claude Simon<\/p>\n<p>La discussion sur les \u0153uvres se d\u00e9roulera autour des interventions de <strong>B\u00e9atrice Trotignon, Karim Daanoune et Anne Battesti<\/strong>.<br \/>\nEn PJ l&rsquo;affiche annon\u00e7ant le s\u00e9minaire qui sera en mode hybride : <a href=\"http:\/\/meet.google.com\/ywt-cudj-rdg\">meet.google.com\/ywt-cudj-rdg<\/a><\/p>\n<p>The LILAC (contemporary American literature) seminar will meet on Friday, February 24. It will be dedicated to Cormac McCarthy&rsquo;s recently published novels, <em>The Passenger <\/em> and <em>Stella Maris<\/em>, with contributions by LILAC members B\u00e9atrice Trotignon, Karim Daanoune and Anne Battesti.<br \/>\nPlease find attached the poster announcing the seminar. The session will also be online. Link <a href=\"http:\/\/meet.google.com\/ywt-cudj-rdg\">meet.google.com\/ywt-cudj-rdg<\/a><\/p>\n<p>Bien cordialement,<\/p>\n<p>Brigitte F\u00e9lix et B\u00e9atrice Pire<\/p>\n<p><a href=\"https:\/\/afea.fr\/news\/wp-content\/uploads\/sites\/2\/2023\/02\/Affiche-CORMAC-MCCARTHY-2023.pdf\">Affiche CORMAC MCCARTHY 2023.pdf<\/a><\/p>\n","protected":false},"excerpt":{"rendered":"<p>Cher(e)s coll\u00e8gues, Le 3e s\u00e9minaire LILAC (ex ODELA) de l&rsquo;ann\u00e9e 2022-2023 sera consacr\u00e9 aux deux romans publi\u00e9s \u00e0 l&rsquo;automne 2022 [&hellip;]<\/p>\n","protected":false},"author":1,"featured_media":0,"comment_status":"closed","ping_status":"open","sticky":false,"template":"","format":"standard","meta":{"_uag_custom_page_level_css":"","site-sidebar-layout":"default","site-content-layout":"","ast-site-content-layout":"default","site-content-style":"default","site-sidebar-style":"default","ast-global-header-display":"","ast-banner-title-visibility":"","ast-main-header-display":"","ast-hfb-above-header-display":"","ast-hfb-below-header-display":"","ast-hfb-mobile-header-display":"","site-post-title":"","ast-breadcrumbs-content":"","ast-featured-img":"","footer-sml-layout":"","ast-disable-related-posts":"","theme-transparent-header-meta":"","adv-header-id-meta":"","stick-header-meta":"","header-above-stick-meta":"","header-main-stick-meta":"","header-below-stick-meta":"","astra-migrate-meta-layouts":"default","ast-page-background-enabled":"default","ast-page-background-meta":{"desktop":{"background-color":"var(--ast-global-color-5)","background-image":"","background-repeat":"repeat","background-position":"center center","background-size":"auto","background-attachment":"scroll","background-type":"","background-media":"","overlay-type":"","overlay-color":"","overlay-opacity":"","overlay-gradient":""},"tablet":{"background-color":"","background-image":"","background-repeat":"repeat","background-position":"center center","background-size":"auto","background-attachment":"scroll","background-type":"","background-media":"","overlay-type":"","overlay-color":"","overlay-opacity":"","overlay-gradient":""},"mobile":{"background-color":"","background-image":"","background-repeat":"repeat","background-position":"center center","background-size":"auto","background-attachment":"scroll","background-type":"","background-media":"","overlay-type":"","overlay-color":"","overlay-opacity":"","overlay-gradient":""}},"ast-content-background-meta":{"desktop":{"background-color":"var(--ast-global-color-4)","background-image":"","background-repeat":"repeat","background-position":"center center","background-size":"auto","background-attachment":"scroll","background-type":"","background-media":"","overlay-type":"","overlay-color":"","overlay-opacity":"","overlay-gradient":""},"tablet":{"background-color":"var(--ast-global-color-4)","background-image":"","background-repeat":"repeat","background-position":"center center","background-size":"auto","background-attachment":"scroll","background-type":"","background-media":"","overlay-type":"","overlay-color":"","overlay-opacity":"","overlay-gradient":""},"mobile":{"background-color":"var(--ast-global-color-4)","background-image":"","background-repeat":"repeat","background-position":"center center","background-size":"auto","background-attachment":"scroll","background-type":"","background-media":"","overlay-type":"","overlay-color":"","overlay-opacity":"","overlay-gradient":""}},"_jetpack_memberships_contains_paid_content":false,"footnotes":""},"categories":[99],"tags":[1215,1216],"class_list":["post-2946","post","type-post","status-publish","format-standard","hentry","category-cfp","tag-cormac-mccarthy","tag-lilac"],"jetpack_featured_media_url":"","uagb_featured_image_src":{"full":false,"thumbnail":false,"medium":false,"medium_large":false,"large":false,"1536x1536":false,"2048x2048":false},"uagb_author_info":{"display_name":"Admin","author_link":"https:\/\/afea.fr\/news\/author\/yanb\/"},"uagb_comment_info":0,"uagb_excerpt":"Cher(e)s coll\u00e8gues, Le 3e s\u00e9minaire LILAC (ex ODELA) de l&rsquo;ann\u00e9e 2022-2023 sera consacr\u00e9 aux deux romans publi\u00e9s \u00e0 l&rsquo;automne 2022 [&hellip;]","jetpack_sharing_enabled":true,"_links":{"self":[{"href":"https:\/\/afea.fr\/news\/wp-json\/wp\/v2\/posts\/2946"}],"collection":[{"href":"https:\/\/afea.fr\/news\/wp-json\/wp\/v2\/posts"}],"about":[{"href":"https:\/\/afea.fr\/news\/wp-json\/wp\/v2\/types\/post"}],"author":[{"embeddable":true,"href":"https:\/\/afea.fr\/news\/wp-json\/wp\/v2\/users\/1"}],"replies":[{"embeddable":true,"href":"https:\/\/afea.fr\/news\/wp-json\/wp\/v2\/comments?post=2946"}],"version-history":[{"count":1,"href":"https:\/\/afea.fr\/news\/wp-json\/wp\/v2\/posts\/2946\/revisions"}],"predecessor-version":[{"id":2948,"href":"https:\/\/afea.fr\/news\/wp-json\/wp\/v2\/posts\/2946\/revisions\/2948"}],"wp:attachment":[{"href":"https:\/\/afea.fr\/news\/wp-json\/wp\/v2\/media?parent=2946"}],"wp:term":[{"taxonomy":"category","embeddable":true,"href":"https:\/\/afea.fr\/news\/wp-json\/wp\/v2\/categories?post=2946"},{"taxonomy":"post_tag","embeddable":true,"href":"https:\/\/afea.fr\/news\/wp-json\/wp\/v2\/tags?post=2946"}],"curies":[{"name":"wp","href":"https:\/\/api.w.org\/{rel}","templated":true}]}}