{"id":2762,"date":"2022-10-13T23:13:06","date_gmt":"2022-10-13T21:13:06","guid":{"rendered":"https:\/\/afea.fr\/news\/conference-symposium\/colloque-en-anglais-savoirs-et-savoir-faire-en-situation-les-sciences-humaines-et-sociales-et-le-monde-campus-condorcet\/2762\/"},"modified":"2022-10-13T23:13:06","modified_gmt":"2022-10-13T21:13:06","slug":"colloque-en-anglais-savoirs-et-savoir-faire-en-situation-les-sciences-humaines-et-sociales-et-le-monde-campus-condorcet","status":"publish","type":"post","link":"https:\/\/afea.fr\/news\/conference-symposium\/colloque-en-anglais-savoirs-et-savoir-faire-en-situation-les-sciences-humaines-et-sociales-et-le-monde-campus-condorcet\/2762\/","title":{"rendered":"Colloque en anglais \u00ab\u00a0Savoirs et savoir-faire en situation : les sciences humaines et sociales et le monde\u00a0\u00bb &#8211; Campus Condorcet"},"content":{"rendered":"<p><strong>\u201cKnowledge and Know-How Situated: <\/strong><br \/>\n<strong>Humanities and Social Sciences and the World\u201d <\/strong><\/p>\n<p><strong>November 8-9-10, 2022<\/strong><br \/>\n<strong>Auditorium 150, Centre de colloques, Campus Condorcet, Aubervilliers<\/strong><\/p>\n<p><strong>International and interdisciplinary conference organized by EHESS <\/strong><br \/>\n<strong>in partnership with the other ten member institutions of Campus Condorcet <\/strong><br \/>\n<strong>and the additional assistance of GIS Asie, GIS Moyen-Orient et Mondes musulmans, UMR 7308 \u2013 CREDO, UMR 7227 \u2013 CREDA, UMR 8032 \u2013 CETOBAC, UMR 8036 \u2013CESPRA, UMR 8083 \u2013 CERCEC, UMR 8131 \u2013 Centre Georg Simmel, UMR 8155-CRCAO, UMR 8156 \u2013 IRIS, UMR 8168-Mondes Am\u00e9ricains, Centre d\u2019\u00e9tudes nord-am\u00e9ricaines, UMR 8171 \u2013 IMAF, UMR 8170 \u2013 CASE, UMR 8173 \u2013 Chine-Cor\u00e9e-Japon, UMR 8558 \u2013 CRH, UMR 8560 &#8211; CAK, UMR 8566 \u2013 CRAL, UMR 8563-CRLAO, UMR 8564 \u2013 CEIAS, UAR 2500 \u2013 IISMM.<\/strong><\/p>\n<p>Located just north of Paris in Aubervilliers, the Campus Condorcet is a new hub for social sciences and the humanities. Organized around a major library, it brings together eleven institutions of higher education and research with about 100 of their research units. It is also unique for gathering researchers working on the whole world from a wide array of epistemological and disciplinary perspectives. Area and global studies are among the research fields best suited to strengthening existing collaborations within the Campus and fostering renewed international exchange with colleagues from all continents and disciplines.<\/p>\n<p>In our view, area studies should not just refer to research on non-European societies. We consider Europe as a \u201ccultural area\u201d in its own right, or at least as a historically constructed region. We also believe that the issue of how the world \u2013both in its unity and diversity\u2013 should be investigated cannot be the exclusive domain of research of those colleagues who identify themselves with the field of area studies, but also regards scholars who exclusively define their work in terms of one or more disciplines. Research is always doubly situated: on the one hand, in the contexts where it is produced, the academic circles where it circulates and the socio-political arenas where it conveys meaning; on the other hand, it is also situated in relation to the empirical objects studied and the investigations conducted, although they might not fall within the scope of the so-called area studies approach (i.e. grounded in thick contextualization).<\/p>\n<p>Replacing or combining with other paradigms presiding over the holistic scientific understanding of the world (universal histories, orientalism or colonial ethnology), area studies emerged after the Second World War, albeit at different times in North America, Europe, and the rest of the world. Over the last three decades, this field has undergone major transformations following the rise of global studies in the wake of the globalization of economic and financial markets as well as the postcolonial critique, the internationalization of research encouraged by the boom in air traffic and the internet, and the emergence of important new centers of knowledge production in Asia, Latin America, and Africa. All these developments have challenged the very foundations of area studies. These challenges remain and have been accentuated by new, urgent ones. The Covid pandemic, as well as conflicts and wars in Ethiopia, Mali, Syria, Ukraine and Yemen \u2013unfortunately, a far from exhaustive list\u2013 have undermined the possibility of conducting fieldwork and accessing archives. These crises have underlined the precarious nature of some area-based fields of specialization. Hence, it is a pressing and crucial matter to reconsider the issues at stake in and the conceptual foundations of area studies.<\/p>\n<p>Instead of ensconcing ourselves in our own epistemological traditions, we propose to reflect on how the various disciplines of the humanities and social sciences \u2013wherever in the world they are produced and to whichever epistemological legacies they belong\u2013 study, both independently and collectively, the world as a whole and in its diversity, not just its non-European societies. Beyond the individual researchers\u2019 positioning in relation to their research objects and areas of specialization and the circulation between academic circles, we must also take account of the different disciplinary histories and the divergent ways they have sought to apprehend the world.<\/p>\n<p>By exploring the various ways the humanities and social sciences in different academic settings have approached the world, this conference aims to intervene in the ongoing debates on the parameters and paradigms of area studies and the disciplines alike. While bolstering the scientific construction of Campus Condorcet from below, it intends to contribute to building a plural and multi-situated knowledge of the world.<\/p>\n<p><strong>Steering Committee:<\/strong><br \/>\nChlo\u00e9 Andrieu, CNRS, ArchAm, member of the scientific committee of IDA<br \/>\nCaroline Bodolec, CNRS, CCJ\/CECMC, scientific adjunct director of InSHS<br \/>\nCapucine Boidin, Universit\u00e9 Sorbonne nouvelle Paris 3, IHEAL\/CREDA<br \/>\nGr\u00e9gory Delaplace, EPHE-PSL, GSRL, member of the scientific committee of GIS Asie<br \/>\nAlain Delissen, EHESS, CCJ\/CRC<br \/>\nGeetha Ganapathy-Dor\u00e9, Universit\u00e9 Sorbonne Paris-Nord, IDPS<br \/>\nSt\u00e9phane Dufoix, Universit\u00e9 Paris Nanterre, IUF, SSA, Sophiapol<br \/>\nG\u00e9raldine Duth\u00e9, INED, DEMOSUD<br \/>\nEloi Ficquet, EHESS, CESOR<br \/>\nMatthias Hayek, EPHE-PSL, CRCAO<br \/>\nThomas Maissen, Institut historique allemand, member of the scientific committee of FMSH<br \/>\nDidier Nativel, Universit\u00e9 Paris Cit\u00e9, CESSMA, member of the scientific committee of GIS Afrique<br \/>\nJudith Rainhorn, Universit\u00e9 Paris 1 Panth\u00e9on-Sorbonne, CHS<br \/>\nAntonella Romano, EHESS, CAK<br \/>\nYves Sintomer, Universit\u00e9 Paris 8 Vincennes-Saint-Denis, CRESPPA<br \/>\nJo\u00eblle Vailly, CNRS, IRIS<br \/>\n\u00c9douard Vasseur, ENC-PSL<br \/>\nC\u00e9cile Vidal, EHESS, Mondes Am\u00e9ricains\/CENA<br \/>\nMercedes Volait, CNRS, InVisu, member of the scientific committee of GIS Moyen-Orient et mondes musulmans<\/p>\n<p><strong>November 8, 2022<\/strong><\/p>\n<p><strong>10h00 am-11h30 am: Official opening <\/strong>by <strong>Pierre-Paul Zalio<\/strong>, EPCC, <strong>Marie Gaille<\/strong>, InSHS, <strong>Christophe Prochasson<\/strong>, EHESS, and <strong>Aur\u00e9lie Varrel<\/strong>, Unit\u00e9 support \u00e9tudes ar\u00e9ales et GIS Asie, <strong>and scientific introduction<\/strong> by <strong>Alain Delissen<\/strong>, EHESS, CCJ\/CRC, <strong>Eloi Ficquet<\/strong>, EHESS, CESOR, <strong>Antonella Romano<\/strong>, EHESS, CAK, et <strong>C\u00e9cile Vidal<\/strong>, EHESS, Mondes Am\u00e9ricains\/CENA.<\/p>\n<p><strong>11h30 am-12h30 am: Keynote lecture<\/strong><\/p>\n<p>Chair: <strong>Eloi Ficquet<\/strong>, EHESS, CESOR<\/p>\n<p><strong>Teresa Cruz e Silva<\/strong>, Universidade Eduardo Mondlane (Maputo, Mozambique): \u201cSovereignty and Epistemic Freedom in the Production of Knowledge: Interrogating the Social Sciences from Africa.\u201d<\/p>\n<p>12h30 am-02h00 pm: Lunch<\/p>\n<p><strong>02h00 pm-03h45 pm: Delimiting, Naming, Instituting<\/strong><\/p>\n<p>The notion of \u201ccultural area,\u201d which is at the core of area studies, refers simultaneously to areas of specialization which are also research objects, fields of knowledge, and institutions geared towards education and research. It has been widely criticized for the serious risk of culturalism it fosters. Yet the lack of reflection on the spatial imaginary that the notion of \u201ccultural area\u201d conveys ought also to be taken into consideration. This session, therefore, will analyze the strains caused, on the one hand, by the practical necessity of subdividing knowledge of the world in order to delimit, organize and classify educational and research institutions, and, on the other hand, the failure of the notion of \u201ccultural area\u201d to accurately account for spatial discontinuities and differences. It will also interrogate the relevance of the various meta-geographical ensembles thus constituted \u2013visible in the labeling and internal structuring of laboratories, research programs, departments, journals, library shelves, international conferences, etc. Beyond the institutions\u2019 self-representations, we will pay attention to the linguistic markers that seek to translate the differentiations and connections at work in the supposedly coherent societies gathered under the same umbrella term. These include inverted commas, plural marks, the use of synonyms or foreign languages terminology. Graphic or visual languages (logos, web graphics) may be examined as well.<\/p>\n<p>Chair: <strong>Gr\u00e9gory Delaplace<\/strong>, EPHE-PSL, GSRL<\/p>\n<p><strong>Franck Mermier<\/strong>, CNRS, IRIS: \u201cFrom \u2018Arab World\u2019 to \u2018Arab Space\u2019: The Tribulations of a \u2018Culture Area\u2019 Notion in the Socio-anthropological Field.\u201d<\/p>\n<p><strong>Cl\u00e9mence L\u00e9obal<\/strong>, CNRS, LAVUE, Laboratoire Mosa\u00efques: \u201cDoing Social Sciences in French Guiana, a Place out of the Framework of Areas Studies.\u201d<\/p>\n<p><strong>Filippo Ronconi<\/strong>, EHESS, CESOR: \u201cByzantine Studies between Disciplinary Fields and Cultural Areas.\u201d<\/p>\n<p>Presentation of one graduate student\u2019s poster: <strong>Marie Carmagnolle<\/strong>, EFEO-EHESS, CECMC- CCJ: \u201cCultural Invisible Continuity of Exchange Dynamics, or the Areal Classification Facing Reality: The History of a Tantric Cult between India and China.\u201d<\/p>\n<p>Commentator: <strong>Emmanuelle Vagnon<\/strong>, CNRS, LAMOP<br \/>\nCommentator: <strong>Jean-Marc Besse<\/strong>, CNRS\/EHESS, G\u00e9ographie-cit\u00e9s<\/p>\n<p>03h45 pm-04h15 pm: Break<\/p>\n<p><strong>04h15 pm-06h00 pm: The Scales of Analysis <\/strong><\/p>\n<p>The issue of the spatial divisions adopted by the humanities and social sciences is by no means new, even though it has received less attention than that of temporal divisions. However, this spatial dimension has generally been neglected, both because these spatial divisions are ingrained in the traditions of area studies and because the disciplines ignore the spatiality of the phenomena they study. Moreover, scholars still too often use concepts, categories and experiences related to space originating in Western traditions and do not pay enough attention to alternative ways of conceiving of the relationships between societies and their environments. Yet, there now exists a rich and varied reflection on the issue of scales of analysis, from the dual perspective of the construction of research objects and of observable findings. More particularly, this session will consider \u201cEurope\u201d in its multiple historical manifestations as an object of area studies in its own right. It will also explore how scale variations, including the use of the global scale (in its plural conceptions in the humanities and social sciences), could open a new, critical perspective to area-based approaches. Finally, the session will highlight the variety \u2013 rooted in the diversity of the world\u2019s regions and languages\u2013 of the conceptions and categories of spatialization, as well as the linguistic issues linked to their commensurability.<\/p>\n<p>Chair: <strong>Yves Sintomer<\/strong>, Universit\u00e9 Paris 8 Vincennes-Saint-Denis, CRESPPA<\/p>\n<p><strong>Kiran Patel<\/strong>, Ludwig-Maximilians-Universit\u00e4t (Munich): \u201cFine Scaling Europe: Transnational History and Beyond.\u201d<\/p>\n<p><strong>Sabine Planel<\/strong>, IRD, IMAF: \u201cScaling up or Generalizing? Empirical and Analytical Values of Scales from Theoretical Reflections and Analyses Grounded in Southern Ethiopia.\u201d<\/p>\n<p><strong>Marie-Sybille de Vienne<\/strong>, INALCO, CASE: \u201cReconstructing Southeast Asia: Crossing Disciplines and Bridging Gaps or the Blind Men and the Elephant.\u201d<\/p>\n<p>Presentation of two graduate students\u2019 posters:<br \/>\n<strong>Seyni Alice Gueye<\/strong>, EHESS, Mondes Am\u00e9ricains\/CRBC-CAK: \u201cRethinking the Uses of Scales in 16th-17th Centuries America: The Spaces of Governmental Practices in the Spanish Monarchy.\u201d<br \/>\n<strong>Andrea Umberto Gritti<\/strong>, EHESS, CETOBAC &#8211; Institut Convergences Migrations: \u201c<strong>The Workers\u2019 Perspective: Introducing Scales in the Study of the Ottoman Railways<\/strong>.\u201d<\/p>\n<p>Commentator: <strong>Pascale Goetschel<\/strong>, Universit\u00e9 Paris 1 Panth\u00e9on-Sorbonne, CHS<br \/>\nCommentator: <strong>Antoine Vauchez<\/strong>, CNRS, CESSP<\/p>\n<p>06h00 pm-06h15 pm: Break<\/p>\n<p><strong>06h15 pm-07h15 pm: Keynote lecture<\/strong><\/p>\n<p>Chair: <strong>C\u00e9cile Vidal<\/strong>, EHESS, Mondes Am\u00e9ricains\/CENA<\/p>\n<p><strong>Luiz Costa Lima<\/strong>, Universidade Federal do Rio de Janeiro: \u201cM\u00edmesis: The Long Way of a Short Life.\u201d<\/p>\n<p><strong>November 9, 2022<\/strong><\/p>\n<p><strong>09h00 am-10h45 am: Colonial and Imperial Legacies<\/strong><\/p>\n<p>A collective reflection on the humanities and social sciences in their relationships to the world from a French perspective can hardly afford to ignore the long-term political and academic impact of colonization, particularly European colonization. One may thus wonder whether the world\u2019s political transformations, beginning in the 1950s and 1960s, and the profound changes in the global scientific landscape over the past two decades, the emergence of new international actors, as well as paradigm shifts, have successfully expunged imperial and colonial pasts. In other words, what are the appropriate modalities for an effective decolonization of the humanities and social sciences? The session\u2019s aim will not be so much as to revisit four decades of critical reflection on Eurocentrism, as to look at the actual practices of researchers engaged in countries of the Global South. Indeed, the history of many former colonies is still written from sources kept by the former colonizing powers and according to methodologies elaborated in the Western world. Projects of reciprocal anthropologies have emerged, but have remained limited if not marginal. Moreover, many North-South research teams receive funding from Western organizations and donors on the basis of norms developed in the North. However, rather than a narrow and necessarily partial diagnosis, this session aims to shed light on current experiences and research from different disciplines in the humanities and social sciences committed to charting new paths.<\/p>\n<p>Chair: <strong>Geetha Ganapathy-Dor\u00e9<\/strong>, Universit\u00e9 Sorbonne Paris-Nord, IDPS<\/p>\n<p><strong>Felix Ameka<\/strong>, Leiden University: \u201cReconceptualizing the Foundations of Knowledge for the Humanities and Social Sciences.\u201d<\/p>\n<p><strong>Marie Sala\u00fcn<\/strong>, Universit\u00e9 Paris Cit\u00e9, URMIS: \u201cNo Longer Down Under? Challenging Epistemological Hegemony as a Joint Project in Oceania Today.\u201d<\/p>\n<p>Presentation of one graduate student\u2019s poster: <strong>Matti Lepr\u00eatre<\/strong>, EHESS, CERMES3\/CAK: \u201cLocal Entanglements, Global Designs: Tracing the Bioprospection of Medicinal Plants in Germany, its Colonies and Beyond (1884-1945).\u201d<\/p>\n<p>Commentator: <strong>Didier Nativel<\/strong>, Universit\u00e9 Paris Cit\u00e9, CESSMA<br \/>\nCommentator: <strong>Stefania Capone<\/strong>, CNRS, CESOR<\/p>\n<p>10h45 am-11h15 am: Break<\/p>\n<p><strong>11h15 am-01h00 pm: Positionality<\/strong><\/p>\n<p>Researchers in the humanities and social sciences, whose areas of specialization are regions or countries different from those in which they are based, may well be particularly prone to reflect on the effects of their positionality. This question must be tackled from a dual anthropological and sociological perspective. Regarding their research objects and areas of specialization, what has been the impact of researchers\u2019 subjectivities and multiple identities, as well as their power-positions within academic fields, on their scholarly practices and production? Although relevant for all researchers, this issue takes on special significance when academic circles throughout the world confront one another. Admittedly, the emergence of significant new centers of knowledge production in Asia, Latin America and Africa, circulations of all sorts, and the development of collaborative and co-constructed international projects contribute to bridging the gap between insiders and outsiders within the same research focus. However, a certain international division of scientific labor still weighs on the modalities of the internationalization of research, even though the situation differs from discipline to discipline, from region to region. Consequently, what positioning are researchers adopting?<\/p>\n<p>Chair: <strong>Matthias Hayek<\/strong>, EPHE-PSL, CRCAO<\/p>\n<p><strong>Manjeet Ramgotra<\/strong>, SOAS University of London: \u201cPositionality, Identity and Boundaries.\u201d<\/p>\n<p><strong>\u00c9lodie Apard<\/strong>, Les Afriques dans le Monde &#8211; IFRA-Nigeria: \u201cPositioning, Reflexivity and Research Ethics in Sensitive Contexts: Case Studies from Nigeria.\u201d<\/p>\n<p><strong>Rolf Elberfeld<\/strong>, University of Hildesheim: \u201cHumanities in the Horizon of European Expansion: Research and Cross-cultural Critique.\u201d<\/p>\n<p>Presentation of one graduate student\u2019s poster: <strong>Mayuko Yamamoto<\/strong>, EHESS, CESPRA: \u201cSeeing the World in \u2018Triangulation:\u2019 Being Another \u2018Other\u2019 in the Field of Islam in Europe.\u201d<\/p>\n<p>Commentator: <strong>G\u00e9raldine Duth\u00e9<\/strong>, INED, DEMOSUD<br \/>\nCommentator: <strong>Ioulia Shukan<\/strong>, Universit\u00e9 Paris Nanterre, ISP<\/p>\n<p>01h00 pm-02h30 pm: Lunch<\/p>\n<p><strong>02h30 pm-04h15 pm: Circulations and Non-Circulations<\/strong><\/p>\n<p>The issue of cultural, intellectual and epistemic circulations and non-circulations can be broached in a number of ways: from a material perspective (flows of books and translations, of textbooks, of funding or of institutions), from a human perspective (networks of researchers, students, experts), or from an ideational perspective (concepts, theories, references, discourses). It can also be apprehended via the different directions those circulations pass (or not): West-West, West-East, North-North, North-South, South-North, South-South. Taking into account the diversity of disciplines in the humanities and social sciences and their variations according to academic contexts and time periods, we will examine both the conditions that allow for these circulations to take place (colonialism, relative freedom of movement and financial resources of European and North American elites, the role of major international organizations, the soft power exerted by geopolitical powers after the Second World War, linguistic domination, etc.) and the circumstances \u2013in relation to the historical mechanisms of intellectual and scientific hegemony, as well as political and geopolitical contexts\u2013 that render alternative circulations invisible or impossible. The same dynamics that generate circulations may also produce frictions and conflicts that can hamper them. This session will strive to grasp how circulation regimes evolve when fixity and movement are both relative and interdependent.<\/p>\n<p>Chair: <strong>Jo\u00eblle Vailly<\/strong>, CNRS, IRIS<\/p>\n<p><strong>Chowra Makaremi<\/strong>, CNRS, IRIS: \u201cCounter-archives: Circulation and the Paradoxes of Hegemony.\u201d<\/p>\n<p><strong>Thomas Brisson<\/strong>, Universit\u00e9 Paris 8 Vincennes Saint-Denis, CRESPPA-LABTOP: \u201cWestern Social Sciences and \u2018Multiple Modernities:\u2019 Global Academic Circulations, Confucianism, and Max Weber in Singapore (1970s-1980s).\u201d<\/p>\n<p><strong>Wiebke Keim<\/strong>, CNRS, SAGE: \u201cThe International Circulation of Social Sciences Scholars: An Empirical Analysis of Institutional Practices.\u201d<\/p>\n<p>Presentation of one graduate student\u2019s poster: <strong>Gabriela Quezada<\/strong>, EHESS, CAK: \u201c<strong>The Shaping of Social Sciences in Mexico (1900-1920): Circulations of People and Models beyond the National Borders.\u201d<\/strong><\/p>\n<p>Commentator: <strong>Michael Lucken<\/strong>, INALCO, IFRAE<br \/>\nCommentator: <strong>St\u00e9phane Dufoix<\/strong>, Universit\u00e9 Paris Nanterre, IUF, SSA, Sophiapol<\/p>\n<p>04h15 pm-04h45 pm: Break<\/p>\n<p><strong>04h45 pm-05h45 pm: Keynote lecture<\/strong><\/p>\n<p>Chair: <strong>Antonella Romano<\/strong>, EHESS, CAK<\/p>\n<p><strong>Fran\u00e7oise Dauc\u00e9<\/strong>, EHESS, CERCEC: \u201cThe War in Ukraine: Failure or Support for Social Sciences in Eastern Europe?\u201d<\/p>\n<p><strong>05h45 pm-06h45 pm: Round-table on Research in Exile <\/strong><\/p>\n<p>Chair: <strong>Eloi Ficquet<\/strong>, EHESS, CESOR<\/p>\n<p>The humanities and social sciences studying the world in various scales and situations involve close relationships with other researchers in the field, research assistants and interlocutors. These relationships generate exchanges of knowledge and involve regular circulation for colloquia, thesis juries and guest professorships. What happens in situations of hardship? When political and security conditions deteriorate to such an extent that humanitarian assistance is requested, that the relationship turns into a commitment, that the only possible circulation is exile, without knowing when the return will be possible? Under what conditions, in what ways are the ordinary means of research converted into means of solidarity? What forms does this solidarity take? What are the obstacles and limits? What does welcoming colleagues and partners imply beyond the usual scientific work? What does exile do to research, to objects of study, to interpretative paths, for researchers who are more or less temporarily exiled? These questions will be the subject of this round table discussion bringing together researchers benefiting from hosting programs and the people in charge of these programs.<\/p>\n<p>With the participation of <strong>Paula Regina Benassuly Arruda<\/strong>, Federal University of Par\u00e1 \/ Universit\u00e9 Sorbonne Nouvelle \u2013 Paris 3, CREDA, PAUSE, <strong>Vlad Berindei<\/strong>, FMSH, <strong>Alain Prochiantz<\/strong>, Coll\u00e8ge de France, PAUSE and Science in Exile, <strong>Mitiku G. Tesfaye<\/strong>, Mekelle University \/ EHESS, IMAF, PAUSE, and <strong>Jessica Wong<\/strong>, EHESS, LAP, PAUSE.<\/p>\n<p><strong>November 10, 2022<\/strong><\/p>\n<p><strong>09h00 am-10h45 am: Area Studies, Disciplines, and Interdisciplinarity<\/strong><\/p>\n<p>Rather than emphasizing the enduring hierarchical distinction between disciplines and area studies, this session will explore the history of their varying degrees of entanglement over time and space. Not only do the humanities and social sciences vary from one academic setting to the other, but, depending on their respective settings, they also lack a common way of construing the world. Consequently, they each have different relationships with area studies or global studies. Conversely, the many paradigms of holistic scientific understanding of the world that have succeeded one another or been combined over time (universal histories, orientalism, colonial ethnology, areal studies, etc.) do not mobilize the whole range of fields of knowledge and know-how instituted as disciplines within the humanities and the social sciences. When area studies began to take hold after the Second World War in North America, Europe, and the rest of the world, they promoted interdisciplinarity everywhere, albeit with different disciplinary articulations in the various academic settings. Still, the fact remains that area studies, thanks to their inter-, multi- or trans-disciplinary stance, can play a fundamental role in the long-lasting debate over disciplinary boundaries and alliances.<\/p>\n<p>Chair: <strong>Caroline Bodolec<\/strong>, CNRS, CCJ\/CECMC<\/p>\n<p><strong>Dario Mantovani<\/strong>, Coll\u00e8ge de France, ANHIMA: \u201cThe Many Territories of Roman Law.\u201d<\/p>\n<p><strong>Ioana Popa<\/strong>, CNRS, ISP: \u201cSedimentations, Dislocations, and Rearrangements of Knowledge: The Construction of Area Studies in the Mid-20th century France.\u201d<\/p>\n<p><strong>Kevin Ku-Ming Chang<\/strong>, Academia Sinica (Taipei): \u201cThe Return to Philology: China, the World and In-Between.\u201d<\/p>\n<p>Commentator: <strong>Catherine K\u00f6nig-Pralong<\/strong>, EHESS, CAK<br \/>\nCommentator: <strong>Eberhard Kienle<\/strong>, Science Po, CERI<\/p>\n<p>10h45 am-11h15 am: Break<\/p>\n<p><strong>11h15 am-01h00 pm: Uses and Misuses of Material Culture<\/strong><\/p>\n<p>Successively termed \u201cof high curiosity,\u201d \u201cexotic,\u201d or sometimes \u201cprimitive,\u201d artefacts have served as means of apprehending the world for a number of scholarly disciplines, ranging from archaeology to anthropology. By periodizing and territorializing technical and stylistic features, material culture has thus served to define and date what has been labeled \u201ccultural\u201d traditions. The decontextualization of these studies has, over time, caused a predicament and repatriation claims. In the course of its journeys, the material culture of the far-off and the elsewhere, whether geographical or chronological, has acquired new significance and such transgressions have in turn become research objects. This session therefore will examine, on the one hand, the tensions between the definitions and discussions of the cultures produced by the study of these artefacts and, on the other, their contemporary uses, whether in identity politics, revivalist movements, disputes over cultural appropriation, or indigenous political struggles. All these phenomena further obfuscate the territoriality and temporality of these areas and cultures, which are simultaneously enduring and contested.<\/p>\n<p>Chair: <strong>Chlo\u00e9 Andrieu<\/strong>, CNRS, ArchAm<\/p>\n<p><strong>Benjamin Balloy<\/strong>, CNRS, FRAMESPA: \u201cMisusing Pawnee Star Chart: A Case of Conflicting Translations?\u201d<\/p>\n<p><strong>Nicolas Garnier<\/strong>, Mus\u00e9e du quai Branly: \u201cA Few Reflections about the Notion of Style in the Art of the Sepik River (Papua New Guinea).\u201d<\/p>\n<p><strong>Miruna Achim<\/strong>, Universidad Aut\u00f3noma Metropolitana (Mexico): \u201cTenacious Stones and Surface Tensions: The Making of Mesoamerican Jade.\u201d<\/p>\n<p>Presentation of one graduate student\u2019s poster:<strong>Leandro Le\u00e3o<\/strong>, Universidade de S\u00e3o Paulo \u2013 EHESS, Mondes Am\u00e9ricains\/CRBC: \u201cArt and Diplomacy: The Modern Brazilian in Cleavage in the Itamaraty Palace Collection in Bras\u00edlia.\u201d<\/p>\n<p>Commentator: <strong>Mercedes Volait<\/strong>, CNRS, InVisu<br \/>\nCommentator: <strong>Nathan Schlanger<\/strong>, ENC-PSL<\/p>\n<p>01h00 pm-02h30 pm: Lunch<\/p>\n<p><strong>02h30 pm-04h15 pm: Languages and Texts<\/strong><\/p>\n<p>Over the past thirty years, two profound transformations in the world and in world knowledge, i.e. the digital revolution and the intensification of global connections, have shaped anew the issues of languages and texts, which are at the very heart of the definition and methods of area studies. This session will explore the implications of such transformations in four domains: texts, discourses, education, and the dynamics of exchanges. To what extent is Orientalism\u2019s focus on the written word being challenged by the emphasis now placed on other texts, notably visual and oral ones, and by the digitization of archives and the development of digital humanities? Has the indigenization of the humanities and social sciences, as well as the introduction of \u201clocal\u201d notions into the field of general theory, loosened the grip of tradition on how knowledge is written up, between a scholarly but localized hyper-contextualization and efforts at extra-linguistic formalizations aiming at supra-generality? What effects does the acceleration of circulation \u2013and obsolescence\u2013 of knowledge have on students\u2019 training in other languages and other textualities that proceed at a slower pace? Finally, to what extent is the practice of texts and languages affected by the reconfiguration of scientific networks in an academic world that is both more polycentric and more divided than the globalization of knowledge effected by international languages might suggest?<\/p>\n<p>Chair: <strong>Chahan Vidal-Gor\u00e8ne<\/strong>, ENC-PSL<\/p>\n<p><strong>Jean-Pierre Bat<\/strong>, ENS-PSL, Centre Jean-Mabillon: \u201cFrom Archives to Social Networks, the Post-colonial Monopoly of the French Language in West and Central Africa and its Contestations.\u201d<\/p>\n<p><strong>Chlo\u00e9 Ragazzoli<\/strong>, Sorbonne Universit\u00e9, Orient et M\u00e9diterran\u00e9e: \u201cRereading \u2018the Oldest Book in the World?\u2019 From Ancient Egypt to Digital Humanities.\u201d<br \/>\n<strong>Yamanaka Yuriko<\/strong>, National Museum of Ethnology (Osaka): \u201cWhere Lie the Boundaries of \u201cNature\u201d? A Comparative Study of the Marvelous and Uncanny.\u201d<\/p>\n<p>Presentation of one graduate student\u2019s poster: <strong>Gr\u00e9goire Bienvenu<\/strong>, Universit\u00e9 Sorbonne Nouvelle, IRMECCEN: \u201cBridging the Inaccessible: Conducting Social Science Research on China from the Outside.\u201d<\/p>\n<p>Commentator: <strong>Capucine Boidin<\/strong>, Universit\u00e9 Sorbonne nouvelle Paris 3, CREDA<br \/>\nCommentator: <strong>Peter Stokes<\/strong>, EPHE-PSL, AOROC<\/p>\n<p>04h15 pm-04h45 pm: Break<\/p>\n<p><strong>04h45 pm-05h45 pm: Keynote lecture<\/strong><\/p>\n<p>Chair: Alain Delissen, EHESS, CCJ, CRC<\/p>\n<p><strong>Yoichi Mine<\/strong>, D\u00f4shisha University (Ky\u00f4to): \u201cConnecting Africa and Asia: A Question of Spatial Framing.\u201d<\/p>\n<p>The papers of the eight thematic sessions will precirculate. During the conference, the papers will be briefly summarized and then commented. Most of the time of the thematic sessions will be devoted to discussions. In addition, in some thematic sessions, one or two Ph.D. students will present their posters, in five minutes each. These posters will be exposed in the entrance lobby of the conference center during the whole duration of the conference.<\/p>\n<p>If you would like to access the papers, please write to Gizem Bilal: gizem.bilal<\/p>\n<p>For more information: <a href=\"https:\/\/www.ehess.fr\/fr\/colloque\/savoirs-et-savoir-faire-en-situation-sciences-humaines-et-sociales-et-monde-knowledge-and\">https:\/\/www.ehess.fr\/fr\/colloque\/savoirs-et-savoir-faire-en-situation-sciences-humaines-et-sociales-et-monde-knowledge-and<\/a><\/p>\n","protected":false},"excerpt":{"rendered":"<p>\u201cKnowledge and Know-How Situated: Humanities and Social Sciences and the World\u201d November 8-9-10, 2022 Auditorium 150, Centre de colloques, Campus [&hellip;]<\/p>\n","protected":false},"author":1,"featured_media":0,"comment_status":"","ping_status":"open","sticky":false,"template":"","format":"standard","meta":{"_uag_custom_page_level_css":"","site-sidebar-layout":"default","site-content-layout":"","ast-site-content-layout":"default","site-content-style":"default","site-sidebar-style":"default","ast-global-header-display":"","ast-banner-title-visibility":"","ast-main-header-display":"","ast-hfb-above-header-display":"","ast-hfb-below-header-display":"","ast-hfb-mobile-header-display":"","site-post-title":"","ast-breadcrumbs-content":"","ast-featured-img":"","footer-sml-layout":"","ast-disable-related-posts":"","theme-transparent-header-meta":"","adv-header-id-meta":"","stick-header-meta":"","header-above-stick-meta":"","header-main-stick-meta":"","header-below-stick-meta":"","astra-migrate-meta-layouts":"default","ast-page-background-enabled":"default","ast-page-background-meta":{"desktop":{"background-color":"var(--ast-global-color-5)","background-image":"","background-repeat":"repeat","background-position":"center center","background-size":"auto","background-attachment":"scroll","background-type":"","background-media":"","overlay-type":"","overlay-color":"","overlay-opacity":"","overlay-gradient":""},"tablet":{"background-color":"","background-image":"","background-repeat":"repeat","background-position":"center center","background-size":"auto","background-attachment":"scroll","background-type":"","background-media":"","overlay-type":"","overlay-color":"","overlay-opacity":"","overlay-gradient":""},"mobile":{"background-color":"","background-image":"","background-repeat":"repeat","background-position":"center center","background-size":"auto","background-attachment":"scroll","background-type":"","background-media":"","overlay-type":"","overlay-color":"","overlay-opacity":"","overlay-gradient":""}},"ast-content-background-meta":{"desktop":{"background-color":"var(--ast-global-color-4)","background-image":"","background-repeat":"repeat","background-position":"center center","background-size":"auto","background-attachment":"scroll","background-type":"","background-media":"","overlay-type":"","overlay-color":"","overlay-opacity":"","overlay-gradient":""},"tablet":{"background-color":"var(--ast-global-color-4)","background-image":"","background-repeat":"repeat","background-position":"center center","background-size":"auto","background-attachment":"scroll","background-type":"","background-media":"","overlay-type":"","overlay-color":"","overlay-opacity":"","overlay-gradient":""},"mobile":{"background-color":"var(--ast-global-color-4)","background-image":"","background-repeat":"repeat","background-position":"center center","background-size":"auto","background-attachment":"scroll","background-type":"","background-media":"","overlay-type":"","overlay-color":"","overlay-opacity":"","overlay-gradient":""}},"_jetpack_memberships_contains_paid_content":false,"footnotes":""},"categories":[568],"tags":[1057,1056,1055,586],"class_list":["post-2762","post","type-post","status-publish","format-standard","hentry","category-conference-symposium","tag-humanities","tag-know-how","tag-knowledge","tag-social-sciences"],"jetpack_featured_media_url":"","uagb_featured_image_src":{"full":false,"thumbnail":false,"medium":false,"medium_large":false,"large":false,"1536x1536":false,"2048x2048":false},"uagb_author_info":{"display_name":"Admin","author_link":"https:\/\/afea.fr\/news\/author\/yanb\/"},"uagb_comment_info":0,"uagb_excerpt":"\u201cKnowledge and Know-How Situated: Humanities and Social Sciences and the World\u201d November 8-9-10, 2022 Auditorium 150, Centre de colloques, Campus [&hellip;]","jetpack_sharing_enabled":true,"_links":{"self":[{"href":"https:\/\/afea.fr\/news\/wp-json\/wp\/v2\/posts\/2762"}],"collection":[{"href":"https:\/\/afea.fr\/news\/wp-json\/wp\/v2\/posts"}],"about":[{"href":"https:\/\/afea.fr\/news\/wp-json\/wp\/v2\/types\/post"}],"author":[{"embeddable":true,"href":"https:\/\/afea.fr\/news\/wp-json\/wp\/v2\/users\/1"}],"replies":[{"embeddable":true,"href":"https:\/\/afea.fr\/news\/wp-json\/wp\/v2\/comments?post=2762"}],"version-history":[{"count":0,"href":"https:\/\/afea.fr\/news\/wp-json\/wp\/v2\/posts\/2762\/revisions"}],"wp:attachment":[{"href":"https:\/\/afea.fr\/news\/wp-json\/wp\/v2\/media?parent=2762"}],"wp:term":[{"taxonomy":"category","embeddable":true,"href":"https:\/\/afea.fr\/news\/wp-json\/wp\/v2\/categories?post=2762"},{"taxonomy":"post_tag","embeddable":true,"href":"https:\/\/afea.fr\/news\/wp-json\/wp\/v2\/tags?post=2762"}],"curies":[{"name":"wp","href":"https:\/\/api.w.org\/{rel}","templated":true}]}}