{"id":2749,"date":"2022-10-10T23:10:23","date_gmt":"2022-10-10T21:10:23","guid":{"rendered":"https:\/\/afea.fr\/news\/conference-symposium\/colloque-et-exposition-strasbourg-paysages-incertains-uncertain-landscapes-20-22-octobre-2022\/2749\/"},"modified":"2022-10-10T23:14:26","modified_gmt":"2022-10-10T21:14:26","slug":"colloque-et-exposition-strasbourg-paysages-incertains-uncertain-landscapes-20-22-octobre-2022","status":"publish","type":"post","link":"https:\/\/afea.fr\/news\/conference-symposium\/colloque-et-exposition-strasbourg-paysages-incertains-uncertain-landscapes-20-22-octobre-2022\/2749\/","title":{"rendered":"Colloque et exposition Strasbourg: \u00ab\u00a0Paysages incertains \/ Uncertain Landscapes\u00a0\u00bb 20-22 octobre 2022"},"content":{"rendered":"<p>Ch\u00e8res et chers coll\u00e8gues,<\/p>\n<p>L\u2019unit\u00e9 de recherche SEARCH de l\u2019Universit\u00e9 de Strasbourg est heureuse d\u2019annoncer la tenue du colloque \u201cPaysages incertains: repr\u00e9sentations et pratiques de l\u2019espace \u00e0 l\u2019heure de l&rsquo;Anthropoc\u00e8ne\/ Uncertain Landscapes: representations and practices of space in the age of the Anthropocene\u201d, du 20 au 22 octobre 2022, ainsi que de l\u2019exposition \u201cPaysages incertains\u201d qui lui est associ\u00e9e, du 20 octobre au 14 novembre 2021.<\/p>\n<p>Le programme est disponible en suivant le lien ci-dessous:<\/p>\n<p><a href=\"https:\/\/search.unistra.fr\/websites\/lge\/Recherche\/SEARCH\/Programme_colloque_Uncertain_Landscapes_-_4.10.22.pdf\">https:\/\/search.unistra.fr\/websites\/lge\/Recherche\/SEARCH\/Programme_colloque_Uncertain_Landscapes_-_4.10.22.pdf<\/a><\/p>\n<p>Les deux \u00e9v\u00e9nements sont organis\u00e9s en association avec les \u00e9quipes Mondes Germaniques et Nord-Europ\u00e9ens et CHER de la Facult\u00e9 des langues de l\u2019Universit\u00e9 de Strasbourg, ainsi que la Haute Ecole des Arts du Rhin (HEAR), et l\u2019Institut Universitaire de France.<\/p>\n<p>Ils b\u00e9n\u00e9ficient du soutien de la MISHA (Maison Interuniversitaire des Sciences de l\u2019Homme &#8211; Alsace).<\/p>\n<p>Le colloque pourra \u00eatre suivi en partie \u00e0 distance. Merci de m\u2019\u00e9crire \u00e0 manoles pour en obtenir le lien de connexion.<\/p>\n<p>Bien cordialement,<\/p>\n<p>Monica Manolescu, pour le comit\u00e9 d\u2019organisation: Sandrine Baudry, Emmanuel Behague, Gwen Cressman, Francesco d\u2019Antonio, Olivier Deloignon, H\u00e9l\u00e8ne Ibata, Monica Manolescu, Melanie Meunier, Fanny Moghaddassi, Thomas Mohnike, G\u00e9rard Starck<\/p>\n","protected":false},"excerpt":{"rendered":"<p>Ch\u00e8res et chers coll\u00e8gues, L\u2019unit\u00e9 de recherche SEARCH de l\u2019Universit\u00e9 de Strasbourg est heureuse d\u2019annoncer la tenue du colloque \u201cPaysages [&hellip;]<\/p>\n","protected":false},"author":1,"featured_media":0,"comment_status":"closed","ping_status":"open","sticky":false,"template":"","format":"standard","meta":{"_uag_custom_page_level_css":"","site-sidebar-layout":"default","site-content-layout":"","ast-site-content-layout":"default","site-content-style":"default","site-sidebar-style":"default","ast-global-header-display":"","ast-banner-title-visibility":"","ast-main-header-display":"","ast-hfb-above-header-display":"","ast-hfb-below-header-display":"","ast-hfb-mobile-header-display":"","site-post-title":"","ast-breadcrumbs-content":"","ast-featured-img":"","footer-sml-layout":"","ast-disable-related-posts":"","theme-transparent-header-meta":"","adv-header-id-meta":"","stick-header-meta":"","header-above-stick-meta":"","header-main-stick-meta":"","header-below-stick-meta":"","astra-migrate-meta-layouts":"default","ast-page-background-enabled":"default","ast-page-background-meta":{"desktop":{"background-color":"var(--ast-global-color-5)","background-image":"","background-repeat":"repeat","background-position":"center center","background-size":"auto","background-attachment":"scroll","background-type":"","background-media":"","overlay-type":"","overlay-color":"","overlay-opacity":"","overlay-gradient":""},"tablet":{"background-color":"","background-image":"","background-repeat":"repeat","background-position":"center center","background-size":"auto","background-attachment":"scroll","background-type":"","background-media":"","overlay-type":"","overlay-color":"","overlay-opacity":"","overlay-gradient":""},"mobile":{"background-color":"","background-image":"","background-repeat":"repeat","background-position":"center center","background-size":"auto","background-attachment":"scroll","background-type":"","background-media":"","overlay-type":"","overlay-color":"","overlay-opacity":"","overlay-gradient":""}},"ast-content-background-meta":{"desktop":{"background-color":"var(--ast-global-color-4)","background-image":"","background-repeat":"repeat","background-position":"center center","background-size":"auto","background-attachment":"scroll","background-type":"","background-media":"","overlay-type":"","overlay-color":"","overlay-opacity":"","overlay-gradient":""},"tablet":{"background-color":"var(--ast-global-color-4)","background-image":"","background-repeat":"repeat","background-position":"center center","background-size":"auto","background-attachment":"scroll","background-type":"","background-media":"","overlay-type":"","overlay-color":"","overlay-opacity":"","overlay-gradient":""},"mobile":{"background-color":"var(--ast-global-color-4)","background-image":"","background-repeat":"repeat","background-position":"center center","background-size":"auto","background-attachment":"scroll","background-type":"","background-media":"","overlay-type":"","overlay-color":"","overlay-opacity":"","overlay-gradient":""}},"_jetpack_memberships_contains_paid_content":false,"footnotes":""},"categories":[568],"tags":[1033,1032,1034,1031],"class_list":["post-2749","post","type-post","status-publish","format-standard","hentry","category-conference-symposium","tag-anthropocene","tag-espace","tag-exposition","tag-paysages"],"jetpack_featured_media_url":"","uagb_featured_image_src":{"full":false,"thumbnail":false,"medium":false,"medium_large":false,"large":false,"1536x1536":false,"2048x2048":false},"uagb_author_info":{"display_name":"Admin","author_link":"https:\/\/afea.fr\/news\/author\/yanb\/"},"uagb_comment_info":0,"uagb_excerpt":"Ch\u00e8res et chers coll\u00e8gues, L\u2019unit\u00e9 de recherche SEARCH de l\u2019Universit\u00e9 de Strasbourg est heureuse d\u2019annoncer la tenue du colloque \u201cPaysages [&hellip;]","jetpack_sharing_enabled":true,"_links":{"self":[{"href":"https:\/\/afea.fr\/news\/wp-json\/wp\/v2\/posts\/2749"}],"collection":[{"href":"https:\/\/afea.fr\/news\/wp-json\/wp\/v2\/posts"}],"about":[{"href":"https:\/\/afea.fr\/news\/wp-json\/wp\/v2\/types\/post"}],"author":[{"embeddable":true,"href":"https:\/\/afea.fr\/news\/wp-json\/wp\/v2\/users\/1"}],"replies":[{"embeddable":true,"href":"https:\/\/afea.fr\/news\/wp-json\/wp\/v2\/comments?post=2749"}],"version-history":[{"count":1,"href":"https:\/\/afea.fr\/news\/wp-json\/wp\/v2\/posts\/2749\/revisions"}],"predecessor-version":[{"id":2752,"href":"https:\/\/afea.fr\/news\/wp-json\/wp\/v2\/posts\/2749\/revisions\/2752"}],"wp:attachment":[{"href":"https:\/\/afea.fr\/news\/wp-json\/wp\/v2\/media?parent=2749"}],"wp:term":[{"taxonomy":"category","embeddable":true,"href":"https:\/\/afea.fr\/news\/wp-json\/wp\/v2\/categories?post=2749"},{"taxonomy":"post_tag","embeddable":true,"href":"https:\/\/afea.fr\/news\/wp-json\/wp\/v2\/tags?post=2749"}],"curies":[{"name":"wp","href":"https:\/\/api.w.org\/{rel}","templated":true}]}}