{"id":2748,"date":"2022-10-10T23:08:43","date_gmt":"2022-10-10T21:08:43","guid":{"rendered":"https:\/\/afea.fr\/news\/conference-symposium\/coll-je-portraits-croises-dafro-americains-et-de-peuples-autochtones-en-amerique-toulouse-13-14-octobre-2022-liens-de-visioconference\/2748\/"},"modified":"2022-10-10T23:08:43","modified_gmt":"2022-10-10T21:08:43","slug":"coll-je-portraits-croises-dafro-americains-et-de-peuples-autochtones-en-amerique-toulouse-13-14-octobre-2022-liens-de-visioconference","status":"publish","type":"post","link":"https:\/\/afea.fr\/news\/conference-symposium\/coll-je-portraits-croises-dafro-americains-et-de-peuples-autochtones-en-amerique-toulouse-13-14-octobre-2022-liens-de-visioconference\/2748\/","title":{"rendered":"COLL JE Portraits crois\u00e9s d\u2019Afro-Am\u00e9ricains et de peuples autochtones en Am\u00e9rique  \u2013 Toulouse ( 13-14 octobre 2022) \u2013 liens de visioconf\u00e9rence"},"content":{"rendered":"<p>Chers et ch\u00e8res coll\u00e8gues,<\/p>\n<p>En vue des journ\u00e9es d&rsquo;\u00e9tudes autour de l&rsquo;exposition photographique de Marion Gronier, organis\u00e9es \u00e0 l&rsquo;Universit\u00e9 Toulouse &#8211; Jean Jaur\u00e8s les 13 et 14 octobre, nous vous informons qu&rsquo;il sera possible de suivre les communications \u00e0 distance, gr\u00e2ce aux liens de visioconf\u00e9rence suivants:<\/p>\n<p>&#8211; jeudi 13: <a href=\"https:\/\/univ-tlse2.zoom.us\/j\/98390778828?pwd=YXBRZkdWWVRQTUtHUzVPbkNmTkE4QT09\">https:\/\/univ-tlse2.zoom.us\/j\/98390778828?pwd=YXBRZkdWWVRQTUtHUzVPbkNmTkE4QT09<\/a><br \/>\n&#8211; vendredi 14: <a href=\"https:\/\/univ-tlse2.zoom.us\/j\/92352002852?pwd=UWhWRHZtUy9VdkRkdU9RaVQrYjBkQT09\">https:\/\/univ-tlse2.zoom.us\/j\/92352002852?pwd=UWhWRHZtUy9VdkRkdU9RaVQrYjBkQT09<\/a><\/p>\n<p>En cas de difficult\u00e9 de connexion, merci de contacter par mail les organisatrices (murielxadrien et adriana.haben).<\/p>\n<p>Pour rappel, le programme des JE se trouve sur le lien \u00ab Programme complet \u00bb \u00e0 gauche de <a href=\"https:\/\/cas.univ-tlse2.fr\/accueil-cas\/journees-detudes\/journe%CC%81es-de%CC%81tudes-autour-de-lexposition-%C2%AB-nous-ne%CC%81tions-pas-cense%CC%81es-survivre-%C2%BB-marion-gronier\">cette page<\/a>.<\/p>\n<p>Bien cordialement,<\/p>\n<p>Muriel Adrien et Adriana Haben<br \/>\nUniversit\u00e9 Toulouse &#8211; Jean Jaur\u00e8s<\/p>\n","protected":false},"excerpt":{"rendered":"<p>Chers et ch\u00e8res coll\u00e8gues, En vue des journ\u00e9es d&rsquo;\u00e9tudes autour de l&rsquo;exposition photographique de Marion Gronier, organis\u00e9es \u00e0 l&rsquo;Universit\u00e9 Toulouse [&hellip;]<\/p>\n","protected":false},"author":1,"featured_media":0,"comment_status":"","ping_status":"open","sticky":false,"template":"","format":"standard","meta":{"_uag_custom_page_level_css":"","site-sidebar-layout":"default","site-content-layout":"","ast-site-content-layout":"default","site-content-style":"default","site-sidebar-style":"default","ast-global-header-display":"","ast-banner-title-visibility":"","ast-main-header-display":"","ast-hfb-above-header-display":"","ast-hfb-below-header-display":"","ast-hfb-mobile-header-display":"","site-post-title":"","ast-breadcrumbs-content":"","ast-featured-img":"","footer-sml-layout":"","ast-disable-related-posts":"","theme-transparent-header-meta":"","adv-header-id-meta":"","stick-header-meta":"","header-above-stick-meta":"","header-main-stick-meta":"","header-below-stick-meta":"","astra-migrate-meta-layouts":"default","ast-page-background-enabled":"default","ast-page-background-meta":{"desktop":{"background-color":"var(--ast-global-color-5)","background-image":"","background-repeat":"repeat","background-position":"center center","background-size":"auto","background-attachment":"scroll","background-type":"","background-media":"","overlay-type":"","overlay-color":"","overlay-opacity":"","overlay-gradient":""},"tablet":{"background-color":"","background-image":"","background-repeat":"repeat","background-position":"center center","background-size":"auto","background-attachment":"scroll","background-type":"","background-media":"","overlay-type":"","overlay-color":"","overlay-opacity":"","overlay-gradient":""},"mobile":{"background-color":"","background-image":"","background-repeat":"repeat","background-position":"center center","background-size":"auto","background-attachment":"scroll","background-type":"","background-media":"","overlay-type":"","overlay-color":"","overlay-opacity":"","overlay-gradient":""}},"ast-content-background-meta":{"desktop":{"background-color":"var(--ast-global-color-4)","background-image":"","background-repeat":"repeat","background-position":"center center","background-size":"auto","background-attachment":"scroll","background-type":"","background-media":"","overlay-type":"","overlay-color":"","overlay-opacity":"","overlay-gradient":""},"tablet":{"background-color":"var(--ast-global-color-4)","background-image":"","background-repeat":"repeat","background-position":"center center","background-size":"auto","background-attachment":"scroll","background-type":"","background-media":"","overlay-type":"","overlay-color":"","overlay-opacity":"","overlay-gradient":""},"mobile":{"background-color":"var(--ast-global-color-4)","background-image":"","background-repeat":"repeat","background-position":"center center","background-size":"auto","background-attachment":"scroll","background-type":"","background-media":"","overlay-type":"","overlay-color":"","overlay-opacity":"","overlay-gradient":""}},"_jetpack_memberships_contains_paid_content":false,"footnotes":""},"categories":[568],"tags":[1030,981,983],"class_list":["post-2748","post","type-post","status-publish","format-standard","hentry","category-conference-symposium","tag-marion-gronier","tag-peuples-autochtones","tag-photographie"],"jetpack_featured_media_url":"","uagb_featured_image_src":{"full":false,"thumbnail":false,"medium":false,"medium_large":false,"large":false,"1536x1536":false,"2048x2048":false},"uagb_author_info":{"display_name":"Admin","author_link":"https:\/\/afea.fr\/news\/author\/yanb\/"},"uagb_comment_info":0,"uagb_excerpt":"Chers et ch\u00e8res coll\u00e8gues, En vue des journ\u00e9es d&rsquo;\u00e9tudes autour de l&rsquo;exposition photographique de Marion Gronier, organis\u00e9es \u00e0 l&rsquo;Universit\u00e9 Toulouse [&hellip;]","jetpack_sharing_enabled":true,"_links":{"self":[{"href":"https:\/\/afea.fr\/news\/wp-json\/wp\/v2\/posts\/2748"}],"collection":[{"href":"https:\/\/afea.fr\/news\/wp-json\/wp\/v2\/posts"}],"about":[{"href":"https:\/\/afea.fr\/news\/wp-json\/wp\/v2\/types\/post"}],"author":[{"embeddable":true,"href":"https:\/\/afea.fr\/news\/wp-json\/wp\/v2\/users\/1"}],"replies":[{"embeddable":true,"href":"https:\/\/afea.fr\/news\/wp-json\/wp\/v2\/comments?post=2748"}],"version-history":[{"count":0,"href":"https:\/\/afea.fr\/news\/wp-json\/wp\/v2\/posts\/2748\/revisions"}],"wp:attachment":[{"href":"https:\/\/afea.fr\/news\/wp-json\/wp\/v2\/media?parent=2748"}],"wp:term":[{"taxonomy":"category","embeddable":true,"href":"https:\/\/afea.fr\/news\/wp-json\/wp\/v2\/categories?post=2748"},{"taxonomy":"post_tag","embeddable":true,"href":"https:\/\/afea.fr\/news\/wp-json\/wp\/v2\/tags?post=2748"}],"curies":[{"name":"wp","href":"https:\/\/api.w.org\/{rel}","templated":true}]}}