{"id":2737,"date":"2022-10-10T22:43:22","date_gmt":"2022-10-10T20:43:22","guid":{"rendered":"https:\/\/afea.fr\/news\/?p=2737"},"modified":"2022-10-10T22:43:22","modified_gmt":"2022-10-10T20:43:22","slug":"evenement-journee-internationale-avec-les-peuples-autochtones-des-ameriques-le-16-octobre-2022","status":"publish","type":"post","link":"https:\/\/afea.fr\/news\/conference-symposium\/evenement-journee-internationale-avec-les-peuples-autochtones-des-ameriques-le-16-octobre-2022\/2737\/","title":{"rendered":"Ev\u00e9nement &#8211; Journ\u00e9e internationale avec les peuples autochtones des Am\u00e9riques le 16 octobre 2022"},"content":{"rendered":"<p>PROGRAMME &#8211; Journ\u00e9e internationale de solidarit\u00e9 avec les peuples autochtones des Am\u00e9riques du CSIA &#8211; 16 octobre 2022 &#8211; Salle Jean Dame<br \/>\n<a href=\"https:\/\/l.facebook.com\/l.php?u=https%3A%2F%2Fwww.csia-nitassinan.org%2Fspip.php%3Farticle1239%26fbclid%3DIwAR2k87gERG7EeCixXyXX7f6_dtbwykRMy3KxDWHbYDk2QGujeRrIB7q_Bgc&amp;h=AT2oXocpnAeySjVdltXd76GrVct9zsZJB7ppAp54EqIADmylynlxjzzqLMnMKzMMraKynqR2eoz6PNlIiYiCUamdsNEPpw0RCxDGDuW82F3QeEwbOC7v26eBHCzTOPK0U7IjLjgz0eUbSVbG7-aWdWg&amp;__tn__=-UK-R&amp;c%5Bobject%202%5D=AT2NkMKhFkPdgJ4FZA0ejp3lH7jHUA0831GEEae92Ai5owWJnG2D7WX0DqO-nEFE4FFmZUBUzqSeKljPiOKoPTNld7ZoULKXx_-e6WhKJEK0O6KGTs18liKW2-ARek7-nbyMu7tFTvx557BuSOWUMSENhS3u3WUQVDDzyl1tlqyCwQP4hAcZRQ\">https:\/\/www.csia-nitassinan.org\/spip.php?article1239<\/a><\/p>\n<p>Dans le cadre des c\u00e9l\u00e9brations des 15 ans de l&rsquo;adoption de la D\u00e9claration des droits des peuples autochtones par les Nations Unies et de la Premi\u00e8re ann\u00e9e de la D\u00e9cennie international des langues autochtones de l&rsquo;UNESCO (2022 &#8211; 2032)<\/p>\n<p>Dimanche 16 octobre 2022 &#8211; de 15h \u00e0 18h<br \/>\nSalle Jean Dame, 17 rue L\u00e9opold Bellan, Paris 2e<\/p>\n<p>15h &#8211; ouverture des portes &amp; Pr\u00e9sentation de la Journ\u00e9e par le CSIA-Nitassinan<br \/>\n15h10 &#8211; Conf\u00e9rence inaugurale : Taul\u00e9wali Clarisse Da Silva, Kali&rsquo;na de Guyane \u00ab\u00a0fran\u00e7aise\u00a0\u00bb, artiste Kali&rsquo;na et pr\u00e9sidente de Jeunesse autochtone de Guyane (JAG) &#8211; Suivie d&rsquo;une minute de silence en hommage \u00e0 Sidoine Malicoumane, jeune autochtone de Guyane d\u00e9c\u00e9d\u00e9 r\u00e9cemment dans des circonstances \u00e9tranges.<\/p>\n<p>15h30 &#8211; Premi\u00e8re table ronde &#8211; D\u00e9cennie internationale des langues autochtones de l&rsquo;UNESCO<br \/>\nL&rsquo;Assembl\u00e9e g\u00e9n\u00e9rale des Nations unies (r\u00e9solution A\/RES\/74\/135) a proclam\u00e9 la p\u00e9riode comprise entre 2022 et 2032 D\u00e9cennie internationale des langues autochtones (IDIL 2022-2032), afin d&rsquo;attirer l&rsquo;attention du monde entier sur la situation critique de nombreuses langues autochtones et de mobiliser les parties prenantes et les ressources pour leur pr\u00e9servation, leur revitalisation et leur promotion.<br \/>\n\u00ab\u00a0Parler sa langue autochtone, c&rsquo;est r\u00e9sister et construire l&rsquo;avenir\u00a0\u00bb<br \/>\nIntervenant.e.s :<br \/>\n&#8211; Nigel Crawhall, Chef de Section UNESCO &#8211; Syst\u00e8mes de Savoirs Autochtones et Locaux (LINKS) ;<br \/>\n&#8211; Steve Chailloux, anthropologue M\u0101\u02bbohi de Polyn\u00e9sie, professeur de langue M\u0101\u02bbohi, membre du T\u0101vini huira\u02bbatira, parlementaire \u00e0 l&rsquo;Assembl\u00e9e nationale ;<br \/>\n&#8211; Kuanene Daniel Wea, Kanak de Kanaky \/ Nouvelle Cal\u00e9donie, pr\u00e9sident du MJKF, locuteur en langue Iaai d&rsquo;Ouv\u00e9a et ancien \u00e9l\u00e8ve des \u00c9coles Populaires Kanak (EPK) ;<br \/>\n&#8211; Taneyulime Ludwina Pilisi, Kali&rsquo;na de Guyane \u00ab\u00a0fran\u00e7aise\u00a0\u00bb, co-pr\u00e9sidente et co-fondatrice de l&rsquo;association Aukae, pour la pr\u00e9servation des territoires autochtones et le rayonnement de la culture et des arts Kali&rsquo;na.<\/p>\n<p>16h30 &#8211; Pause<\/p>\n<p>16h40 &#8211; Hommage \u00e0 Sacheen Littlefeather<br \/>\nSacheen Littlefeather est l&rsquo;actrice apache et yaqui, militante de l&rsquo;AIM qui avait refus\u00e9 en 1973, l&rsquo;Oscar du meilleur acteur au nom de Marlon Brando pour \u00ab\u00a0Le Parrain\u00a0\u00bb en signe de protestation contre le traitement des Am\u00e9rindiens par l&rsquo;industrie cin\u00e9matographique et la r\u00e9pression en cours \u00e0 l&rsquo;\u00e9poque contre les militants autochtones occupant le village de Wounded Knee sur la r\u00e9serve Sioux Lakota de Pine Ridge, dans le Dakota du Sud. Sacheen, amie et alli\u00e9e du CSIA-Nitassinan, nous a quitt\u00e9 le 2 octobre dernier \u00e0 l&rsquo;age de 75 ans. L&rsquo;Acad\u00e9mie des Oscar avait organis\u00e9 le 17 septembre une c\u00e9r\u00e9monie dans son nouveau mus\u00e9e de Los Angeles pour lui rendre hommage et lui pr\u00e9senter des excuses publiques pour le traitement qu&rsquo;elle a subi lors de la c\u00e9r\u00e9monie des Oscars il y a pr\u00e8s de cinquante ans.<br \/>\n\u00ab\u00a0Quand je serai partie, rappelez-vous toujours que chaque fois que vous d\u00e9fendrez votre v\u00e9rit\u00e9, vous garderez en vie ma voix et les voix de nos nations et de nos peuples.\u00a0\u00bb &#8211; Sacheen Littlefeather<\/p>\n<p>16h50 &#8211; Seconde table ronde : \u00ab\u00a0R\u00e9sistance am\u00e9rindienne de Wounded Knee \u00e0 Standing Rock, en passant par Oglala : Libert\u00e9 pour Leonard Peltier !\u00a0\u00bb<\/p>\n<p>Leonard Peltier (Sioux Dakota \/ Anishinaabe), militant de l&rsquo;American Indian Movement &#8211; AIM est dans sa 47e ann\u00e9e d&rsquo;incarc\u00e9ration aux Etats-Unis pour un crime qu&rsquo;il n&rsquo;a pas commis. Amnesty International le consid\u00e8re comme un prisonnier politique qui devrait \u00eatre lib\u00e9r\u00e9 imm\u00e9diatement et sans condition. Il est consid\u00e9r\u00e9 comme le \u00ab Nelson Mandela des peuples autochtones \u00bb. La pression monte actuellement aux Etats-Unis pour que le pr\u00e9sident Joe Biden lui accorde une gr\u00e2ce pr\u00e9sidentielle. Le Groupe de travail de l&rsquo;ONU sur les d\u00e9tentions arbitraires a r\u00e9cemment rendu public un rapport de 17 pages demandant sa juste lib\u00e9ration. Une d\u00e9l\u00e9gation du International Leonard Peltier Defense Committee (ILPDC) et de la Coalition <a href=\"https:\/\/www.facebook.com\/hashtag\/riseupforpeltier?__eep__=6&amp;__cft__%5Bobject%203%5D=AZXsLCbQ1mqVbbpmM6EmdaU7JbyGpBhs8YmXb1kLxgwD_aEyd4EhJ1sa5cWXWvS_w5sCcfPAYpuvcz4elrlCoSZjV0BaNYZ5x0oVncMgtFpm8Aov5jT051CMG8diWM-G4WQfpT1VwfIAkqZk--AQ4wk_khMrFg2bqqhoB175rUNdig&amp;__tn__=*NK-R\">#RiseUpForPeltier<\/a> est actuellement en Europe pour internationaliser cette lutte. Cette d\u00e9l\u00e9gation a d\u00e9but\u00e9 son s\u00e9jour \u00e0 la 51e session du Conseil des Droits de l&rsquo;Homme, au si\u00e8ge des Nations Unies \u00e0 Gen\u00e8ve en Suisse, puis est pass\u00e9e par l&rsquo;Italie et l&rsquo;Allemagne. Les repr\u00e9sentantes autochtones ont d\u00e9cid\u00e9 de nous faire l&rsquo;honneur de terminer leur voyage \u00e0 Paris \u00e0 la Journ\u00e9e internationale de solidarit\u00e9 avec les peuples autochtones des Am\u00e9riques du CSIA-Nitassinan.<br \/>\nIntervenant.e.s :<br \/>\n&#8211; Kathy Peltier, Din\u00e9\/Navajo, Dakota Sioux et Anishinaabe, elle est la plus jeune fille du prisonnier politique am\u00e9rindien, Leonard Peltier. Elle n&rsquo;a jamais connu son p\u00e8re en drehors des p\u00e9nitenciers f\u00e9d\u00e9raux. Elle participe \u00e0 la Walk to Justice for Leonard Peltier (Marche pour la justice) qui traverse les Etats-Unis en ce moment et qui va se terminer devant la Maison Blanche \u00e0 Washington D.C mi-novembre prochain ;<br \/>\n&#8211; Jean Roach, Sioux Miniconjou Lakota, originaire de la r\u00e9serve de Cheyenne River dans le Dakota du sud est une artiste reconnue. Survivante de la fusillade \u00e0 Oglala avce le FBI en 1975 et du R\u00e8gne de la terreur sur la r\u00e9serve de Pine Ridge dans les ann\u00e9es 1970, elle est une des directrices du International Leonard Peltier Defense Committee &#8211; ILPDC et membre de AIM Grassroots.<br \/>\n&#8211; Lona Knight, Sioux Miniconjou Lakota, th\u00e9rapeute autochtone sp\u00e9cialis\u00e9e en trauma interg\u00e9n\u00e9rationnel, membre du ILPDC et arri\u00e8re, arri\u00e8re petite-fille de Jackson Kills Whiteman, survivant du massacre de Wounded Knee en 1890<br \/>\n&#8211; Mitch Walking Elk, Southern Cheyenne &amp; Arapaho, musicien et membre de l&rsquo;AIM, ancien \u00e9ducateur \u00e0 l&rsquo;\u00c9cole de Survie \u00ab\u00a0Heart of the Earth\u00a0\u00bb \u00e0 Minneapolis, il coordonne aujourd&rsquo;hui le programme Indigenous Youth Ceremonial Mentoring Societies.<br \/>\n17h40 \u2013 Hommage aux prisonnier.e.s de 530 ans de r\u00e9sistance dans les Am\u00e9riques (Leonard Peltier \u2013 Dakota Sioux \/ Anishinaabe, prisonniers d&rsquo;Eloxochitl\u00e1n de Flores Magon et Miguel Peralta &#8211; Mazateco, Fidencio Aldama \u2013 Yaqui, prisonniers mapuche de Wallmapu &#8211; Chili \/ Argentine)<br \/>\navec Trayenko G\u00f1en Lif Paillalef (Mapuche).<\/p>\n<p>17h50 \u2013 Remerciements et mot de cl\u00f4ture par le CSIA-Nitassinan<\/p>\n<p>18h &#8211; Fin<\/p>\n<p>Entr\u00e9e prix libre<br \/>\n&#8211; \u00c9v\u00e9nement Facebook \u00e0 diffuser ! -&gt; <a href=\"https:\/\/l.facebook.com\/l.php?u=https%3A%2F%2Ffb.me%2Fe%2F5GEF8RBlH&amp;h=AT10bppzSMPTyORdm4SOJW1xYBBXqufZiHC6MTj4mM23rPOukWw_2Iyqumdk1IXMNfAZsYdaadpI_9-LbFaBggCUF2-MnGn_KAmfTtpyV_5-a5lIKciz2wIBen6uSQfILZerylMbuAfiA3iCr1TMy_Q&amp;__tn__=-UK-R&amp;c%5Bobject%204%5D=AT2NkMKhFkPdgJ4FZA0ejp3lH7jHUA0831GEEae92Ai5owWJnG2D7WX0DqO-nEFE4FFmZUBUzqSeKljPiOKoPTNld7ZoULKXx_-e6WhKJEK0O6KGTs18liKW2-ARek7-nbyMu7tFTvx557BuSOWUMSENhS3u3WUQVDDzyl1tlqyCwQP4hAcZRQ\">https:\/\/fb.me\/e\/5GEF8RBlH<\/a><br \/>\n<a href=\"https:\/\/www.facebook.com\/hashtag\/idil20222032?__eep__=6&amp;__cft__%5Bobject%205%5D=AZXsLCbQ1mqVbbpmM6EmdaU7JbyGpBhs8YmXb1kLxgwD_aEyd4EhJ1sa5cWXWvS_w5sCcfPAYpuvcz4elrlCoSZjV0BaNYZ5x0oVncMgtFpm8Aov5jT051CMG8diWM-G4WQfpT1VwfIAkqZk--AQ4wk_khMrFg2bqqhoB175rUNdig&amp;__tn__=*NK-R\">#IDIL20222032<\/a><br \/>\n<a href=\"https:\/\/www.facebook.com\/hashtag\/indigenouslanguages?__eep__=6&amp;__cft__%5Bobject%206%5D=AZXsLCbQ1mqVbbpmM6EmdaU7JbyGpBhs8YmXb1kLxgwD_aEyd4EhJ1sa5cWXWvS_w5sCcfPAYpuvcz4elrlCoSZjV0BaNYZ5x0oVncMgtFpm8Aov5jT051CMG8diWM-G4WQfpT1VwfIAkqZk--AQ4wk_khMrFg2bqqhoB175rUNdig&amp;__tn__=*NK-R\">#IndigenousLanguages<\/a> <a href=\"https:\/\/www.facebook.com\/hashtag\/weareindigenous?__eep__=6&amp;__cft__%5Bobject%207%5D=AZXsLCbQ1mqVbbpmM6EmdaU7JbyGpBhs8YmXb1kLxgwD_aEyd4EhJ1sa5cWXWvS_w5sCcfPAYpuvcz4elrlCoSZjV0BaNYZ5x0oVncMgtFpm8Aov5jT051CMG8diWM-G4WQfpT1VwfIAkqZk--AQ4wk_khMrFg2bqqhoB175rUNdig&amp;__tn__=*NK-R\">#WeAreIndigenous<\/a><\/p>\n<p><a href=\"https:\/\/i0.wp.com\/afea.fr\/news\/wp-content\/uploads\/sites\/2\/2022\/10\/307032636_5394369337337481_3674799704340423083_n.jpeg?ssl=1\" rel=\"attachment wp-att-2738\"><img data-recalc-dims=\"1\" loading=\"lazy\" decoding=\"async\" src=\"https:\/\/i0.wp.com\/afea.fr\/news\/wp-content\/uploads\/sites\/2\/2022\/10\/307032636_5394369337337481_3674799704340423083_n.jpeg?resize=300%2C300&#038;ssl=1\" alt=\"\" title=\"307032636_5394369337337481_3674799704340423083_n-jpeg\" width=\"300\" height=\"300\" class=\"alignnone size-medium wp-image-2738\" srcset=\"https:\/\/i0.wp.com\/afea.fr\/news\/wp-content\/uploads\/sites\/2\/2022\/10\/307032636_5394369337337481_3674799704340423083_n.jpeg?resize=150%2C150&amp;ssl=1 150w, https:\/\/i0.wp.com\/afea.fr\/news\/wp-content\/uploads\/sites\/2\/2022\/10\/307032636_5394369337337481_3674799704340423083_n.jpeg?zoom=2&amp;resize=300%2C300&amp;ssl=1 600w, https:\/\/i0.wp.com\/afea.fr\/news\/wp-content\/uploads\/sites\/2\/2022\/10\/307032636_5394369337337481_3674799704340423083_n.jpeg?zoom=3&amp;resize=300%2C300&amp;ssl=1 900w\" sizes=\"(max-width: 300px) 100vw, 300px\" \/><\/a><\/p>\n","protected":false},"excerpt":{"rendered":"<p>PROGRAMME &#8211; Journ\u00e9e internationale de solidarit\u00e9 avec les peuples autochtones des Am\u00e9riques du CSIA &#8211; 16 octobre 2022 &#8211; Salle [&hellip;]<\/p>\n","protected":false},"author":1,"featured_media":0,"comment_status":"closed","ping_status":"open","sticky":false,"template":"","format":"standard","meta":{"_uag_custom_page_level_css":"","site-sidebar-layout":"default","site-content-layout":"","ast-site-content-layout":"default","site-content-style":"default","site-sidebar-style":"default","ast-global-header-display":"","ast-banner-title-visibility":"","ast-main-header-display":"","ast-hfb-above-header-display":"","ast-hfb-below-header-display":"","ast-hfb-mobile-header-display":"","site-post-title":"","ast-breadcrumbs-content":"","ast-featured-img":"","footer-sml-layout":"","ast-disable-related-posts":"","theme-transparent-header-meta":"","adv-header-id-meta":"","stick-header-meta":"","header-above-stick-meta":"","header-main-stick-meta":"","header-below-stick-meta":"","astra-migrate-meta-layouts":"default","ast-page-background-enabled":"default","ast-page-background-meta":{"desktop":{"background-color":"var(--ast-global-color-5)","background-image":"","background-repeat":"repeat","background-position":"center center","background-size":"auto","background-attachment":"scroll","background-type":"","background-media":"","overlay-type":"","overlay-color":"","overlay-opacity":"","overlay-gradient":""},"tablet":{"background-color":"","background-image":"","background-repeat":"repeat","background-position":"center center","background-size":"auto","background-attachment":"scroll","background-type":"","background-media":"","overlay-type":"","overlay-color":"","overlay-opacity":"","overlay-gradient":""},"mobile":{"background-color":"","background-image":"","background-repeat":"repeat","background-position":"center center","background-size":"auto","background-attachment":"scroll","background-type":"","background-media":"","overlay-type":"","overlay-color":"","overlay-opacity":"","overlay-gradient":""}},"ast-content-background-meta":{"desktop":{"background-color":"var(--ast-global-color-4)","background-image":"","background-repeat":"repeat","background-position":"center center","background-size":"auto","background-attachment":"scroll","background-type":"","background-media":"","overlay-type":"","overlay-color":"","overlay-opacity":"","overlay-gradient":""},"tablet":{"background-color":"var(--ast-global-color-4)","background-image":"","background-repeat":"repeat","background-position":"center center","background-size":"auto","background-attachment":"scroll","background-type":"","background-media":"","overlay-type":"","overlay-color":"","overlay-opacity":"","overlay-gradient":""},"mobile":{"background-color":"var(--ast-global-color-4)","background-image":"","background-repeat":"repeat","background-position":"center center","background-size":"auto","background-attachment":"scroll","background-type":"","background-media":"","overlay-type":"","overlay-color":"","overlay-opacity":"","overlay-gradient":""}},"_jetpack_memberships_contains_paid_content":false,"footnotes":""},"categories":[568],"tags":[1023,981],"class_list":["post-2737","post","type-post","status-publish","format-standard","hentry","category-conference-symposium","tag-csia","tag-peuples-autochtones"],"jetpack_featured_media_url":"","uagb_featured_image_src":{"full":false,"thumbnail":false,"medium":false,"medium_large":false,"large":false,"1536x1536":false,"2048x2048":false},"uagb_author_info":{"display_name":"Admin","author_link":"https:\/\/afea.fr\/news\/author\/yanb\/"},"uagb_comment_info":0,"uagb_excerpt":"PROGRAMME &#8211; Journ\u00e9e internationale de solidarit\u00e9 avec les peuples autochtones des Am\u00e9riques du CSIA &#8211; 16 octobre 2022 &#8211; Salle [&hellip;]","jetpack_sharing_enabled":true,"_links":{"self":[{"href":"https:\/\/afea.fr\/news\/wp-json\/wp\/v2\/posts\/2737"}],"collection":[{"href":"https:\/\/afea.fr\/news\/wp-json\/wp\/v2\/posts"}],"about":[{"href":"https:\/\/afea.fr\/news\/wp-json\/wp\/v2\/types\/post"}],"author":[{"embeddable":true,"href":"https:\/\/afea.fr\/news\/wp-json\/wp\/v2\/users\/1"}],"replies":[{"embeddable":true,"href":"https:\/\/afea.fr\/news\/wp-json\/wp\/v2\/comments?post=2737"}],"version-history":[{"count":1,"href":"https:\/\/afea.fr\/news\/wp-json\/wp\/v2\/posts\/2737\/revisions"}],"predecessor-version":[{"id":2739,"href":"https:\/\/afea.fr\/news\/wp-json\/wp\/v2\/posts\/2737\/revisions\/2739"}],"wp:attachment":[{"href":"https:\/\/afea.fr\/news\/wp-json\/wp\/v2\/media?parent=2737"}],"wp:term":[{"taxonomy":"category","embeddable":true,"href":"https:\/\/afea.fr\/news\/wp-json\/wp\/v2\/categories?post=2737"},{"taxonomy":"post_tag","embeddable":true,"href":"https:\/\/afea.fr\/news\/wp-json\/wp\/v2\/tags?post=2737"}],"curies":[{"name":"wp","href":"https:\/\/api.w.org\/{rel}","templated":true}]}}