{"id":2721,"date":"2022-10-07T13:33:18","date_gmt":"2022-10-07T11:33:18","guid":{"rendered":"https:\/\/afea.fr\/news\/seminar\/premiere-seance-et-programme-du-seminaire-histoire-du-politique-on-zoom\/2721\/"},"modified":"2022-10-07T13:33:18","modified_gmt":"2022-10-07T11:33:18","slug":"premiere-seance-et-programme-du-seminaire-histoire-du-politique-on-zoom","status":"publish","type":"post","link":"https:\/\/afea.fr\/news\/seminar\/premiere-seance-et-programme-du-seminaire-histoire-du-politique-on-zoom\/2721\/","title":{"rendered":"Premi\u00e8re s\u00e9ance et programme du s\u00e9minaire \u00ab\u00a0Histoire du Politique\u00a0\u00bb on Zoom"},"content":{"rendered":"<p>Ch\u00e8res et chers coll\u00e8gues,<\/p>\n<p>Le s\u00e9minaire de l&rsquo;axe <strong>Histoire du politique<\/strong> du LARCA (Universit\u00e9 Paris Cit\u00e9) fera sa rentr\u00e9e le mardi 18 octobre 17h30-19h, o\u00f9 nous accueillerons Jennifer L. Holland (University of Oklahoma) pour une communication intitul\u00e9e \u2018<strong>The End of Roe: How the Anti-Abortion Movement Rolled Back Reproductive Rights in the US<\/strong>\u2019.<\/p>\n<p>La discussion sera assur\u00e9e par Anne L\u00e9gier (ICT\/ Universit\u00e9 Paris Cit\u00e9) &amp; Joanne Raineau (LARCA-UMR 8225\/Universit\u00e9 Paris Cit\u00e9).<\/p>\n<p>A noter, le s\u00e9minaire sera pour l&rsquo;ann\u00e9e 22-23 <strong>sur Zoom exclusivement<\/strong>, et chaque s\u00e9ance s&rsquo;appuiera sur un ou des textes pr\u00e9-circul\u00e9s.<\/p>\n<p>Le lien pour la s\u00e9ance du 18 octobre est disponible sur inscription <a href=\"https:\/\/u-paris.zoom.us\/meeting\/register\/tZYsfu6pqTgiGdS8-hNmAi68SehX2Jg12MUN\">ici<\/a>.<\/p>\n<p>Un extrait de<em> Tiny You<\/em>, l&rsquo;ouvrage de Jennifer Holland dont il sera question le 18 octobre, est disponible sur simple demande \u00e0 l&rsquo;adresse suivante : hugo.bouvard<\/p>\n<p>Enfin, le <strong>programme du s\u00e9minaire pour l&rsquo;ann\u00e9e<\/strong> est disponible <a href=\"https:\/\/larca.u-paris.fr\/wp-content\/uploads\/2022\/09\/Programme-2022-2023-HISTPOL.pdf\">ici<\/a>.<\/p>\n<p>Bien cordialement,<br \/>\nLes organisateurs et organisatrices du s\u00e9minaire \u00ab\u00a0Histoire du politique\u00a0\u00bb :<\/p>\n<p>Hugo Bouvard, Charles-\u00c9douard Levillain, St\u00e9phanie Pr\u00e9vost, Clara S\u00e9bastiani<\/p>\n","protected":false},"excerpt":{"rendered":"<p>Ch\u00e8res et chers coll\u00e8gues, Le s\u00e9minaire de l&rsquo;axe Histoire du politique du LARCA (Universit\u00e9 Paris Cit\u00e9) fera sa rentr\u00e9e le [&hellip;]<\/p>\n","protected":false},"author":1,"featured_media":0,"comment_status":"","ping_status":"open","sticky":false,"template":"","format":"standard","meta":{"_uag_custom_page_level_css":"","site-sidebar-layout":"default","site-content-layout":"","ast-site-content-layout":"default","site-content-style":"default","site-sidebar-style":"default","ast-global-header-display":"","ast-banner-title-visibility":"","ast-main-header-display":"","ast-hfb-above-header-display":"","ast-hfb-below-header-display":"","ast-hfb-mobile-header-display":"","site-post-title":"","ast-breadcrumbs-content":"","ast-featured-img":"","footer-sml-layout":"","ast-disable-related-posts":"","theme-transparent-header-meta":"","adv-header-id-meta":"","stick-header-meta":"","header-above-stick-meta":"","header-main-stick-meta":"","header-below-stick-meta":"","astra-migrate-meta-layouts":"default","ast-page-background-enabled":"default","ast-page-background-meta":{"desktop":{"background-color":"var(--ast-global-color-5)","background-image":"","background-repeat":"repeat","background-position":"center center","background-size":"auto","background-attachment":"scroll","background-type":"","background-media":"","overlay-type":"","overlay-color":"","overlay-opacity":"","overlay-gradient":""},"tablet":{"background-color":"","background-image":"","background-repeat":"repeat","background-position":"center center","background-size":"auto","background-attachment":"scroll","background-type":"","background-media":"","overlay-type":"","overlay-color":"","overlay-opacity":"","overlay-gradient":""},"mobile":{"background-color":"","background-image":"","background-repeat":"repeat","background-position":"center center","background-size":"auto","background-attachment":"scroll","background-type":"","background-media":"","overlay-type":"","overlay-color":"","overlay-opacity":"","overlay-gradient":""}},"ast-content-background-meta":{"desktop":{"background-color":"var(--ast-global-color-4)","background-image":"","background-repeat":"repeat","background-position":"center center","background-size":"auto","background-attachment":"scroll","background-type":"","background-media":"","overlay-type":"","overlay-color":"","overlay-opacity":"","overlay-gradient":""},"tablet":{"background-color":"var(--ast-global-color-4)","background-image":"","background-repeat":"repeat","background-position":"center center","background-size":"auto","background-attachment":"scroll","background-type":"","background-media":"","overlay-type":"","overlay-color":"","overlay-opacity":"","overlay-gradient":""},"mobile":{"background-color":"var(--ast-global-color-4)","background-image":"","background-repeat":"repeat","background-position":"center center","background-size":"auto","background-attachment":"scroll","background-type":"","background-media":"","overlay-type":"","overlay-color":"","overlay-opacity":"","overlay-gradient":""}},"_jetpack_memberships_contains_paid_content":false,"footnotes":""},"categories":[100],"tags":[955,1006,1008,971,1007],"class_list":["post-2721","post","type-post","status-publish","format-standard","hentry","category-seminar","tag-abortion","tag-anti-abortion-movement","tag-histoire-du-politique","tag-larca","tag-reproductive-rights"],"jetpack_featured_media_url":"","uagb_featured_image_src":{"full":false,"thumbnail":false,"medium":false,"medium_large":false,"large":false,"1536x1536":false,"2048x2048":false},"uagb_author_info":{"display_name":"Admin","author_link":"https:\/\/afea.fr\/news\/author\/yanb\/"},"uagb_comment_info":0,"uagb_excerpt":"Ch\u00e8res et chers coll\u00e8gues, Le s\u00e9minaire de l&rsquo;axe Histoire du politique du LARCA (Universit\u00e9 Paris Cit\u00e9) fera sa rentr\u00e9e le [&hellip;]","jetpack_sharing_enabled":true,"_links":{"self":[{"href":"https:\/\/afea.fr\/news\/wp-json\/wp\/v2\/posts\/2721"}],"collection":[{"href":"https:\/\/afea.fr\/news\/wp-json\/wp\/v2\/posts"}],"about":[{"href":"https:\/\/afea.fr\/news\/wp-json\/wp\/v2\/types\/post"}],"author":[{"embeddable":true,"href":"https:\/\/afea.fr\/news\/wp-json\/wp\/v2\/users\/1"}],"replies":[{"embeddable":true,"href":"https:\/\/afea.fr\/news\/wp-json\/wp\/v2\/comments?post=2721"}],"version-history":[{"count":0,"href":"https:\/\/afea.fr\/news\/wp-json\/wp\/v2\/posts\/2721\/revisions"}],"wp:attachment":[{"href":"https:\/\/afea.fr\/news\/wp-json\/wp\/v2\/media?parent=2721"}],"wp:term":[{"taxonomy":"category","embeddable":true,"href":"https:\/\/afea.fr\/news\/wp-json\/wp\/v2\/categories?post=2721"},{"taxonomy":"post_tag","embeddable":true,"href":"https:\/\/afea.fr\/news\/wp-json\/wp\/v2\/tags?post=2721"}],"curies":[{"name":"wp","href":"https:\/\/api.w.org\/{rel}","templated":true}]}}