{"id":2718,"date":"2022-10-07T13:28:11","date_gmt":"2022-10-07T11:28:11","guid":{"rendered":"https:\/\/afea.fr\/news\/publication\/pub-lombre-de-proust-et-de-faulkner-dans-la-litterature-de-langue-francaise-xxe-xxie-siecles\/2718\/"},"modified":"2022-10-07T13:28:11","modified_gmt":"2022-10-07T11:28:11","slug":"pub-lombre-de-proust-et-de-faulkner-dans-la-litterature-de-langue-francaise-xxe-xxie-siecles","status":"publish","type":"post","link":"https:\/\/afea.fr\/news\/publication\/pub-lombre-de-proust-et-de-faulkner-dans-la-litterature-de-langue-francaise-xxe-xxie-siecles\/2718\/","title":{"rendered":"PUB: L&rsquo;Ombre de Proust et de Faulkner dans la litt\u00e9rature de langue fran\u00e7aise (XXe-XXIe si\u00e8cles )"},"content":{"rendered":"<p>Ch\u00e8res et chers coll\u00e8gues,<\/p>\n<p>Je suis ravie de vous faire part de la sortie du n\u00b086 de <em>Litt\u00e9ratures<\/em>, intitul\u00e9 <em>L&rsquo;Ombre de Proust et de Faulkner dans la litt\u00e9rature de langue fran\u00e7aise (XXe-XXIe si\u00e8cles).<\/em><\/p>\n<p><a href=\"https:\/\/pum.univ-tlse2.fr\/~no-86-L-ombre-de-Proust-et-de~.html\">https:\/\/pum.univ-tlse2.fr\/~no-86-L-ombre-de-Proust-et-de~.html<\/a><\/p>\n<p>Le volume est disponible pour recension aupr\u00e8s de Jean-Yves Laurichesse (jylaurichesse), qui en a assur\u00e9 la codirection.<\/p>\n<p>Bien amicalement,<\/p>\n<p>Fr\u00e9d\u00e9rique SPILL<br \/>\nProfesseure de litt\u00e9rature am\u00e9ricaine<br \/>\nDirectrice de l&rsquo;UR UPJV 4295 \/ CORPUS<\/p>\n<p>Maison de la Recherche, E222, Citadelle<br \/>\nUniversit\u00e9 de Picardie Jules Verne<br \/>\n10, rue des Fran\u00e7ais Libres<br \/>\n80000 Amiens<br \/>\nFrance<br \/>\nfrederique.spill<\/p>\n<p><img loading=\"lazy\" decoding=\"async\" width=\"95\" height=\"96\" src=\"https:\/\/ci3.googleusercontent.com\/mail-sig\/AIorK4x5IKp3K78qyGye9_A-HcbtzwO9b2B3DaHLfcHTZVKIG4NSx3vY65Gd4CAApO_7b4ioA-FSBNc\" alt=\"AIorK4x5IKp3K78qyGye9_A-HcbtzwO9b2B3DaHLfcHTZVKIG4NSx3vY65Gd4CAApO_7b4ioA-FSBNc\" \/><\/p>\n","protected":false},"excerpt":{"rendered":"<p>Ch\u00e8res et chers coll\u00e8gues, Je suis ravie de vous faire part de la sortie du n\u00b086 de Litt\u00e9ratures, intitul\u00e9 L&rsquo;Ombre [&hellip;]<\/p>\n","protected":false},"author":1,"featured_media":0,"comment_status":"","ping_status":"open","sticky":false,"template":"","format":"standard","meta":{"_uag_custom_page_level_css":"","site-sidebar-layout":"default","site-content-layout":"","ast-site-content-layout":"default","site-content-style":"default","site-sidebar-style":"default","ast-global-header-display":"","ast-banner-title-visibility":"","ast-main-header-display":"","ast-hfb-above-header-display":"","ast-hfb-below-header-display":"","ast-hfb-mobile-header-display":"","site-post-title":"","ast-breadcrumbs-content":"","ast-featured-img":"","footer-sml-layout":"","ast-disable-related-posts":"","theme-transparent-header-meta":"","adv-header-id-meta":"","stick-header-meta":"","header-above-stick-meta":"","header-main-stick-meta":"","header-below-stick-meta":"","astra-migrate-meta-layouts":"default","ast-page-background-enabled":"default","ast-page-background-meta":{"desktop":{"background-color":"var(--ast-global-color-5)","background-image":"","background-repeat":"repeat","background-position":"center center","background-size":"auto","background-attachment":"scroll","background-type":"","background-media":"","overlay-type":"","overlay-color":"","overlay-opacity":"","overlay-gradient":""},"tablet":{"background-color":"","background-image":"","background-repeat":"repeat","background-position":"center center","background-size":"auto","background-attachment":"scroll","background-type":"","background-media":"","overlay-type":"","overlay-color":"","overlay-opacity":"","overlay-gradient":""},"mobile":{"background-color":"","background-image":"","background-repeat":"repeat","background-position":"center center","background-size":"auto","background-attachment":"scroll","background-type":"","background-media":"","overlay-type":"","overlay-color":"","overlay-opacity":"","overlay-gradient":""}},"ast-content-background-meta":{"desktop":{"background-color":"var(--ast-global-color-4)","background-image":"","background-repeat":"repeat","background-position":"center center","background-size":"auto","background-attachment":"scroll","background-type":"","background-media":"","overlay-type":"","overlay-color":"","overlay-opacity":"","overlay-gradient":""},"tablet":{"background-color":"var(--ast-global-color-4)","background-image":"","background-repeat":"repeat","background-position":"center center","background-size":"auto","background-attachment":"scroll","background-type":"","background-media":"","overlay-type":"","overlay-color":"","overlay-opacity":"","overlay-gradient":""},"mobile":{"background-color":"var(--ast-global-color-4)","background-image":"","background-repeat":"repeat","background-position":"center center","background-size":"auto","background-attachment":"scroll","background-type":"","background-media":"","overlay-type":"","overlay-color":"","overlay-opacity":"","overlay-gradient":""}},"_jetpack_memberships_contains_paid_content":false,"footnotes":""},"categories":[103],"tags":[373,1000,1001],"class_list":["post-2718","post","type-post","status-publish","format-standard","hentry","category-publication","tag-faulkner","tag-litteratures","tag-proust"],"jetpack_featured_media_url":"","uagb_featured_image_src":{"full":false,"thumbnail":false,"medium":false,"medium_large":false,"large":false,"1536x1536":false,"2048x2048":false},"uagb_author_info":{"display_name":"Admin","author_link":"https:\/\/afea.fr\/news\/author\/yanb\/"},"uagb_comment_info":0,"uagb_excerpt":"Ch\u00e8res et chers coll\u00e8gues, Je suis ravie de vous faire part de la sortie du n\u00b086 de Litt\u00e9ratures, intitul\u00e9 L&rsquo;Ombre [&hellip;]","jetpack_sharing_enabled":true,"_links":{"self":[{"href":"https:\/\/afea.fr\/news\/wp-json\/wp\/v2\/posts\/2718"}],"collection":[{"href":"https:\/\/afea.fr\/news\/wp-json\/wp\/v2\/posts"}],"about":[{"href":"https:\/\/afea.fr\/news\/wp-json\/wp\/v2\/types\/post"}],"author":[{"embeddable":true,"href":"https:\/\/afea.fr\/news\/wp-json\/wp\/v2\/users\/1"}],"replies":[{"embeddable":true,"href":"https:\/\/afea.fr\/news\/wp-json\/wp\/v2\/comments?post=2718"}],"version-history":[{"count":0,"href":"https:\/\/afea.fr\/news\/wp-json\/wp\/v2\/posts\/2718\/revisions"}],"wp:attachment":[{"href":"https:\/\/afea.fr\/news\/wp-json\/wp\/v2\/media?parent=2718"}],"wp:term":[{"taxonomy":"category","embeddable":true,"href":"https:\/\/afea.fr\/news\/wp-json\/wp\/v2\/categories?post=2718"},{"taxonomy":"post_tag","embeddable":true,"href":"https:\/\/afea.fr\/news\/wp-json\/wp\/v2\/tags?post=2718"}],"curies":[{"name":"wp","href":"https:\/\/api.w.org\/{rel}","templated":true}]}}