{"id":2713,"date":"2022-10-06T18:44:02","date_gmt":"2022-10-06T16:44:02","guid":{"rendered":"https:\/\/afea.fr\/news\/seminar\/sem-law-and-humanities-sebastien-lefait-14-octobre\/2713\/"},"modified":"2022-10-06T18:44:02","modified_gmt":"2022-10-06T16:44:02","slug":"sem-law-and-humanities-sebastien-lefait-14-octobre","status":"publish","type":"post","link":"https:\/\/afea.fr\/news\/seminar\/sem-law-and-humanities-sebastien-lefait-14-octobre\/2713\/","title":{"rendered":"SEM Law and Humanities S\u00e9bastien Lefait 14 octobre"},"content":{"rendered":"<p>Ch\u00e8res et chers coll\u00e8gues,<\/p>\n<p>Le s\u00e9minaire <em>Law, Humanities and Digital Technologies<\/em> reprend ses activit\u00e9s avec une premi\u00e8re s\u00e9ance o\u00f9 nous aurons le plaisir d\u2019accueillir S\u00e9bastien Lefait de l\u2019Universit\u00e9 Aix-Marseille pour une pr\u00e9sentation consacr\u00e9e \u00e0 la s\u00e9rie <em>The Capture<\/em> : \u00ab\u00a0Surveillance, simulacra and dissimulation in <em>The Capture<\/em> (BBC One, 2019)\u00a0\u00bb.<\/p>\n<p>La s\u00e9ance aura lieu le vendredi 14 octobre de 10h30 \u00e0 12h00 en salle 404 au centre Assas de l&rsquo;Universit\u00e9 Paris-Panth\u00e9on-Assas (92 rue d\u2019Assas, 75006 Paris).<\/p>\n<p>La prochaine s\u00e9ance aura lieu le 20 janvier 2023 o\u00f9 nous \u00e9couterons C\u00e9cile Doustaly (Cergy Paris Universit\u00e9) et Jean-Paul Lawson sur le sujet suivant \u00ab Le num\u00e9rique face aux enjeux de propri\u00e9t\u00e9 des biens mus\u00e9aux issus de culture \u00e9trang\u00e8re : comparaison entre France, Royaume Uni et Etats-Unis \u00bb<br \/>\nCette s\u00e9ance se fera conjointement avec \u00ab les d\u00e9jeuners du Cersa \u00bb 12h \u00e0 13h30, au 10 rue Th\u00e9nard, 75005 Paris.<\/p>\n<p>D\u2019autres s\u00e9ances seront annonc\u00e9es ult\u00e9rieurement.<\/p>\n<p>Bien cordialement<br \/>\nArmelle Sabatier, co-organisatrice du s\u00e9minaire avec Claire Wrobel<br \/>\nMa\u00eetre de Conf\u00e9rences HDR Paris-Panth\u00e9on-Assas<br \/>\nMembre du laboratoire VALE (Sorbonne Universit\u00e9)<br \/>\nMembre associ\u00e9e du groupe de recherche <em>Law and Humanities<\/em> (CERSA)<\/p>\n","protected":false},"excerpt":{"rendered":"<p>Ch\u00e8res et chers coll\u00e8gues, Le s\u00e9minaire Law, Humanities and Digital Technologies reprend ses activit\u00e9s avec une premi\u00e8re s\u00e9ance o\u00f9 nous [&hellip;]<\/p>\n","protected":false},"author":1,"featured_media":0,"comment_status":"","ping_status":"open","sticky":false,"template":"","format":"standard","meta":{"_uag_custom_page_level_css":"","site-sidebar-layout":"default","site-content-layout":"","ast-site-content-layout":"default","site-content-style":"default","site-sidebar-style":"default","ast-global-header-display":"","ast-banner-title-visibility":"","ast-main-header-display":"","ast-hfb-above-header-display":"","ast-hfb-below-header-display":"","ast-hfb-mobile-header-display":"","site-post-title":"","ast-breadcrumbs-content":"","ast-featured-img":"","footer-sml-layout":"","ast-disable-related-posts":"","theme-transparent-header-meta":"","adv-header-id-meta":"","stick-header-meta":"","header-above-stick-meta":"","header-main-stick-meta":"","header-below-stick-meta":"","astra-migrate-meta-layouts":"default","ast-page-background-enabled":"default","ast-page-background-meta":{"desktop":{"background-color":"var(--ast-global-color-5)","background-image":"","background-repeat":"repeat","background-position":"center center","background-size":"auto","background-attachment":"scroll","background-type":"","background-media":"","overlay-type":"","overlay-color":"","overlay-opacity":"","overlay-gradient":""},"tablet":{"background-color":"","background-image":"","background-repeat":"repeat","background-position":"center center","background-size":"auto","background-attachment":"scroll","background-type":"","background-media":"","overlay-type":"","overlay-color":"","overlay-opacity":"","overlay-gradient":""},"mobile":{"background-color":"","background-image":"","background-repeat":"repeat","background-position":"center center","background-size":"auto","background-attachment":"scroll","background-type":"","background-media":"","overlay-type":"","overlay-color":"","overlay-opacity":"","overlay-gradient":""}},"ast-content-background-meta":{"desktop":{"background-color":"var(--ast-global-color-4)","background-image":"","background-repeat":"repeat","background-position":"center center","background-size":"auto","background-attachment":"scroll","background-type":"","background-media":"","overlay-type":"","overlay-color":"","overlay-opacity":"","overlay-gradient":""},"tablet":{"background-color":"var(--ast-global-color-4)","background-image":"","background-repeat":"repeat","background-position":"center center","background-size":"auto","background-attachment":"scroll","background-type":"","background-media":"","overlay-type":"","overlay-color":"","overlay-opacity":"","overlay-gradient":""},"mobile":{"background-color":"var(--ast-global-color-4)","background-image":"","background-repeat":"repeat","background-position":"center center","background-size":"auto","background-attachment":"scroll","background-type":"","background-media":"","overlay-type":"","overlay-color":"","overlay-opacity":"","overlay-gradient":""}},"_jetpack_memberships_contains_paid_content":false,"footnotes":""},"categories":[100],"tags":[376,997],"class_list":["post-2713","post","type-post","status-publish","format-standard","hentry","category-seminar","tag-series","tag-the-capture"],"jetpack_featured_media_url":"","uagb_featured_image_src":{"full":false,"thumbnail":false,"medium":false,"medium_large":false,"large":false,"1536x1536":false,"2048x2048":false},"uagb_author_info":{"display_name":"Admin","author_link":"https:\/\/afea.fr\/news\/author\/yanb\/"},"uagb_comment_info":0,"uagb_excerpt":"Ch\u00e8res et chers coll\u00e8gues, Le s\u00e9minaire Law, Humanities and Digital Technologies reprend ses activit\u00e9s avec une premi\u00e8re s\u00e9ance o\u00f9 nous [&hellip;]","jetpack_sharing_enabled":true,"_links":{"self":[{"href":"https:\/\/afea.fr\/news\/wp-json\/wp\/v2\/posts\/2713"}],"collection":[{"href":"https:\/\/afea.fr\/news\/wp-json\/wp\/v2\/posts"}],"about":[{"href":"https:\/\/afea.fr\/news\/wp-json\/wp\/v2\/types\/post"}],"author":[{"embeddable":true,"href":"https:\/\/afea.fr\/news\/wp-json\/wp\/v2\/users\/1"}],"replies":[{"embeddable":true,"href":"https:\/\/afea.fr\/news\/wp-json\/wp\/v2\/comments?post=2713"}],"version-history":[{"count":0,"href":"https:\/\/afea.fr\/news\/wp-json\/wp\/v2\/posts\/2713\/revisions"}],"wp:attachment":[{"href":"https:\/\/afea.fr\/news\/wp-json\/wp\/v2\/media?parent=2713"}],"wp:term":[{"taxonomy":"category","embeddable":true,"href":"https:\/\/afea.fr\/news\/wp-json\/wp\/v2\/categories?post=2713"},{"taxonomy":"post_tag","embeddable":true,"href":"https:\/\/afea.fr\/news\/wp-json\/wp\/v2\/tags?post=2713"}],"curies":[{"name":"wp","href":"https:\/\/api.w.org\/{rel}","templated":true}]}}