{"id":2712,"date":"2022-10-06T18:39:50","date_gmt":"2022-10-06T16:39:50","guid":{"rendered":"https:\/\/afea.fr\/news\/seminar\/seminaire-autour-du-livre-de-pauline-peretz-une-armee-noire-sciences-po-10-octobre\/2712\/"},"modified":"2022-10-06T18:39:50","modified_gmt":"2022-10-06T16:39:50","slug":"seminaire-autour-du-livre-de-pauline-peretz-une-armee-noire-sciences-po-10-octobre","status":"publish","type":"post","link":"https:\/\/afea.fr\/news\/seminar\/seminaire-autour-du-livre-de-pauline-peretz-une-armee-noire-sciences-po-10-octobre\/2712\/","title":{"rendered":"S\u00e9minaire autour du livre de Pauline Peretz, Une arm\u00e9e noire, Sciences-Po, 10 octobre"},"content":{"rendered":"<p dir=\"ltr\">Dans le cadre de la prochaines s\u00e9ance du s\u00e9minaire \u201cPolitiques antidiscriminatoires\u00a0\u00bb, le 10 octobre, 28 rue des Saint-P\u00e8res, salle S1 (b\u0203timent imm\u00e9diatement \u00e0 droite apr\u00e8s l\u2019entr\u00e9e, 1er \u00e9tage), Pauline Peretz (historienne, Universit\u00e9 Paris 8\/IHTP) pr\u00e9sentera son ouvrage Une arm\u00e9e noire. Fort Huachuca, Arizona (1941-1945) (Seuil, 2022). La discussion sera introduite par Paul Schor (historien, Universit\u00e9 Paris Cit\u00e9\/LARCA).<\/p>\n<p dir=\"ltr\">L\u2019entr\u00e9e est libre mais l\u2019inscription obligatoire \u00e0 l\u2019adresse gwenaele.calves<\/p>\n<p dir=\"ltr\">Bien cordialement,<\/p>\n<p dir=\"ltr\">Gw\u00e9na\u00eble Calv\u00e8s; Daniel Sabbagh<\/p>\n","protected":false},"excerpt":{"rendered":"<p>Dans le cadre de la prochaines s\u00e9ance du s\u00e9minaire \u201cPolitiques antidiscriminatoires\u00a0\u00bb, le 10 octobre, 28 rue des Saint-P\u00e8res, salle S1 [&hellip;]<\/p>\n","protected":false},"author":1,"featured_media":0,"comment_status":"","ping_status":"open","sticky":false,"template":"","format":"standard","meta":{"_uag_custom_page_level_css":"","site-sidebar-layout":"default","site-content-layout":"","ast-site-content-layout":"default","site-content-style":"default","site-sidebar-style":"default","ast-global-header-display":"","ast-banner-title-visibility":"","ast-main-header-display":"","ast-hfb-above-header-display":"","ast-hfb-below-header-display":"","ast-hfb-mobile-header-display":"","site-post-title":"","ast-breadcrumbs-content":"","ast-featured-img":"","footer-sml-layout":"","ast-disable-related-posts":"","theme-transparent-header-meta":"","adv-header-id-meta":"","stick-header-meta":"","header-above-stick-meta":"","header-main-stick-meta":"","header-below-stick-meta":"","astra-migrate-meta-layouts":"default","ast-page-background-enabled":"default","ast-page-background-meta":{"desktop":{"background-color":"var(--ast-global-color-5)","background-image":"","background-repeat":"repeat","background-position":"center center","background-size":"auto","background-attachment":"scroll","background-type":"","background-media":"","overlay-type":"","overlay-color":"","overlay-opacity":"","overlay-gradient":""},"tablet":{"background-color":"","background-image":"","background-repeat":"repeat","background-position":"center center","background-size":"auto","background-attachment":"scroll","background-type":"","background-media":"","overlay-type":"","overlay-color":"","overlay-opacity":"","overlay-gradient":""},"mobile":{"background-color":"","background-image":"","background-repeat":"repeat","background-position":"center center","background-size":"auto","background-attachment":"scroll","background-type":"","background-media":"","overlay-type":"","overlay-color":"","overlay-opacity":"","overlay-gradient":""}},"ast-content-background-meta":{"desktop":{"background-color":"var(--ast-global-color-4)","background-image":"","background-repeat":"repeat","background-position":"center center","background-size":"auto","background-attachment":"scroll","background-type":"","background-media":"","overlay-type":"","overlay-color":"","overlay-opacity":"","overlay-gradient":""},"tablet":{"background-color":"var(--ast-global-color-4)","background-image":"","background-repeat":"repeat","background-position":"center center","background-size":"auto","background-attachment":"scroll","background-type":"","background-media":"","overlay-type":"","overlay-color":"","overlay-opacity":"","overlay-gradient":""},"mobile":{"background-color":"var(--ast-global-color-4)","background-image":"","background-repeat":"repeat","background-position":"center center","background-size":"auto","background-attachment":"scroll","background-type":"","background-media":"","overlay-type":"","overlay-color":"","overlay-opacity":"","overlay-gradient":""}},"_jetpack_memberships_contains_paid_content":false,"footnotes":""},"categories":[100],"tags":[996,994,995],"class_list":["post-2712","post","type-post","status-publish","format-standard","hentry","category-seminar","tag-pauline-peretz","tag-politiques-antidiscriminatoires","tag-une-armee-noire"],"jetpack_featured_media_url":"","uagb_featured_image_src":{"full":false,"thumbnail":false,"medium":false,"medium_large":false,"large":false,"1536x1536":false,"2048x2048":false},"uagb_author_info":{"display_name":"Admin","author_link":"https:\/\/afea.fr\/news\/author\/yanb\/"},"uagb_comment_info":0,"uagb_excerpt":"Dans le cadre de la prochaines s\u00e9ance du s\u00e9minaire \u201cPolitiques antidiscriminatoires\u00a0\u00bb, le 10 octobre, 28 rue des Saint-P\u00e8res, salle S1 [&hellip;]","jetpack_sharing_enabled":true,"_links":{"self":[{"href":"https:\/\/afea.fr\/news\/wp-json\/wp\/v2\/posts\/2712"}],"collection":[{"href":"https:\/\/afea.fr\/news\/wp-json\/wp\/v2\/posts"}],"about":[{"href":"https:\/\/afea.fr\/news\/wp-json\/wp\/v2\/types\/post"}],"author":[{"embeddable":true,"href":"https:\/\/afea.fr\/news\/wp-json\/wp\/v2\/users\/1"}],"replies":[{"embeddable":true,"href":"https:\/\/afea.fr\/news\/wp-json\/wp\/v2\/comments?post=2712"}],"version-history":[{"count":0,"href":"https:\/\/afea.fr\/news\/wp-json\/wp\/v2\/posts\/2712\/revisions"}],"wp:attachment":[{"href":"https:\/\/afea.fr\/news\/wp-json\/wp\/v2\/media?parent=2712"}],"wp:term":[{"taxonomy":"category","embeddable":true,"href":"https:\/\/afea.fr\/news\/wp-json\/wp\/v2\/categories?post=2712"},{"taxonomy":"post_tag","embeddable":true,"href":"https:\/\/afea.fr\/news\/wp-json\/wp\/v2\/tags?post=2712"}],"curies":[{"name":"wp","href":"https:\/\/api.w.org\/{rel}","templated":true}]}}