{"id":2711,"date":"2022-10-06T18:35:42","date_gmt":"2022-10-06T16:35:42","guid":{"rendered":"https:\/\/afea.fr\/news\/conference-symposium\/journee-publications-recentes-jeune-amerique\/2711\/"},"modified":"2022-10-06T18:35:42","modified_gmt":"2022-10-06T16:35:42","slug":"journee-publications-recentes-jeune-amerique","status":"publish","type":"post","link":"https:\/\/afea.fr\/news\/conference-symposium\/journee-publications-recentes-jeune-amerique\/2711\/","title":{"rendered":"Journ\u00e9e Publications r\u00e9centes Jeune Am\u00e9rique"},"content":{"rendered":"<p>Chers et ch\u00e8res coll\u00e8gues,<\/p>\n<p>La Journ\u00e9e Publications r\u00e9centes sur la Jeune Am\u00e9rique, organis\u00e9e par le REDEHJA, aura lieu le 16 d\u00e9cembre 2022. Vous en trouverez le programme d\u00e9finitif ci-dessous.<\/p>\n<p>Nous vous remercions de vous inscrire via le lien <a href=\"https:\/\/forms.gle\/U2smcif3yg2zfUqE7\">https:\/\/forms.gle\/U2smcif3yg2zfUqE7<\/a> afin de confirmer votre pr\u00e9sence, notamment au d\u00e9jeuner, ce qui nous permettra d&rsquo;adapter la commande du buffet.<\/p>\n<p>Nous nous r\u00e9jouissons de vous y retrouver nombreux et nombreuses.<\/p>\n<p>Bien cordialement,<\/p>\n<p>Augustin Habran, Carine Lounissi et Marie-Jeanne Rossignol<\/p>\n<p><strong>JOURNEE PUBLICATIONS RECENTES REDEHJA<\/strong><\/p>\n<p><strong>(R\u00e9seau europ\u00e9en pour le d\u00e9veloppement de l\u2019histoire de la jeune Am\u00e9rique)<\/strong><\/p>\n<p><strong>VENDREDI 16 DECEMBRE 2022 9h-17h30<\/strong><\/p>\n<p><strong>Universit\u00e9 Paris Cit\u00e9, b\u00e2timent Olympe de Gouges, salle 830 (8 rue Albert Einstein 75013 Paris)<\/strong><\/p>\n<p><strong>Organis\u00e9e par Augustin Habran, Carine Lounissi et Marie-Jeanne Rossignol<\/strong><\/p>\n<p><strong>Inscription sur <a href=\"https:\/\/forms.gle\/U2smcif3yg2zfUqE7\">https:\/\/forms.gle\/U2smcif3yg2zfUqE7<\/a> <\/strong><\/p>\n<p>9h-9h15:<strong> Accueil et mot du pr\u00e9sident du REDEHJA, Allan Potofsky (Universit\u00e9 de Paris)<\/strong><\/p>\n<p><strong>Session 1 : Black and Native American History <\/strong><\/p>\n<p><strong>Chair : Claire Parfait (Universit\u00e9 Sorbonne Paris Nord)<\/strong><\/p>\n<p>9h15-10h : Marie-Jeanne Rossignol, <em>Noirs et Blancs contre l&rsquo;esclavage : Une alliance antiesclavagiste ambigu\u00eb aux \u00c9tats-Unis 1754-1830<\/em> (Paris : Karthala, 2022). Commentaire : Charlotte de Castelnau-L\u2019Etoile (Universit\u00e9 de Paris)<\/p>\n<p>10h-10h45 : Isaac Mason,<em> Une vie d\u2019esclave<\/em>. Traduction, introduction et notes de Claire Bourhis-Mariotti (Rouen : PURH, 2021). Commentaire : Laurence Cossu-Beaumont (Universit\u00e9 Paris 3 \u2013 Sorbonne Nouvelle)<\/p>\n<p>10h45-11h15 : discussion avec la salle<\/p>\n<p>11h15-11h30 : pause caf\u00e9<\/p>\n<p>11h30-12h15 : Fabrice Le Corguill\u00e9, <em>Ancrages Am\u00e9rindiens : Autobiographies des Indiens d&rsquo;Am\u00e9rique du Nord, XVIIIe-XIXe si\u00e8cles<\/em> (Rennes : Presses Universitaires de Rennes, 2021). Commentaire : Agn\u00e8s Delahaye (Universit\u00e9 Lumi\u00e8re Lyon 2)<\/p>\n<p>12h15-12h30 : discussion avec la salle<\/p>\n<p>12h30-14h : d\u00e9jeuner (buffet)<\/p>\n<p><strong>Session 2 : Transatlantic Perspectives in The Age of Revolutions <\/strong><\/p>\n<p><strong>Chair : Bertrand Van Ruymbeke (Universit\u00e9 Paris 8)<\/strong><\/p>\n<p>14h00-14h45 : \u00c9milie Mitran, <em>Gouverneur Morris, traducteur de la R\u00e9volution fran\u00e7aise (1789-1793) <\/em>(Rennes : Les Pers\u00e9ides, 2022). Commentaire : Steve Sarson (Universit\u00e9 Jean Moulin Lyon 3)<\/p>\n<p>14h45-15h30 : Iris de Rode, <em>Fran\u00e7ois-Jean de Chastellux (1734-1788), un soldat-philosophe \u00e0 l&rsquo;\u00e9poque des lumi\u00e8res dans le monde atlantique<\/em> (Paris : Honor\u00e9 Champion, 2022). Commentaire : Olivier Chaline (Sorbonne Universit\u00e9)<\/p>\n<p>15h30-16h : discussion avec la salle et conclusion de la Journ\u00e9e.<\/p>\n<p>16h-17h30:<strong> Christmas Party <\/strong><\/p>\n","protected":false},"excerpt":{"rendered":"<p>Chers et ch\u00e8res coll\u00e8gues, La Journ\u00e9e Publications r\u00e9centes sur la Jeune Am\u00e9rique, organis\u00e9e par le REDEHJA, aura lieu le 16 [&hellip;]<\/p>\n","protected":false},"author":1,"featured_media":0,"comment_status":"","ping_status":"open","sticky":false,"template":"","format":"standard","meta":{"_uag_custom_page_level_css":"","site-sidebar-layout":"default","site-content-layout":"","ast-site-content-layout":"default","site-content-style":"default","site-sidebar-style":"default","ast-global-header-display":"","ast-banner-title-visibility":"","ast-main-header-display":"","ast-hfb-above-header-display":"","ast-hfb-below-header-display":"","ast-hfb-mobile-header-display":"","site-post-title":"","ast-breadcrumbs-content":"","ast-featured-img":"","footer-sml-layout":"","ast-disable-related-posts":"","theme-transparent-header-meta":"","adv-header-id-meta":"","stick-header-meta":"","header-above-stick-meta":"","header-main-stick-meta":"","header-below-stick-meta":"","astra-migrate-meta-layouts":"default","ast-page-background-enabled":"default","ast-page-background-meta":{"desktop":{"background-color":"var(--ast-global-color-5)","background-image":"","background-repeat":"repeat","background-position":"center center","background-size":"auto","background-attachment":"scroll","background-type":"","background-media":"","overlay-type":"","overlay-color":"","overlay-opacity":"","overlay-gradient":""},"tablet":{"background-color":"","background-image":"","background-repeat":"repeat","background-position":"center center","background-size":"auto","background-attachment":"scroll","background-type":"","background-media":"","overlay-type":"","overlay-color":"","overlay-opacity":"","overlay-gradient":""},"mobile":{"background-color":"","background-image":"","background-repeat":"repeat","background-position":"center center","background-size":"auto","background-attachment":"scroll","background-type":"","background-media":"","overlay-type":"","overlay-color":"","overlay-opacity":"","overlay-gradient":""}},"ast-content-background-meta":{"desktop":{"background-color":"var(--ast-global-color-4)","background-image":"","background-repeat":"repeat","background-position":"center center","background-size":"auto","background-attachment":"scroll","background-type":"","background-media":"","overlay-type":"","overlay-color":"","overlay-opacity":"","overlay-gradient":""},"tablet":{"background-color":"var(--ast-global-color-4)","background-image":"","background-repeat":"repeat","background-position":"center center","background-size":"auto","background-attachment":"scroll","background-type":"","background-media":"","overlay-type":"","overlay-color":"","overlay-opacity":"","overlay-gradient":""},"mobile":{"background-color":"var(--ast-global-color-4)","background-image":"","background-repeat":"repeat","background-position":"center center","background-size":"auto","background-attachment":"scroll","background-type":"","background-media":"","overlay-type":"","overlay-color":"","overlay-opacity":"","overlay-gradient":""}},"_jetpack_memberships_contains_paid_content":false,"footnotes":""},"categories":[568],"tags":[795,993],"class_list":["post-2711","post","type-post","status-publish","format-standard","hentry","category-conference-symposium","tag-jeune-amerique","tag-redehja"],"jetpack_featured_media_url":"","uagb_featured_image_src":{"full":false,"thumbnail":false,"medium":false,"medium_large":false,"large":false,"1536x1536":false,"2048x2048":false},"uagb_author_info":{"display_name":"Admin","author_link":"https:\/\/afea.fr\/news\/author\/yanb\/"},"uagb_comment_info":0,"uagb_excerpt":"Chers et ch\u00e8res coll\u00e8gues, La Journ\u00e9e Publications r\u00e9centes sur la Jeune Am\u00e9rique, organis\u00e9e par le REDEHJA, aura lieu le 16 [&hellip;]","jetpack_sharing_enabled":true,"_links":{"self":[{"href":"https:\/\/afea.fr\/news\/wp-json\/wp\/v2\/posts\/2711"}],"collection":[{"href":"https:\/\/afea.fr\/news\/wp-json\/wp\/v2\/posts"}],"about":[{"href":"https:\/\/afea.fr\/news\/wp-json\/wp\/v2\/types\/post"}],"author":[{"embeddable":true,"href":"https:\/\/afea.fr\/news\/wp-json\/wp\/v2\/users\/1"}],"replies":[{"embeddable":true,"href":"https:\/\/afea.fr\/news\/wp-json\/wp\/v2\/comments?post=2711"}],"version-history":[{"count":0,"href":"https:\/\/afea.fr\/news\/wp-json\/wp\/v2\/posts\/2711\/revisions"}],"wp:attachment":[{"href":"https:\/\/afea.fr\/news\/wp-json\/wp\/v2\/media?parent=2711"}],"wp:term":[{"taxonomy":"category","embeddable":true,"href":"https:\/\/afea.fr\/news\/wp-json\/wp\/v2\/categories?post=2711"},{"taxonomy":"post_tag","embeddable":true,"href":"https:\/\/afea.fr\/news\/wp-json\/wp\/v2\/tags?post=2711"}],"curies":[{"name":"wp","href":"https:\/\/api.w.org\/{rel}","templated":true}]}}