{"id":2709,"date":"2022-10-05T07:19:31","date_gmt":"2022-10-05T05:19:31","guid":{"rendered":"https:\/\/afea.fr\/news\/seminar\/sem-genealogies-americaines-et-politique-de-la-litterature-rodrigo-andres-jeudi-13-octobre\/2709\/"},"modified":"2022-10-05T07:19:31","modified_gmt":"2022-10-05T05:19:31","slug":"sem-genealogies-americaines-et-politique-de-la-litterature-rodrigo-andres-jeudi-13-octobre","status":"publish","type":"post","link":"https:\/\/afea.fr\/news\/seminar\/sem-genealogies-americaines-et-politique-de-la-litterature-rodrigo-andres-jeudi-13-octobre\/2709\/","title":{"rendered":"SEM \u00ab\u00a0G\u00e9n\u00e9alogies am\u00e9ricaines\u00a0\u00bb et \u00ab\u00a0Politique de la litt\u00e9rature\u00a0\u00bb : Rodrigo Andr\u00e9s,  jeudi 13 octobre"},"content":{"rendered":"<p>Cher.e.s coll\u00e8gues,<\/p>\n<p>nous avons le plaisir de vous convier \u00e0 une s\u00e9ance jointe des s\u00e9minaires \u201cLes Am\u00e9riques : G\u00e9n\u00e9alogies am\u00e9ricaines \u201d et \u201cPolitique de la Litt\u00e9rature\u201d (CECILLE, Universit\u00e9 de Lille) le <strong>jeudi 13 octobre, de 16h30 \u00e0 18h.<\/strong><\/p>\n<p>Nous \u00e9couterons <strong>Rodrigo Andr\u00e9s<\/strong>, Professeur de litt\u00e9rature des \u00c9tats-Unis \u00e0 l\u2019Universit\u00e9 de Barcelone, pour une communication intitul\u00e9e : <strong>\u00ab\u00a0On reading literature, on reading American houses.\u201d<\/strong><\/p>\n<p>La s\u00e9ance se d\u00e9roulera \u00e0 l\u2019Universit\u00e9 de Lille, Campus Pont-de-Bois, salle <strong>B5. 321<\/strong>, et sera \u00e9galement accessible par <strong>zoom<\/strong> en suivant ce lien :<\/p>\n<p><a href=\"https:\/\/univ-lille-fr.zoom.us\/j\/95044058404?pwd=U0lJV1ZGSWpVUkZWUjg0SldlUEJzUT09\">https:\/\/univ-lille-fr.zoom.us\/j\/95044058404?pwd=U0lJV1ZGSWpVUkZWUjg0SldlUEJzUT09<\/a><\/p>\n<p>Meeting ID: 950 4405 8404<br \/>\nPasscode: 113330<\/p>\n<p>Nous esp\u00e9rons vous y trouver nombreux.ses !<br \/>\n&#8212;<\/p>\n<p>H\u00e9l\u00e8ne Cottet, pour les organisateur.ice.s.<\/p>\n","protected":false},"excerpt":{"rendered":"<p>Cher.e.s coll\u00e8gues, nous avons le plaisir de vous convier \u00e0 une s\u00e9ance jointe des s\u00e9minaires \u201cLes Am\u00e9riques : G\u00e9n\u00e9alogies am\u00e9ricaines [&hellip;]<\/p>\n","protected":false},"author":1,"featured_media":0,"comment_status":"","ping_status":"open","sticky":false,"template":"","format":"standard","meta":{"_uag_custom_page_level_css":"","site-sidebar-layout":"default","site-content-layout":"","ast-site-content-layout":"default","site-content-style":"default","site-sidebar-style":"default","ast-global-header-display":"","ast-banner-title-visibility":"","ast-main-header-display":"","ast-hfb-above-header-display":"","ast-hfb-below-header-display":"","ast-hfb-mobile-header-display":"","site-post-title":"","ast-breadcrumbs-content":"","ast-featured-img":"","footer-sml-layout":"","ast-disable-related-posts":"","theme-transparent-header-meta":"","adv-header-id-meta":"","stick-header-meta":"","header-above-stick-meta":"","header-main-stick-meta":"","header-below-stick-meta":"","astra-migrate-meta-layouts":"default","ast-page-background-enabled":"default","ast-page-background-meta":{"desktop":{"background-color":"var(--ast-global-color-5)","background-image":"","background-repeat":"repeat","background-position":"center center","background-size":"auto","background-attachment":"scroll","background-type":"","background-media":"","overlay-type":"","overlay-color":"","overlay-opacity":"","overlay-gradient":""},"tablet":{"background-color":"","background-image":"","background-repeat":"repeat","background-position":"center center","background-size":"auto","background-attachment":"scroll","background-type":"","background-media":"","overlay-type":"","overlay-color":"","overlay-opacity":"","overlay-gradient":""},"mobile":{"background-color":"","background-image":"","background-repeat":"repeat","background-position":"center center","background-size":"auto","background-attachment":"scroll","background-type":"","background-media":"","overlay-type":"","overlay-color":"","overlay-opacity":"","overlay-gradient":""}},"ast-content-background-meta":{"desktop":{"background-color":"var(--ast-global-color-4)","background-image":"","background-repeat":"repeat","background-position":"center center","background-size":"auto","background-attachment":"scroll","background-type":"","background-media":"","overlay-type":"","overlay-color":"","overlay-opacity":"","overlay-gradient":""},"tablet":{"background-color":"var(--ast-global-color-4)","background-image":"","background-repeat":"repeat","background-position":"center center","background-size":"auto","background-attachment":"scroll","background-type":"","background-media":"","overlay-type":"","overlay-color":"","overlay-opacity":"","overlay-gradient":""},"mobile":{"background-color":"var(--ast-global-color-4)","background-image":"","background-repeat":"repeat","background-position":"center center","background-size":"auto","background-attachment":"scroll","background-type":"","background-media":"","overlay-type":"","overlay-color":"","overlay-opacity":"","overlay-gradient":""}},"_jetpack_memberships_contains_paid_content":false,"footnotes":""},"categories":[100],"tags":[988,989,987],"class_list":["post-2709","post","type-post","status-publish","format-standard","hentry","category-seminar","tag-genealogie","tag-politique-de-la-litterature","tag-universite-de-lille"],"jetpack_featured_media_url":"","uagb_featured_image_src":{"full":false,"thumbnail":false,"medium":false,"medium_large":false,"large":false,"1536x1536":false,"2048x2048":false},"uagb_author_info":{"display_name":"Admin","author_link":"https:\/\/afea.fr\/news\/author\/yanb\/"},"uagb_comment_info":0,"uagb_excerpt":"Cher.e.s coll\u00e8gues, nous avons le plaisir de vous convier \u00e0 une s\u00e9ance jointe des s\u00e9minaires \u201cLes Am\u00e9riques : G\u00e9n\u00e9alogies am\u00e9ricaines [&hellip;]","jetpack_sharing_enabled":true,"_links":{"self":[{"href":"https:\/\/afea.fr\/news\/wp-json\/wp\/v2\/posts\/2709"}],"collection":[{"href":"https:\/\/afea.fr\/news\/wp-json\/wp\/v2\/posts"}],"about":[{"href":"https:\/\/afea.fr\/news\/wp-json\/wp\/v2\/types\/post"}],"author":[{"embeddable":true,"href":"https:\/\/afea.fr\/news\/wp-json\/wp\/v2\/users\/1"}],"replies":[{"embeddable":true,"href":"https:\/\/afea.fr\/news\/wp-json\/wp\/v2\/comments?post=2709"}],"version-history":[{"count":0,"href":"https:\/\/afea.fr\/news\/wp-json\/wp\/v2\/posts\/2709\/revisions"}],"wp:attachment":[{"href":"https:\/\/afea.fr\/news\/wp-json\/wp\/v2\/media?parent=2709"}],"wp:term":[{"taxonomy":"category","embeddable":true,"href":"https:\/\/afea.fr\/news\/wp-json\/wp\/v2\/categories?post=2709"},{"taxonomy":"post_tag","embeddable":true,"href":"https:\/\/afea.fr\/news\/wp-json\/wp\/v2\/tags?post=2709"}],"curies":[{"name":"wp","href":"https:\/\/api.w.org\/{rel}","templated":true}]}}