{"id":2704,"date":"2022-10-05T07:14:48","date_gmt":"2022-10-05T05:14:48","guid":{"rendered":"https:\/\/afea.fr\/news\/conference-symposium\/je-portraits-croises-dafro-americains-et-de-peuples-autochtones-en-amerique-toulouse-13-14-octobre-2022\/2704\/"},"modified":"2022-10-05T07:14:48","modified_gmt":"2022-10-05T05:14:48","slug":"je-portraits-croises-dafro-americains-et-de-peuples-autochtones-en-amerique-toulouse-13-14-octobre-2022","status":"publish","type":"post","link":"https:\/\/afea.fr\/news\/conference-symposium\/je-portraits-croises-dafro-americains-et-de-peuples-autochtones-en-amerique-toulouse-13-14-octobre-2022\/2704\/","title":{"rendered":"JE Portraits crois\u00e9s d\u2019Afro-Am\u00e9ricains et de peuples autochtones en Am\u00e9rique \u2013 Toulouse  \u2013 13-14 octobre 2022"},"content":{"rendered":"<p>Chers et ch\u00e8res coll\u00e8gues<\/p>\n<p>Dans le cadre du partenariat entre le laboratoire CAS de l\u2019Universite\u0301 Toulouse \u2013 Jean Jaure\u0300s (EA 801) et la Galerie photographique du Cha\u0302teau d\u2019Eau (<em>directeur artistique : Christian Caujolle<\/em>), et \u00e0 l\u2019occasion de l\u2019exposition de Marion Gronier, des journe\u0301es d\u2019e\u0301tudes sont organis\u00e9es les 13 et 14 octobre 2022, avec le soutien de Dickinson College (PA). L\u2019exposition r\u00e9unit des portraits photographiques de peuples autochtones, d\u2019Afro-Ame\u0301ricains et de Mennonites r\u00e9alis\u00e9s aux \u00c9tats-Unis entre 2013 et 2018. Le programme et l\u2019affiche des JE se trouvent sur le lien \u00ab Programme complet \u00bb \u00e0 gauche de <a href=\"https:\/\/cas.univ-tlse2.fr\/accueil-cas\/journees-detudes\/journe%CC%81es-de%CC%81tudes-autour-de-lexposition-%C2%AB-nous-ne%CC%81tions-pas-cense%CC%81es-survivre-%C2%BB-marion-gronier\">cette page<\/a>. La photographe sera pr\u00e9sente lors des deux journ\u00e9es afin de participer aux discussions et \u00e9changes.<\/p>\n<p>Ces journ\u00e9es d\u2019\u00e9tudes seront accompagn\u00e9es d\u2019une exposition des photographies de Jean Kempf, intitul\u00e9e \u00ab Little America \u00bb, install\u00e9e au CRL de l&rsquo;Universit\u00e9 Toulouse \u2013<\/p>\n<p>Jean Jaur\u00e8s jusqu\u2019au 28 octobre. L&rsquo;entr\u00e9e est libre. Cette exposition fera l\u2019objet d\u2019une pr\u00e9sentation par Jean Kempf le vendredi 14 octobre.<\/p>\n<p>N\u2019h\u00e9sitez pas \u00e0 relayer l\u2019information aupr\u00e8s des coll\u00e8gues, \u00e9tudiants et \u00e9tudiantes qui seraient susceptibles d\u2019\u00eatre int\u00e9ress\u00e9s.<\/p>\n<p>En esp\u00e9rant avoir le plaisir de vous accueillir pour ces journ\u00e9es d\u2019\u00e9tude,<\/p>\n<p>Bien cordialement,<br \/>\nMuriel Adrien et Adriana Haben<\/p>\n","protected":false},"excerpt":{"rendered":"<p>Chers et ch\u00e8res coll\u00e8gues Dans le cadre du partenariat entre le laboratoire CAS de l\u2019Universite\u0301 Toulouse \u2013 Jean Jaure\u0300s (EA [&hellip;]<\/p>\n","protected":false},"author":1,"featured_media":0,"comment_status":"","ping_status":"open","sticky":false,"template":"","format":"standard","meta":{"_uag_custom_page_level_css":"","site-sidebar-layout":"default","site-content-layout":"","ast-site-content-layout":"default","site-content-style":"default","site-sidebar-style":"default","ast-global-header-display":"","ast-banner-title-visibility":"","ast-main-header-display":"","ast-hfb-above-header-display":"","ast-hfb-below-header-display":"","ast-hfb-mobile-header-display":"","site-post-title":"","ast-breadcrumbs-content":"","ast-featured-img":"","footer-sml-layout":"","ast-disable-related-posts":"","theme-transparent-header-meta":"","adv-header-id-meta":"","stick-header-meta":"","header-above-stick-meta":"","header-main-stick-meta":"","header-below-stick-meta":"","astra-migrate-meta-layouts":"default","ast-page-background-enabled":"default","ast-page-background-meta":{"desktop":{"background-color":"var(--ast-global-color-5)","background-image":"","background-repeat":"repeat","background-position":"center center","background-size":"auto","background-attachment":"scroll","background-type":"","background-media":"","overlay-type":"","overlay-color":"","overlay-opacity":"","overlay-gradient":""},"tablet":{"background-color":"","background-image":"","background-repeat":"repeat","background-position":"center center","background-size":"auto","background-attachment":"scroll","background-type":"","background-media":"","overlay-type":"","overlay-color":"","overlay-opacity":"","overlay-gradient":""},"mobile":{"background-color":"","background-image":"","background-repeat":"repeat","background-position":"center center","background-size":"auto","background-attachment":"scroll","background-type":"","background-media":"","overlay-type":"","overlay-color":"","overlay-opacity":"","overlay-gradient":""}},"ast-content-background-meta":{"desktop":{"background-color":"var(--ast-global-color-4)","background-image":"","background-repeat":"repeat","background-position":"center center","background-size":"auto","background-attachment":"scroll","background-type":"","background-media":"","overlay-type":"","overlay-color":"","overlay-opacity":"","overlay-gradient":""},"tablet":{"background-color":"var(--ast-global-color-4)","background-image":"","background-repeat":"repeat","background-position":"center center","background-size":"auto","background-attachment":"scroll","background-type":"","background-media":"","overlay-type":"","overlay-color":"","overlay-opacity":"","overlay-gradient":""},"mobile":{"background-color":"var(--ast-global-color-4)","background-image":"","background-repeat":"repeat","background-position":"center center","background-size":"auto","background-attachment":"scroll","background-type":"","background-media":"","overlay-type":"","overlay-color":"","overlay-opacity":"","overlay-gradient":""}},"_jetpack_memberships_contains_paid_content":false,"footnotes":""},"categories":[568],"tags":[981,983,982],"class_list":["post-2704","post","type-post","status-publish","format-standard","hentry","category-conference-symposium","tag-peuples-autochtones","tag-photographie","tag-portraits-photographiques"],"jetpack_featured_media_url":"","uagb_featured_image_src":{"full":false,"thumbnail":false,"medium":false,"medium_large":false,"large":false,"1536x1536":false,"2048x2048":false},"uagb_author_info":{"display_name":"Admin","author_link":"https:\/\/afea.fr\/news\/author\/yanb\/"},"uagb_comment_info":0,"uagb_excerpt":"Chers et ch\u00e8res coll\u00e8gues Dans le cadre du partenariat entre le laboratoire CAS de l\u2019Universite\u0301 Toulouse \u2013 Jean Jaure\u0300s (EA [&hellip;]","jetpack_sharing_enabled":true,"_links":{"self":[{"href":"https:\/\/afea.fr\/news\/wp-json\/wp\/v2\/posts\/2704"}],"collection":[{"href":"https:\/\/afea.fr\/news\/wp-json\/wp\/v2\/posts"}],"about":[{"href":"https:\/\/afea.fr\/news\/wp-json\/wp\/v2\/types\/post"}],"author":[{"embeddable":true,"href":"https:\/\/afea.fr\/news\/wp-json\/wp\/v2\/users\/1"}],"replies":[{"embeddable":true,"href":"https:\/\/afea.fr\/news\/wp-json\/wp\/v2\/comments?post=2704"}],"version-history":[{"count":0,"href":"https:\/\/afea.fr\/news\/wp-json\/wp\/v2\/posts\/2704\/revisions"}],"wp:attachment":[{"href":"https:\/\/afea.fr\/news\/wp-json\/wp\/v2\/media?parent=2704"}],"wp:term":[{"taxonomy":"category","embeddable":true,"href":"https:\/\/afea.fr\/news\/wp-json\/wp\/v2\/categories?post=2704"},{"taxonomy":"post_tag","embeddable":true,"href":"https:\/\/afea.fr\/news\/wp-json\/wp\/v2\/tags?post=2704"}],"curies":[{"name":"wp","href":"https:\/\/api.w.org\/{rel}","templated":true}]}}