{"id":2701,"date":"2022-10-05T07:13:22","date_gmt":"2022-10-05T05:13:22","guid":{"rendered":"https:\/\/afea.fr\/news\/?p=2701"},"modified":"2022-10-05T07:13:22","modified_gmt":"2022-10-05T05:13:22","slug":"colloque-les-fetes-dans-les-ameriques-histoire-pratiques-politiques-a-linalco-12-14-octobre-2022","status":"publish","type":"post","link":"https:\/\/afea.fr\/news\/conference-symposium\/colloque-les-fetes-dans-les-ameriques-histoire-pratiques-politiques-a-linalco-12-14-octobre-2022\/2701\/","title":{"rendered":"Colloque \u00ab\u00a0Les f\u00eates dans les Am\u00e9riques : histoire, pratiques, politiques\u00a0\u00bb \u00e0 l&rsquo;INALCO (12- 14 octobre 2022)"},"content":{"rendered":"<p>Cher.e.s coll\u00e8gues,<\/p>\n<p>J\u2019ai le plaisir de vous annoncer la tenue d\u2019un colloque international sur <strong>\u201cLes f\u00eates dans les Am\u00e9riques\u00a0\u00bb<\/strong> les 12, 13 et 14 octobre prochains \u00e0 l\u2019auditorium Georges Dum\u00e9zil de l\u2019Inalco. Co-organis\u00e9 par Anath Ariel de Vidas (EHESS), Marie Chosson (Inalco), Fran\u00e7oise Martinez (Sorbonne Universit\u00e9) et moi-m\u00eame (Nantes Universit\u00e9), il d\u00e9butera par une conf\u00e9rence pl\u00e9ni\u00e8re d\u2019Elijah Gaddis (Auburn University, Alabama) sur le th\u00e8me :<\/p>\n<p><strong>\u201cEveryday Festivity, Racial Violence, and The Making of the 20th-Century U.S. City\u201d<\/strong><\/p>\n<p>Vous en trouverez <a href=\"https:\/\/drive.google.com\/file\/d\/1FSBVEQxHy3yPrchAU5nB5f2WW_v8w0fo\/view?usp=sharing\">ici<\/a> le programme complet.<\/p>\n<p>Amicalement,<\/p>\n<p>Aur\u00e9lie Godet<\/p>\n<p><strong>Ma\u00eetresse de conf\u00e9rences en histoire des \u00c9tats-Unis, Nantes Universit\u00e9<\/strong><br \/>\nCo-r\u00e9dactrice en chef du Journal of Festive Studies<br \/>\n<strong>Associate Professor of U.S. History, Nantes University, France<\/strong><br \/>\nCo-Editor, Journal of Festive Studies<br \/>\n+33 (0)6 71 17 28 43<br \/>\n<a href=\"http:\/\/www.aurelie-godet.com\/\">www.aurelie-godet.com<\/a><\/p>\n<p><a href=\"https:\/\/i0.wp.com\/afea.fr\/news\/wp-content\/uploads\/sites\/2\/2022\/10\/Journal-Of-Festive-Studies-logo-1-1.png?ssl=1\" rel=\"attachment wp-att-2702\"><img data-recalc-dims=\"1\" loading=\"lazy\" decoding=\"async\" src=\"https:\/\/i0.wp.com\/afea.fr\/news\/wp-content\/uploads\/sites\/2\/2022\/10\/Journal-Of-Festive-Studies-logo-1-1.png?resize=300%2C300&#038;ssl=1\" alt=\"\" title=\"journal-of-festive-studies-logo-1-1-png\" width=\"300\" height=\"300\" class=\"alignnone size-medium wp-image-2702\" \/><\/a><\/p>\n","protected":false},"excerpt":{"rendered":"<p>Cher.e.s coll\u00e8gues, J\u2019ai le plaisir de vous annoncer la tenue d\u2019un colloque international sur \u201cLes f\u00eates dans les Am\u00e9riques\u00a0\u00bb les [&hellip;]<\/p>\n","protected":false},"author":1,"featured_media":0,"comment_status":"closed","ping_status":"open","sticky":false,"template":"","format":"standard","meta":{"_uag_custom_page_level_css":"","site-sidebar-layout":"default","site-content-layout":"","ast-site-content-layout":"default","site-content-style":"default","site-sidebar-style":"default","ast-global-header-display":"","ast-banner-title-visibility":"","ast-main-header-display":"","ast-hfb-above-header-display":"","ast-hfb-below-header-display":"","ast-hfb-mobile-header-display":"","site-post-title":"","ast-breadcrumbs-content":"","ast-featured-img":"","footer-sml-layout":"","ast-disable-related-posts":"","theme-transparent-header-meta":"","adv-header-id-meta":"","stick-header-meta":"","header-above-stick-meta":"","header-main-stick-meta":"","header-below-stick-meta":"","astra-migrate-meta-layouts":"default","ast-page-background-enabled":"default","ast-page-background-meta":{"desktop":{"background-color":"var(--ast-global-color-5)","background-image":"","background-repeat":"repeat","background-position":"center center","background-size":"auto","background-attachment":"scroll","background-type":"","background-media":"","overlay-type":"","overlay-color":"","overlay-opacity":"","overlay-gradient":""},"tablet":{"background-color":"","background-image":"","background-repeat":"repeat","background-position":"center center","background-size":"auto","background-attachment":"scroll","background-type":"","background-media":"","overlay-type":"","overlay-color":"","overlay-opacity":"","overlay-gradient":""},"mobile":{"background-color":"","background-image":"","background-repeat":"repeat","background-position":"center center","background-size":"auto","background-attachment":"scroll","background-type":"","background-media":"","overlay-type":"","overlay-color":"","overlay-opacity":"","overlay-gradient":""}},"ast-content-background-meta":{"desktop":{"background-color":"var(--ast-global-color-4)","background-image":"","background-repeat":"repeat","background-position":"center center","background-size":"auto","background-attachment":"scroll","background-type":"","background-media":"","overlay-type":"","overlay-color":"","overlay-opacity":"","overlay-gradient":""},"tablet":{"background-color":"var(--ast-global-color-4)","background-image":"","background-repeat":"repeat","background-position":"center center","background-size":"auto","background-attachment":"scroll","background-type":"","background-media":"","overlay-type":"","overlay-color":"","overlay-opacity":"","overlay-gradient":""},"mobile":{"background-color":"var(--ast-global-color-4)","background-image":"","background-repeat":"repeat","background-position":"center center","background-size":"auto","background-attachment":"scroll","background-type":"","background-media":"","overlay-type":"","overlay-color":"","overlay-opacity":"","overlay-gradient":""}},"_jetpack_memberships_contains_paid_content":false,"footnotes":""},"categories":[568],"tags":[979,978,977,980],"class_list":["post-2701","post","type-post","status-publish","format-standard","hentry","category-conference-symposium","tag-festivities","tag-fetes","tag-inalco","tag-racial-violence"],"jetpack_featured_media_url":"","uagb_featured_image_src":{"full":false,"thumbnail":false,"medium":false,"medium_large":false,"large":false,"1536x1536":false,"2048x2048":false},"uagb_author_info":{"display_name":"Admin","author_link":"https:\/\/afea.fr\/news\/author\/yanb\/"},"uagb_comment_info":0,"uagb_excerpt":"Cher.e.s coll\u00e8gues, J\u2019ai le plaisir de vous annoncer la tenue d\u2019un colloque international sur \u201cLes f\u00eates dans les Am\u00e9riques\u00a0\u00bb les [&hellip;]","jetpack_sharing_enabled":true,"_links":{"self":[{"href":"https:\/\/afea.fr\/news\/wp-json\/wp\/v2\/posts\/2701"}],"collection":[{"href":"https:\/\/afea.fr\/news\/wp-json\/wp\/v2\/posts"}],"about":[{"href":"https:\/\/afea.fr\/news\/wp-json\/wp\/v2\/types\/post"}],"author":[{"embeddable":true,"href":"https:\/\/afea.fr\/news\/wp-json\/wp\/v2\/users\/1"}],"replies":[{"embeddable":true,"href":"https:\/\/afea.fr\/news\/wp-json\/wp\/v2\/comments?post=2701"}],"version-history":[{"count":1,"href":"https:\/\/afea.fr\/news\/wp-json\/wp\/v2\/posts\/2701\/revisions"}],"predecessor-version":[{"id":2703,"href":"https:\/\/afea.fr\/news\/wp-json\/wp\/v2\/posts\/2701\/revisions\/2703"}],"wp:attachment":[{"href":"https:\/\/afea.fr\/news\/wp-json\/wp\/v2\/media?parent=2701"}],"wp:term":[{"taxonomy":"category","embeddable":true,"href":"https:\/\/afea.fr\/news\/wp-json\/wp\/v2\/categories?post=2701"},{"taxonomy":"post_tag","embeddable":true,"href":"https:\/\/afea.fr\/news\/wp-json\/wp\/v2\/tags?post=2701"}],"curies":[{"name":"wp","href":"https:\/\/api.w.org\/{rel}","templated":true}]}}