{"id":2698,"date":"2022-10-05T07:12:23","date_gmt":"2022-10-05T05:12:23","guid":{"rendered":"https:\/\/afea.fr\/news\/?p=2698"},"modified":"2022-10-05T07:12:23","modified_gmt":"2022-10-05T05:12:23","slug":"colloque-la-nouvelle-orleans-de-lesclavage-aux-black-indians-au-musee-du-quai-branly-6-7-oct-obre-2022","status":"publish","type":"post","link":"https:\/\/afea.fr\/news\/conference-symposium\/colloque-la-nouvelle-orleans-de-lesclavage-aux-black-indians-au-musee-du-quai-branly-6-7-oct-obre-2022\/2698\/","title":{"rendered":"Colloque \u00ab\u00a0La Nouvelle-Orl\u00e9ans : de l&rsquo;esclavage aux Black Indians\u00a0\u00bb au mus\u00e9e du Quai-Branly (6-7 oct obre 2022)"},"content":{"rendered":"<p>Cher.e.s coll\u00e8gues,<\/p>\n<p>J\u2019ai le plaisir de vous annoncer la tenue d\u2019un colloque international sur les Black Indians de La Nouvelle-Orl\u00e9ans les 6 et 7 octobre prochains au mus\u00e9e du Quai-Branly, ceci \u00e0 l\u2019occasion de l\u2019ouverture de la belle <a href=\"https:\/\/www.quaibranly.fr\/fr\/expositions-evenements\/au-musee\/expositions\/details-de-levenement\/e\/black-indians-de-la-nouvelle-orleans\">exposition<\/a> du m\u00eame nom (4 octobre 2022-15 janvier 2023). Vous en trouverez le programme<a href=\"https:\/\/www.quaibranly.fr\/fileadmin\/user_upload\/2-Evenements\/manifestations-scientifiques\/2022_manifestations_scientifiques\/black_Indians_of_New_Orleans\/QuaiBranly_Gabarit-colloques_Black_Indians_NO.pdf\"> ici<\/a>.<br \/>\nPour information, les \u00e9changes seront retransmis en direct et en acc\u00e9s libre sur la <a href=\"https:\/\/www.youtube.com\/channel\/UCdaJzoQGIUnfCTlezN4Fv0A\">chaine YouTube du mus\u00e9e<\/a>.<\/p>\n<p>Amicalement,<\/p>\n<p>Aur\u00e9lie Godet<\/p>\n<p><strong>Ma\u00eetresse de conf\u00e9rences en histoire des \u00c9tats-Unis, Nantes Universit\u00e9<\/strong><br \/>\nCo-r\u00e9dactrice en chef du <a href=\"https:\/\/journals.h-net.org\/jfs\/\"><em>Journal of Festive Studies<\/em><\/a><br \/>\n<strong>Associate Professor of U.S. History, Nantes University, France<\/strong><br \/>\nCo-Editor, <a href=\"https:\/\/journals.h-net.org\/jfs\/\"><em>Journal of Festive Studies<\/em><\/a><br \/>\n+33 (0)6 71 17 28 43<br \/>\n<a href=\"http:\/\/www.aurelie-godet.com\/\">www.aurelie-godet.com<\/a><\/p>\n","protected":false},"excerpt":{"rendered":"<p>Cher.e.s coll\u00e8gues, J\u2019ai le plaisir de vous annoncer la tenue d\u2019un colloque international sur les Black Indians de La Nouvelle-Orl\u00e9ans [&hellip;]<\/p>\n","protected":false},"author":1,"featured_media":0,"comment_status":"closed","ping_status":"open","sticky":false,"template":"","format":"standard","meta":{"_uag_custom_page_level_css":"","site-sidebar-layout":"default","site-content-layout":"","ast-site-content-layout":"default","site-content-style":"default","site-sidebar-style":"default","ast-global-header-display":"","ast-banner-title-visibility":"","ast-main-header-display":"","ast-hfb-above-header-display":"","ast-hfb-below-header-display":"","ast-hfb-mobile-header-display":"","site-post-title":"","ast-breadcrumbs-content":"","ast-featured-img":"","footer-sml-layout":"","ast-disable-related-posts":"","theme-transparent-header-meta":"","adv-header-id-meta":"","stick-header-meta":"","header-above-stick-meta":"","header-main-stick-meta":"","header-below-stick-meta":"","astra-migrate-meta-layouts":"default","ast-page-background-enabled":"default","ast-page-background-meta":{"desktop":{"background-color":"var(--ast-global-color-5)","background-image":"","background-repeat":"repeat","background-position":"center center","background-size":"auto","background-attachment":"scroll","background-type":"","background-media":"","overlay-type":"","overlay-color":"","overlay-opacity":"","overlay-gradient":""},"tablet":{"background-color":"","background-image":"","background-repeat":"repeat","background-position":"center center","background-size":"auto","background-attachment":"scroll","background-type":"","background-media":"","overlay-type":"","overlay-color":"","overlay-opacity":"","overlay-gradient":""},"mobile":{"background-color":"","background-image":"","background-repeat":"repeat","background-position":"center center","background-size":"auto","background-attachment":"scroll","background-type":"","background-media":"","overlay-type":"","overlay-color":"","overlay-opacity":"","overlay-gradient":""}},"ast-content-background-meta":{"desktop":{"background-color":"var(--ast-global-color-4)","background-image":"","background-repeat":"repeat","background-position":"center center","background-size":"auto","background-attachment":"scroll","background-type":"","background-media":"","overlay-type":"","overlay-color":"","overlay-opacity":"","overlay-gradient":""},"tablet":{"background-color":"var(--ast-global-color-4)","background-image":"","background-repeat":"repeat","background-position":"center center","background-size":"auto","background-attachment":"scroll","background-type":"","background-media":"","overlay-type":"","overlay-color":"","overlay-opacity":"","overlay-gradient":""},"mobile":{"background-color":"var(--ast-global-color-4)","background-image":"","background-repeat":"repeat","background-position":"center center","background-size":"auto","background-attachment":"scroll","background-type":"","background-media":"","overlay-type":"","overlay-color":"","overlay-opacity":"","overlay-gradient":""}},"_jetpack_memberships_contains_paid_content":false,"footnotes":""},"categories":[568],"tags":[974,976,975],"class_list":["post-2698","post","type-post","status-publish","format-standard","hentry","category-conference-symposium","tag-black-indians","tag-musee-du-quai-branly","tag-nouvelle-orleans"],"jetpack_featured_media_url":"","uagb_featured_image_src":{"full":false,"thumbnail":false,"medium":false,"medium_large":false,"large":false,"1536x1536":false,"2048x2048":false},"uagb_author_info":{"display_name":"Admin","author_link":"https:\/\/afea.fr\/news\/author\/yanb\/"},"uagb_comment_info":0,"uagb_excerpt":"Cher.e.s coll\u00e8gues, J\u2019ai le plaisir de vous annoncer la tenue d\u2019un colloque international sur les Black Indians de La Nouvelle-Orl\u00e9ans [&hellip;]","jetpack_sharing_enabled":true,"_links":{"self":[{"href":"https:\/\/afea.fr\/news\/wp-json\/wp\/v2\/posts\/2698"}],"collection":[{"href":"https:\/\/afea.fr\/news\/wp-json\/wp\/v2\/posts"}],"about":[{"href":"https:\/\/afea.fr\/news\/wp-json\/wp\/v2\/types\/post"}],"author":[{"embeddable":true,"href":"https:\/\/afea.fr\/news\/wp-json\/wp\/v2\/users\/1"}],"replies":[{"embeddable":true,"href":"https:\/\/afea.fr\/news\/wp-json\/wp\/v2\/comments?post=2698"}],"version-history":[{"count":1,"href":"https:\/\/afea.fr\/news\/wp-json\/wp\/v2\/posts\/2698\/revisions"}],"predecessor-version":[{"id":2699,"href":"https:\/\/afea.fr\/news\/wp-json\/wp\/v2\/posts\/2698\/revisions\/2699"}],"wp:attachment":[{"href":"https:\/\/afea.fr\/news\/wp-json\/wp\/v2\/media?parent=2698"}],"wp:term":[{"taxonomy":"category","embeddable":true,"href":"https:\/\/afea.fr\/news\/wp-json\/wp\/v2\/categories?post=2698"},{"taxonomy":"post_tag","embeddable":true,"href":"https:\/\/afea.fr\/news\/wp-json\/wp\/v2\/tags?post=2698"}],"curies":[{"name":"wp","href":"https:\/\/api.w.org\/{rel}","templated":true}]}}