{"id":2629,"date":"2022-09-23T11:51:32","date_gmt":"2022-09-23T09:51:32","guid":{"rendered":"https:\/\/afea.fr\/news\/cfp\/cpf-lire-et-ecrire-entre-les-langues\/2629\/"},"modified":"2022-09-23T11:51:32","modified_gmt":"2022-09-23T09:51:32","slug":"cpf-lire-et-ecrire-entre-les-langues","status":"publish","type":"post","link":"https:\/\/afea.fr\/news\/cfp\/cpf-lire-et-ecrire-entre-les-langues\/2629\/","title":{"rendered":"CPF Lire et \u00e9crire entre les langues"},"content":{"rendered":"<p>Veuillez trouver ici l&rsquo;appel \u00e0 communications du deuxi\u00e8me colloque LEEL, qui aura lieu \u00e0 Aix-Marseille Universit\u00e9 (Aix-en-Provence) les 15 et 16 juin 2023 :<\/p>\n<p>Lire et \u00e9crire entre les langues :<\/p>\n<p>litt\u00e9rature, enseignement, traduction, cr\u00e9ation<\/p>\n<p>COLLOQUE L\u00c9EL 2023, Aix-en-Provence et en visio<\/p>\n<p>Comment \u00e9crire, comment donner \u00e0 lire, \u00e0 entendre mais aussi \u00e0 dire jusque dans la classe le plurilinguisme inh\u00e9rent \u00e0 notre monde urbanis\u00e9 mondialis\u00e9 (Calvet, 1994) mais aussi celui, moins \u00e9tudi\u00e9, des zones rurales (Cobbinah <em>et al.<\/em>, 2016) ? C\u2019est le dialogue entre la langue norm\u00e9e \u00e0 diffusion internationale comme le fran\u00e7ais, l\u2019anglais, l\u2019arabe, l\u2019espagnol, etc. et des langues qui leur semblent aux antipodes (\u00e0 l\u2019instar des langues orientales, africaines, oc\u00e9aniennes enseign\u00e9es \u00e0 l\u2019Inalco), mais aussi entre les multiples vari\u00e9t\u00e9s de langue, sociales (Gadet, 2007) et topiques (Likacheva-Philippe, 2010), que nous nous proposons d\u2019explorer dans les colloques L\u00c9EL (Lire et \u00e9crire entre les langues), \u00e0 la fois dans son expression litt\u00e9raire et dans ses exploitations p\u00e9dagogiques. Dialogue qui ne va \u00e9videmment pas sans heurts, la litt\u00e9rature portant elle aussi le t\u00e9moignage des rapports de dominations exerc\u00e9s dans la soci\u00e9t\u00e9 (Giordan, Ricard &amp; Balibar, 1976) ou d\u2019histoires familiales ou personnelles mouvement\u00e9es, tant au sein de la francophonie (Spa\u00ebth, 2018) o\u00f9 le fran\u00e7ais se d\u00e9cline sous des formes vari\u00e9es, trop souvent invisibilis\u00e9es, que dans d\u2019autres sph\u00e8res g\u00e9olinguistiques. Que ce soit dans l\u2019exploration des corpus litt\u00e9raires ou des exp\u00e9riences p\u00e9dagogiques de cr\u00e9ation plurilingue, c\u2019est donc aussi ce \u00ab bruissement de la langue \u00bb (Barthes, 1984) et ce plurilinguisme interne aux langues, que les colloques L\u00c9EL cherchent \u00e0 promouvoir. Ce plurilinguisme interne concerne certes le fran\u00e7ais, dont le singulier masque la diversit\u00e9 g\u00e9olinguistique des variantes r\u00e9gionales comme nationales, autant de manifestations de l\u2019h\u00e9t\u00e9rog\u00e9n\u00e9it\u00e9 langagi\u00e8re (Glissant, 1995) propre \u00e0 l\u2019espace francophone, auquel aucun locuteur n\u2019\u00e9chappe (Derrida, 1996), mais aussi toutes les autres langues dominantes.<\/p>\n<p>Appel \u00e0 t\u00e9l\u00e9charger ici :<\/p>\n<p><a href=\"https:\/\/ecrire.sciencesconf.org\/resource\/page\/id\/6\">https:\/\/ecrire.sciencesconf.org\/resource\/page\/id\/6<\/a><\/p>\n<p>Sara Greaves, LERMA UR853, AMU (pour le comit\u00e9 d&rsquo;organisation)<\/p>\n","protected":false},"excerpt":{"rendered":"<p>Veuillez trouver ici l&rsquo;appel \u00e0 communications du deuxi\u00e8me colloque LEEL, qui aura lieu \u00e0 Aix-Marseille Universit\u00e9 (Aix-en-Provence) les 15 et [&hellip;]<\/p>\n","protected":false},"author":1,"featured_media":0,"comment_status":"","ping_status":"open","sticky":false,"template":"","format":"standard","meta":{"_uag_custom_page_level_css":"","site-sidebar-layout":"default","site-content-layout":"","ast-site-content-layout":"default","site-content-style":"default","site-sidebar-style":"default","ast-global-header-display":"","ast-banner-title-visibility":"","ast-main-header-display":"","ast-hfb-above-header-display":"","ast-hfb-below-header-display":"","ast-hfb-mobile-header-display":"","site-post-title":"","ast-breadcrumbs-content":"","ast-featured-img":"","footer-sml-layout":"","ast-disable-related-posts":"","theme-transparent-header-meta":"","adv-header-id-meta":"","stick-header-meta":"","header-above-stick-meta":"","header-main-stick-meta":"","header-below-stick-meta":"","astra-migrate-meta-layouts":"default","ast-page-background-enabled":"default","ast-page-background-meta":{"desktop":{"background-color":"var(--ast-global-color-5)","background-image":"","background-repeat":"repeat","background-position":"center center","background-size":"auto","background-attachment":"scroll","background-type":"","background-media":"","overlay-type":"","overlay-color":"","overlay-opacity":"","overlay-gradient":""},"tablet":{"background-color":"","background-image":"","background-repeat":"repeat","background-position":"center center","background-size":"auto","background-attachment":"scroll","background-type":"","background-media":"","overlay-type":"","overlay-color":"","overlay-opacity":"","overlay-gradient":""},"mobile":{"background-color":"","background-image":"","background-repeat":"repeat","background-position":"center center","background-size":"auto","background-attachment":"scroll","background-type":"","background-media":"","overlay-type":"","overlay-color":"","overlay-opacity":"","overlay-gradient":""}},"ast-content-background-meta":{"desktop":{"background-color":"var(--ast-global-color-4)","background-image":"","background-repeat":"repeat","background-position":"center center","background-size":"auto","background-attachment":"scroll","background-type":"","background-media":"","overlay-type":"","overlay-color":"","overlay-opacity":"","overlay-gradient":""},"tablet":{"background-color":"var(--ast-global-color-4)","background-image":"","background-repeat":"repeat","background-position":"center center","background-size":"auto","background-attachment":"scroll","background-type":"","background-media":"","overlay-type":"","overlay-color":"","overlay-opacity":"","overlay-gradient":""},"mobile":{"background-color":"var(--ast-global-color-4)","background-image":"","background-repeat":"repeat","background-position":"center center","background-size":"auto","background-attachment":"scroll","background-type":"","background-media":"","overlay-type":"","overlay-color":"","overlay-opacity":"","overlay-gradient":""}},"_jetpack_memberships_contains_paid_content":false,"footnotes":""},"categories":[99],"tags":[905,236,906,904,711,620],"class_list":["post-2629","post","type-post","status-publish","format-standard","hentry","category-cfp","tag-aix-en-provence","tag-creation","tag-enseignement","tag-leel","tag-litterature","tag-traduction"],"jetpack_featured_media_url":"","uagb_featured_image_src":{"full":false,"thumbnail":false,"medium":false,"medium_large":false,"large":false,"1536x1536":false,"2048x2048":false},"uagb_author_info":{"display_name":"Admin","author_link":"https:\/\/afea.fr\/news\/author\/yanb\/"},"uagb_comment_info":0,"uagb_excerpt":"Veuillez trouver ici l&rsquo;appel \u00e0 communications du deuxi\u00e8me colloque LEEL, qui aura lieu \u00e0 Aix-Marseille Universit\u00e9 (Aix-en-Provence) les 15 et [&hellip;]","jetpack_sharing_enabled":true,"_links":{"self":[{"href":"https:\/\/afea.fr\/news\/wp-json\/wp\/v2\/posts\/2629"}],"collection":[{"href":"https:\/\/afea.fr\/news\/wp-json\/wp\/v2\/posts"}],"about":[{"href":"https:\/\/afea.fr\/news\/wp-json\/wp\/v2\/types\/post"}],"author":[{"embeddable":true,"href":"https:\/\/afea.fr\/news\/wp-json\/wp\/v2\/users\/1"}],"replies":[{"embeddable":true,"href":"https:\/\/afea.fr\/news\/wp-json\/wp\/v2\/comments?post=2629"}],"version-history":[{"count":0,"href":"https:\/\/afea.fr\/news\/wp-json\/wp\/v2\/posts\/2629\/revisions"}],"wp:attachment":[{"href":"https:\/\/afea.fr\/news\/wp-json\/wp\/v2\/media?parent=2629"}],"wp:term":[{"taxonomy":"category","embeddable":true,"href":"https:\/\/afea.fr\/news\/wp-json\/wp\/v2\/categories?post=2629"},{"taxonomy":"post_tag","embeddable":true,"href":"https:\/\/afea.fr\/news\/wp-json\/wp\/v2\/tags?post=2629"}],"curies":[{"name":"wp","href":"https:\/\/api.w.org\/{rel}","templated":true}]}}