{"id":2624,"date":"2022-09-23T11:41:26","date_gmt":"2022-09-23T09:41:26","guid":{"rendered":"https:\/\/afea.fr\/news\/?p=2624"},"modified":"2022-09-23T11:44:18","modified_gmt":"2022-09-23T09:44:18","slug":"queering-blackness-cultures-populaires-et-representations-noires-non-binaires-a-lere-post-obama","status":"publish","type":"post","link":"https:\/\/afea.fr\/news\/conference-symposium\/queering-blackness-cultures-populaires-et-representations-noires-non-binaires-a-lere-post-obama\/2624\/","title":{"rendered":"Queering Blackness : cultures populaires et repr\u00e9sentations noires non-binaires \u00e0 l&rsquo;\u00e8re post-Obama"},"content":{"rendered":"<p>Ch\u00e8res et chers coll\u00e8gues,<\/p>\n<p>La journ\u00e9e d&rsquo;\u00e9tudes \u00ab\u00a0Queering Blackness : cultures populaires et repr\u00e9sentations noires non-binaires \u00e0 l&rsquo;\u00e8re post-Obama\u00a0\u00bb se d\u00e9roulera le jeudi 17 novembre \u00e0 la Maison de la Recherche (Amphi MR002) de l&rsquo;Universit\u00e9 Paris 8 Vincennes \u2013 Saint-Denis.<\/p>\n<p>Elle sera aussi visible en format hybride sur Zoom en suivant le lien : <a href=\"https:\/\/univ-paris8.zoom.us\/meeting\/register\/tJYvduiopjopHdzMS142tud3nJtF_kLrxbGZ\">https:\/\/univ-paris8.zoom.us\/meeting\/register\/tJYvduiopjopHdzMS142tud3nJtF_kLrxbGZ<\/a> (merci de vous inscrire en amont).<\/p>\n<p>Une projection du film Pariah (dir. Dee Rees, 2011) est organis\u00e9e par le cin\u00e9-club Le 7e Genre (queerblackness). Les billets seront distribu\u00e9s \u00e0 la fin de la conf\u00e9rence pl\u00e9ni\u00e8re \u00e0 Paris 8. Les autres places seront en vente sur le site du cin\u00e9ma Le Brady.<\/p>\n<p>Pour d&rsquo;autres informations, consultez le site de la conf\u00e9rence (<a href=\"https:\/\/queerblackness.sciencesconf.org\/\">https:\/\/queerblackness.sciencesconf.org\/<\/a>).<\/p>\n<p>Source: Yannick M. Blec @gmail.com&gt;<\/p>\n<p><a href=\"https:\/\/afea.fr\/news\/wp-content\/uploads\/sites\/2\/2022\/09\/Culture-pop-flyer-jaune3.pdf\">Culture-pop-flyer-jaune3.pdf<\/a><\/p>\n","protected":false},"excerpt":{"rendered":"<p>Ch\u00e8res et chers coll\u00e8gues, La journ\u00e9e d&rsquo;\u00e9tudes \u00ab\u00a0Queering Blackness : cultures populaires et repr\u00e9sentations noires non-binaires \u00e0 l&rsquo;\u00e8re post-Obama\u00a0\u00bb se [&hellip;]<\/p>\n","protected":false},"author":1,"featured_media":0,"comment_status":"closed","ping_status":"open","sticky":false,"template":"","format":"standard","meta":{"_uag_custom_page_level_css":"","site-sidebar-layout":"default","site-content-layout":"","ast-site-content-layout":"default","site-content-style":"default","site-sidebar-style":"default","ast-global-header-display":"","ast-banner-title-visibility":"","ast-main-header-display":"","ast-hfb-above-header-display":"","ast-hfb-below-header-display":"","ast-hfb-mobile-header-display":"","site-post-title":"","ast-breadcrumbs-content":"","ast-featured-img":"","footer-sml-layout":"","ast-disable-related-posts":"","theme-transparent-header-meta":"","adv-header-id-meta":"","stick-header-meta":"","header-above-stick-meta":"","header-main-stick-meta":"","header-below-stick-meta":"","astra-migrate-meta-layouts":"default","ast-page-background-enabled":"default","ast-page-background-meta":{"desktop":{"background-color":"var(--ast-global-color-5)","background-image":"","background-repeat":"repeat","background-position":"center center","background-size":"auto","background-attachment":"scroll","background-type":"","background-media":"","overlay-type":"","overlay-color":"","overlay-opacity":"","overlay-gradient":""},"tablet":{"background-color":"","background-image":"","background-repeat":"repeat","background-position":"center center","background-size":"auto","background-attachment":"scroll","background-type":"","background-media":"","overlay-type":"","overlay-color":"","overlay-opacity":"","overlay-gradient":""},"mobile":{"background-color":"","background-image":"","background-repeat":"repeat","background-position":"center center","background-size":"auto","background-attachment":"scroll","background-type":"","background-media":"","overlay-type":"","overlay-color":"","overlay-opacity":"","overlay-gradient":""}},"ast-content-background-meta":{"desktop":{"background-color":"var(--ast-global-color-4)","background-image":"","background-repeat":"repeat","background-position":"center center","background-size":"auto","background-attachment":"scroll","background-type":"","background-media":"","overlay-type":"","overlay-color":"","overlay-opacity":"","overlay-gradient":""},"tablet":{"background-color":"var(--ast-global-color-4)","background-image":"","background-repeat":"repeat","background-position":"center center","background-size":"auto","background-attachment":"scroll","background-type":"","background-media":"","overlay-type":"","overlay-color":"","overlay-opacity":"","overlay-gradient":""},"mobile":{"background-color":"var(--ast-global-color-4)","background-image":"","background-repeat":"repeat","background-position":"center center","background-size":"auto","background-attachment":"scroll","background-type":"","background-media":"","overlay-type":"","overlay-color":"","overlay-opacity":"","overlay-gradient":""}},"_jetpack_memberships_contains_paid_content":false,"footnotes":""},"categories":[568],"tags":[902,235,903,447,333],"class_list":["post-2624","post","type-post","status-publish","format-standard","hentry","category-conference-symposium","tag-blackness","tag-conference","tag-non-binary","tag-popular-culture","tag-queer"],"jetpack_featured_media_url":"","uagb_featured_image_src":{"full":false,"thumbnail":false,"medium":false,"medium_large":false,"large":false,"1536x1536":false,"2048x2048":false},"uagb_author_info":{"display_name":"Admin","author_link":"https:\/\/afea.fr\/news\/author\/yanb\/"},"uagb_comment_info":0,"uagb_excerpt":"Ch\u00e8res et chers coll\u00e8gues, La journ\u00e9e d&rsquo;\u00e9tudes \u00ab\u00a0Queering Blackness : cultures populaires et repr\u00e9sentations noires non-binaires \u00e0 l&rsquo;\u00e8re post-Obama\u00a0\u00bb se [&hellip;]","jetpack_sharing_enabled":true,"_links":{"self":[{"href":"https:\/\/afea.fr\/news\/wp-json\/wp\/v2\/posts\/2624"}],"collection":[{"href":"https:\/\/afea.fr\/news\/wp-json\/wp\/v2\/posts"}],"about":[{"href":"https:\/\/afea.fr\/news\/wp-json\/wp\/v2\/types\/post"}],"author":[{"embeddable":true,"href":"https:\/\/afea.fr\/news\/wp-json\/wp\/v2\/users\/1"}],"replies":[{"embeddable":true,"href":"https:\/\/afea.fr\/news\/wp-json\/wp\/v2\/comments?post=2624"}],"version-history":[{"count":2,"href":"https:\/\/afea.fr\/news\/wp-json\/wp\/v2\/posts\/2624\/revisions"}],"predecessor-version":[{"id":2627,"href":"https:\/\/afea.fr\/news\/wp-json\/wp\/v2\/posts\/2624\/revisions\/2627"}],"wp:attachment":[{"href":"https:\/\/afea.fr\/news\/wp-json\/wp\/v2\/media?parent=2624"}],"wp:term":[{"taxonomy":"category","embeddable":true,"href":"https:\/\/afea.fr\/news\/wp-json\/wp\/v2\/categories?post=2624"},{"taxonomy":"post_tag","embeddable":true,"href":"https:\/\/afea.fr\/news\/wp-json\/wp\/v2\/tags?post=2624"}],"curies":[{"name":"wp","href":"https:\/\/api.w.org\/{rel}","templated":true}]}}