{"id":2619,"date":"2022-09-23T11:34:19","date_gmt":"2022-09-23T09:34:19","guid":{"rendered":"https:\/\/afea.fr\/news\/cfp\/coll-reception-des-etudes-americaines-en-afrique-noire-11-12-janvier-2023-dakar-et-hybride\/2619\/"},"modified":"2022-09-23T11:34:19","modified_gmt":"2022-09-23T09:34:19","slug":"coll-reception-des-etudes-americaines-en-afrique-noire-11-12-janvier-2023-dakar-et-hybride","status":"publish","type":"post","link":"https:\/\/afea.fr\/news\/cfp\/coll-reception-des-etudes-americaines-en-afrique-noire-11-12-janvier-2023-dakar-et-hybride\/2619\/","title":{"rendered":"COLL R\u00e9ception des \u00e9tudes am\u00e9ricaines en Afrique noire &#8211; 11-12 janvier 2023 &#8211; Dakar et hybride"},"content":{"rendered":"<p>Ch\u00e8res coll\u00e8gues, chers coll\u00e8gues,<\/p>\n<p>veuillez trouver ci-apr\u00e8s le lien vers le CFP pour le Colloque <em><strong>R\u00e9ception des \u00e9tudes am\u00e9ricaines en Afrique noire<\/strong><\/em> qui se tiendra les 11 et 12 janvier 2023 \u00e0 l&rsquo;Universit\u00e9 Cheikh Anta Diop \u00e0 Dakar (et en hybride).<\/p>\n<p><a href=\"https:\/\/calenda.org\/1014439\">https:\/\/calenda.org\/1014439<\/a><\/p>\n<p>R\u00e9sum\u00e9:<br \/>\n<em>L\u2019histoire de l\u2019Am\u00e9rique, la naissance de la nation, ses espaces, aussi bien physiques que psychiques, ses id\u00e9es fondatrices, ses rapports avec le monde, le r\u00eave am\u00e9ricain, la politique \u00e9trang\u00e8re am\u00e9ricaine, sont des notions qui ont travers\u00e9 avec constance aussi bien les curricula d\u2019enseignement sup\u00e9rieur en Afrique subsaharienne que les contributions des universitaires et intellectuels africains. L\u2019Am\u00e9rique est revisit\u00e9e sous tous ses angles, litt\u00e9raire, historique, religieux, politique, \u00e9conomique, culturel, f\u00e9ministe, et bien d\u2019autres domaines encore qui offrent des pistes de r\u00e9flexion pour les intellectuels africains de dire l\u2019Am\u00e9rique. Ce colloque international a donc pour but de fusionner l\u2019imaginaire de l\u2019Am\u00e9ricain (euro-am\u00e9ricain ou africain-am\u00e9ricain), et la r\u00e9ception de cet imaginaire par l\u2019universitaire et l\u2019intellectuel africain. Quelle est la lecture africaine de l\u2019exp\u00e9rience am\u00e9ricaine ?<\/em><\/p>\n<p>Contacts:<br \/>\nAbdou Beukeu SOWabdoubeukeu.sow<br \/>\nMari\u00e8me WANEmariemehady.ly<\/p>\n<p>Laurence Cossu-Beaumont<br \/>\nProfesseure des Universit\u00e9s<br \/>\nHistoire et Culture des Etats-Unis<\/p>\n<p>D\u00e9partement Monde anglophone<br \/>\n8 avenue de Saint-Mand\u00e9<br \/>\n75012 Paris<\/p>\n<p><a href=\"http:\/\/www.univ-paris3.fr\/\"><img loading=\"lazy\" decoding=\"async\" src=\"https:\/\/lh4.googleusercontent.com\/uB9U_a_E3MILFiVJ0kwJG7fcdPi-lEBHIB9pCBVHvm3ryaR4zahaz7xFAVcclSOXoINSuT89CX9jx9nESqJAT2Zhdkf0vtQyP2-Bv_MFPIHEYu_GCz7evoaaNoTgBj1O3Qwp8y6I\" width=\"217\" height=\"56\" alt=\"uB9U_a_E3MILFiVJ0kwJG7fcdPi-lEBHIB9pCBVHvm3ryaR4zahaz7xFAVcclSOXoINSuT89CX9jx9nESqJAT2Zhdkf0vtQyP2-Bv_MFPIHEYu_GCz7evoaaNoTgBj1O3Qwp8y6I\" \/> <\/a><br \/>\nRejoignez-nous : <a href=\"https:\/\/www.facebook.com\/USorbonneNouvelle\/\"><img loading=\"lazy\" decoding=\"async\" src=\"https:\/\/lh3.googleusercontent.com\/9oT19eV_eLPMdnyfMKCGH4LEaxBE2Gk71BPNeefBu5-DPhjUX1dj2Q5MzgO01ErfeTxPXZvVBpAQcD1fSWtFje3_3476SAHX7h6xLC6xVeRXLa8cnE_m_en9A5kPjTiqplyPD1rP\" width=\"14\" height=\"14\" alt=\"9oT19eV_eLPMdnyfMKCGH4LEaxBE2Gk71BPNeefBu5-DPhjUX1dj2Q5MzgO01ErfeTxPXZvVBpAQcD1fSWtFje3_3476SAHX7h6xLC6xVeRXLa8cnE_m_en9A5kPjTiqplyPD1rP\" \/><\/a> <a href=\"https:\/\/twitter.com\/Sorbonne_Nvelle\"><img loading=\"lazy\" decoding=\"async\" src=\"https:\/\/lh6.googleusercontent.com\/rGGfUpuKQKLOwCOM_IJKgjjMLICf0-uxD0q9sLqWjXtjsDWU9BUX6yX2ThUuuDRsOE-bV_DlgYR2nFdUbcHsZ_0XrQr3PzPEUpHdip3aneT4X-WEnQhTsFnGUdrwYqVPg48J4mX9\" width=\"13\" height=\"13\" alt=\"rGGfUpuKQKLOwCOM_IJKgjjMLICf0-uxD0q9sLqWjXtjsDWU9BUX6yX2ThUuuDRsOE-bV_DlgYR2nFdUbcHsZ_0XrQr3PzPEUpHdip3aneT4X-WEnQhTsFnGUdrwYqVPg48J4mX9\" \/><\/a> <a href=\"https:\/\/www.instagram.com\/universitesorbonnenouvelle\/\"><img loading=\"lazy\" decoding=\"async\" src=\"https:\/\/lh4.googleusercontent.com\/mOamO06E-2E2Gklhw5ZpbPPE4_YGTpDqBS18VfRjxkgipjotOAiHNHMugkZj__V5XuLOZK--PDRRxurXU1q4Cpl6UUBcS8LC93FdJVHvjiSTygTOhS4XGfsZuDVMjYcV8ue0bzS7\" width=\"13\" height=\"13\" alt=\"mOamO06E-2E2Gklhw5ZpbPPE4_YGTpDqBS18VfRjxkgipjotOAiHNHMugkZj__V5XuLOZK--PDRRxurXU1q4Cpl6UUBcS8LC93FdJVHvjiSTygTOhS4XGfsZuDVMjYcV8ue0bzS7\" \/><\/a> <a href=\"https:\/\/www.linkedin.com\/school\/348873\"><img loading=\"lazy\" decoding=\"async\" src=\"https:\/\/lh4.googleusercontent.com\/gHeuxSWjrbvV8oe8j8dXmWTAcZXnLfejHn8OLuB_1n4UhM_xm7ZQKigONM8sDEWDfNOM9YEIukcQbTjiZS0kuctpeVmxe4EGo2NY5oeQH7eVfsH2tmHWjrWgpL3FZ17ekmiE5cFu\" width=\"13\" height=\"13\" alt=\"gHeuxSWjrbvV8oe8j8dXmWTAcZXnLfejHn8OLuB_1n4UhM_xm7ZQKigONM8sDEWDfNOM9YEIukcQbTjiZS0kuctpeVmxe4EGo2NY5oeQH7eVfsH2tmHWjrWgpL3FZ17ekmiE5cFu\" \/><\/a> <a href=\"https:\/\/www.youtube.com\/channel\/UCEH_ZSQsV0CIQPJR-GMg9MQ\"><img loading=\"lazy\" decoding=\"async\" src=\"https:\/\/lh6.googleusercontent.com\/K5fyzc0NsqYfFsYbEu9_VvmEMtawixtSVnr6FkQV18-TYOe0m-kmtvlnUKwxSvCsH5E3aNmr8sIjkuwkVwwy5jT6Og9ZUG_huuBnSzDPoJVLpi5QO9BuigfapodEqi8J0rCOUMgi\" width=\"13\" height=\"13\" alt=\"K5fyzc0NsqYfFsYbEu9_VvmEMtawixtSVnr6FkQV18-TYOe0m-kmtvlnUKwxSvCsH5E3aNmr8sIjkuwkVwwy5jT6Og9ZUG_huuBnSzDPoJVLpi5QO9BuigfapodEqi8J0rCOUMgi\" \/><\/a><\/p>\n","protected":false},"excerpt":{"rendered":"<p>Ch\u00e8res coll\u00e8gues, chers coll\u00e8gues, veuillez trouver ci-apr\u00e8s le lien vers le CFP pour le Colloque R\u00e9ception des \u00e9tudes am\u00e9ricaines en [&hellip;]<\/p>\n","protected":false},"author":1,"featured_media":0,"comment_status":"","ping_status":"open","sticky":false,"template":"","format":"standard","meta":{"_uag_custom_page_level_css":"","site-sidebar-layout":"default","site-content-layout":"","ast-site-content-layout":"default","site-content-style":"default","site-sidebar-style":"default","ast-global-header-display":"","ast-banner-title-visibility":"","ast-main-header-display":"","ast-hfb-above-header-display":"","ast-hfb-below-header-display":"","ast-hfb-mobile-header-display":"","site-post-title":"","ast-breadcrumbs-content":"","ast-featured-img":"","footer-sml-layout":"","ast-disable-related-posts":"","theme-transparent-header-meta":"","adv-header-id-meta":"","stick-header-meta":"","header-above-stick-meta":"","header-main-stick-meta":"","header-below-stick-meta":"","astra-migrate-meta-layouts":"default","ast-page-background-enabled":"default","ast-page-background-meta":{"desktop":{"background-color":"var(--ast-global-color-5)","background-image":"","background-repeat":"repeat","background-position":"center center","background-size":"auto","background-attachment":"scroll","background-type":"","background-media":"","overlay-type":"","overlay-color":"","overlay-opacity":"","overlay-gradient":""},"tablet":{"background-color":"","background-image":"","background-repeat":"repeat","background-position":"center center","background-size":"auto","background-attachment":"scroll","background-type":"","background-media":"","overlay-type":"","overlay-color":"","overlay-opacity":"","overlay-gradient":""},"mobile":{"background-color":"","background-image":"","background-repeat":"repeat","background-position":"center center","background-size":"auto","background-attachment":"scroll","background-type":"","background-media":"","overlay-type":"","overlay-color":"","overlay-opacity":"","overlay-gradient":""}},"ast-content-background-meta":{"desktop":{"background-color":"var(--ast-global-color-4)","background-image":"","background-repeat":"repeat","background-position":"center center","background-size":"auto","background-attachment":"scroll","background-type":"","background-media":"","overlay-type":"","overlay-color":"","overlay-opacity":"","overlay-gradient":""},"tablet":{"background-color":"var(--ast-global-color-4)","background-image":"","background-repeat":"repeat","background-position":"center center","background-size":"auto","background-attachment":"scroll","background-type":"","background-media":"","overlay-type":"","overlay-color":"","overlay-opacity":"","overlay-gradient":""},"mobile":{"background-color":"var(--ast-global-color-4)","background-image":"","background-repeat":"repeat","background-position":"center center","background-size":"auto","background-attachment":"scroll","background-type":"","background-media":"","overlay-type":"","overlay-color":"","overlay-opacity":"","overlay-gradient":""}},"_jetpack_memberships_contains_paid_content":false,"footnotes":""},"categories":[99],"tags":[896,897,895],"class_list":["post-2619","post","type-post","status-publish","format-standard","hentry","category-cfp","tag-afrique-noire","tag-colloque","tag-etudes-americains"],"jetpack_featured_media_url":"","uagb_featured_image_src":{"full":false,"thumbnail":false,"medium":false,"medium_large":false,"large":false,"1536x1536":false,"2048x2048":false},"uagb_author_info":{"display_name":"Admin","author_link":"https:\/\/afea.fr\/news\/author\/yanb\/"},"uagb_comment_info":0,"uagb_excerpt":"Ch\u00e8res coll\u00e8gues, chers coll\u00e8gues, veuillez trouver ci-apr\u00e8s le lien vers le CFP pour le Colloque R\u00e9ception des \u00e9tudes am\u00e9ricaines en [&hellip;]","jetpack_sharing_enabled":true,"_links":{"self":[{"href":"https:\/\/afea.fr\/news\/wp-json\/wp\/v2\/posts\/2619"}],"collection":[{"href":"https:\/\/afea.fr\/news\/wp-json\/wp\/v2\/posts"}],"about":[{"href":"https:\/\/afea.fr\/news\/wp-json\/wp\/v2\/types\/post"}],"author":[{"embeddable":true,"href":"https:\/\/afea.fr\/news\/wp-json\/wp\/v2\/users\/1"}],"replies":[{"embeddable":true,"href":"https:\/\/afea.fr\/news\/wp-json\/wp\/v2\/comments?post=2619"}],"version-history":[{"count":0,"href":"https:\/\/afea.fr\/news\/wp-json\/wp\/v2\/posts\/2619\/revisions"}],"wp:attachment":[{"href":"https:\/\/afea.fr\/news\/wp-json\/wp\/v2\/media?parent=2619"}],"wp:term":[{"taxonomy":"category","embeddable":true,"href":"https:\/\/afea.fr\/news\/wp-json\/wp\/v2\/categories?post=2619"},{"taxonomy":"post_tag","embeddable":true,"href":"https:\/\/afea.fr\/news\/wp-json\/wp\/v2\/tags?post=2619"}],"curies":[{"name":"wp","href":"https:\/\/api.w.org\/{rel}","templated":true}]}}