{"id":2612,"date":"2022-09-20T11:41:46","date_gmt":"2022-09-20T09:41:46","guid":{"rendered":"https:\/\/afea.fr\/news\/conference-symposium\/journee-esclavage-musees-etats-uniens-7-octobre\/2612\/"},"modified":"2022-09-20T11:41:46","modified_gmt":"2022-09-20T09:41:46","slug":"journee-esclavage-musees-etats-uniens-7-octobre","status":"publish","type":"post","link":"https:\/\/afea.fr\/news\/conference-symposium\/journee-esclavage-musees-etats-uniens-7-octobre\/2612\/","title":{"rendered":"Journ\u00e9e esclavage mus\u00e9es \u00e9tats-uniens &#8211; 7 octobre"},"content":{"rendered":"<p>Tr\u00e8s ch\u00e8res et chers coll\u00e8gues,<\/p>\n<p>Veuillez trouver ci-joint le programme d\u2019une journ\u00e9e d\u2019\u00e9tudes\/journ\u00e9e d\u00e9bat portant sur <strong>la repr\u00e9sentation de l\u2019esclavage dans les mus\u00e9es \u00e9tats-uniens<\/strong> qui vous accueillera <strong>au Mus\u00e9e Paul Eluard de la ville de St Denis<\/strong> (22 rue Gabriel Peri m\u00e9tro ligne 13 Porte de Paris) <strong>le vendredi 7 octobre de 9h \u00e0 17h<\/strong>.<\/p>\n<p>La journ\u00e9e aura lieu en hybride, n\u2019h\u00e9sitez pas \u00e0 me contacter si vous souhaitez vous inscrire.<\/p>\n<p>Au plaisir de vous y retrouver!<\/p>\n<p>N\u2019h\u00e9sitez pas \u00e0 diffuser le programme sur vos r\u00e9seaux!<\/p>\n<p>Bien amicalement,<\/p>\n<p>Anne-Claire Faucquez<\/p>\n<p><strong>FRIDAY 7 October 2022<\/strong><\/p>\n<p><strong>ONE-DAY CONFERENCE<\/strong><\/p>\n<p><strong>LA REPRESENTATION DE L\u2019ESCLAVAGE COLONIAL DANS LES MUSEES ETATS-UNIENS : QUELS MUSEES ? QUELLE POLITIQUE MUSEOGRAPHIQUE ? QUELS IMPACTS POUR LA SOCIETE AMERICAINE ?<\/strong><\/p>\n<p><strong>THE REPRESENTATION OF COLONIAL SLAVERY IN AMERICAN MUSEUMS : which museums? Which museographic policy? Which impacts for American society?<\/strong><\/p>\n<p>Organisers : Anne-Claire Faucquez (Universit\u00e9 Paris 8), Ren\u00e9e Gosson (Universit\u00e9 Bucknell), Androula Michael (Universit\u00e9 Jules Verne de Picardie)<\/p>\n<p><em>Mus\u00e9e Paul \u00c9luard de la ville de Saint Denis<\/em><\/p>\n<p><strong>9h00<\/strong> &#8211; Welcome note by Anne Yanover, directrice du Mus\u00e9e Paul \u00c9luard de saint Denis<\/p>\n<p>Presentation of the \u201cNarrativizing Slavery\u201d project by the organizers<\/p>\n<p><strong>9h15-10h45 \u2013 The representation of slavery in the ex-Confederate Slaves<\/strong><\/p>\n<p>Lawrence AJE (Universit\u00e9 de Montpellier): \u201cTelling the Full Story of Slavery in Charleston, South Carolina ? The International African American Museum\u201d<\/p>\n<p>M\u00e9laine HARNAY (Universit\u00e9 Paris 3): \u201cAssessing the &lsquo;Plantation Turn&rsquo; in Louisiana&rsquo;s River Road after Whitney Plantation\u201d<\/p>\n<p>Andrew HOUCK (Universit\u00e9 de Nanterre): \u201cSlavery&rsquo;s Reckoning in Unionist East Tennessee: African-American Memory and Museums in Southern Appalachia\u201d<\/p>\n<p><strong>10h45-11h BREAK<\/strong><\/p>\n<p><strong>11h-12h30 \u2013 The representation of slavery on presidential plantations<\/strong><\/p>\n<p>Seynabou THIAM (Universit\u00e9 Paris 8), \u00ab <em>La repr\u00e9sentation de l\u2019esclavage sur la propri\u00e9t\u00e9 de Mount Vernon en Virginie \u00bb.<\/em><\/p>\n<p>Ren\u00e9e GOSSON, (Universit\u00e9 Bucknell), \u201cA New National Narrative at James Madison&rsquo;s Montpelier: Archaeology, Museography and Descendant Communities.\u00a0\u00bb<\/p>\n<p>Androula MICHAEL (Universit\u00e9 Jules Verne de Picardie), \u00ab Monticello : le paradoxe de la libert\u00e9 et le conflit de m\u00e9moires \u00bb.<\/p>\n<p><strong>12h30-13h30 LUNCH<\/strong><\/p>\n<p><strong>13h30-15h \u2013 The representation of slavery in the Northern supposedly \u201cfree\u201d states<\/strong><\/p>\n<p>Iris DE RODE (Universit\u00e9 Paris 8) : <em>\u00ab\u00a0La Washington-Rochambeau Revolutionary Route et l&rsquo;histoire des soldats Afro-Am\u00e9ricains dans la R\u00e9volution Am\u00e9ricaine \u00bb (in ZOOM)<\/em><\/p>\n<p>Anne-Claire FAUCQUEZ (Universit\u00e9 Paris 8): \u00ab <em>La m\u00e9moire des ossements : le New York African Burial Ground Monument et Visitor Center \u00bb<\/em><\/p>\n<p>Olivier MAHEO (TEMOS (CNRS-Universit\u00e9 Le Mans, ANR RelRace), \u00ab <em>Equianoh Stories <\/em>au DuSable Museum, Chicago, renouveler le parcours du plus ancien mus\u00e9e africain-am\u00e9ricain \u00bb.<\/p>\n<p><strong>15h-15h15 BREAK<\/strong><\/p>\n<p><strong>15h15-16h45 (ZOOM session)<\/strong><\/p>\n<p>Ariel SEAY-HOWARD (University of Chicago): \u201c<em>The Legacy Museum: From Enslavement to Mass Incarceration (Montgomery, Alabama)\u201d <\/em><\/p>\n<p>Joe MC GILL (Charleston, South Carolina): \u201c<em>Chasin the Footprints of Slavery\u201d<\/em><\/p>\n<p>Ana Lucia ARAUJO (Howard University), \u201cNational Museum of African-American History and Culture in Washington\u201d<\/p>\n<p><strong>16h45-17h GENERAL CONCLUSIONS<\/strong><\/p>\n<p>Anne-Claire Faucquez<br \/>\nMCF Histoire et Civilisation am\u00e9ricaine<br \/>\nDirectrice adjointe du Centre De Langues \u00ab\u00a0p\u00f4le anglais\u00a0\u00bb<br \/>\nResponsable MEEF 2nd degr\u00e9 parcours anglais<br \/>\nUniversit\u00e9 Paris 8<\/p>\n<p><a href=\"https:\/\/transcrit.univ-paris8.fr\/-FAUCQUEZ-Anne-Claire-MCF-\">https:\/\/transcrit.univ-paris8.fr\/-FAUCQUEZ-Anne-Claire-MCF-<\/a><br \/>\n<a href=\"https:\/\/www.lesindessavantes.com\/ouvrage\/de-la-nouvelle-neerlande-a-new-york\/\">https:\/\/www.lesindessavantes.com\/ouvrage\/de-la-nouvelle-neerlande-a-new-york\/<\/a><\/p>\n","protected":false},"excerpt":{"rendered":"<p>Tr\u00e8s ch\u00e8res et chers coll\u00e8gues, Veuillez trouver ci-joint le programme d\u2019une journ\u00e9e d\u2019\u00e9tudes\/journ\u00e9e d\u00e9bat portant sur la repr\u00e9sentation de l\u2019esclavage [&hellip;]<\/p>\n","protected":false},"author":1,"featured_media":0,"comment_status":"","ping_status":"open","sticky":false,"template":"","format":"standard","meta":{"_uag_custom_page_level_css":"","site-sidebar-layout":"default","site-content-layout":"","ast-site-content-layout":"default","site-content-style":"default","site-sidebar-style":"default","ast-global-header-display":"","ast-banner-title-visibility":"","ast-main-header-display":"","ast-hfb-above-header-display":"","ast-hfb-below-header-display":"","ast-hfb-mobile-header-display":"","site-post-title":"","ast-breadcrumbs-content":"","ast-featured-img":"","footer-sml-layout":"","ast-disable-related-posts":"","theme-transparent-header-meta":"","adv-header-id-meta":"","stick-header-meta":"","header-above-stick-meta":"","header-main-stick-meta":"","header-below-stick-meta":"","astra-migrate-meta-layouts":"default","ast-page-background-enabled":"default","ast-page-background-meta":{"desktop":{"background-color":"var(--ast-global-color-5)","background-image":"","background-repeat":"repeat","background-position":"center center","background-size":"auto","background-attachment":"scroll","background-type":"","background-media":"","overlay-type":"","overlay-color":"","overlay-opacity":"","overlay-gradient":""},"tablet":{"background-color":"","background-image":"","background-repeat":"repeat","background-position":"center center","background-size":"auto","background-attachment":"scroll","background-type":"","background-media":"","overlay-type":"","overlay-color":"","overlay-opacity":"","overlay-gradient":""},"mobile":{"background-color":"","background-image":"","background-repeat":"repeat","background-position":"center center","background-size":"auto","background-attachment":"scroll","background-type":"","background-media":"","overlay-type":"","overlay-color":"","overlay-opacity":"","overlay-gradient":""}},"ast-content-background-meta":{"desktop":{"background-color":"var(--ast-global-color-4)","background-image":"","background-repeat":"repeat","background-position":"center center","background-size":"auto","background-attachment":"scroll","background-type":"","background-media":"","overlay-type":"","overlay-color":"","overlay-opacity":"","overlay-gradient":""},"tablet":{"background-color":"var(--ast-global-color-4)","background-image":"","background-repeat":"repeat","background-position":"center center","background-size":"auto","background-attachment":"scroll","background-type":"","background-media":"","overlay-type":"","overlay-color":"","overlay-opacity":"","overlay-gradient":""},"mobile":{"background-color":"var(--ast-global-color-4)","background-image":"","background-repeat":"repeat","background-position":"center center","background-size":"auto","background-attachment":"scroll","background-type":"","background-media":"","overlay-type":"","overlay-color":"","overlay-opacity":"","overlay-gradient":""}},"_jetpack_memberships_contains_paid_content":false,"footnotes":""},"categories":[568],"tags":[893,894],"class_list":["post-2612","post","type-post","status-publish","format-standard","hentry","category-conference-symposium","tag-esclavage","tag-museographie"],"jetpack_featured_media_url":"","uagb_featured_image_src":{"full":false,"thumbnail":false,"medium":false,"medium_large":false,"large":false,"1536x1536":false,"2048x2048":false},"uagb_author_info":{"display_name":"Admin","author_link":"https:\/\/afea.fr\/news\/author\/yanb\/"},"uagb_comment_info":0,"uagb_excerpt":"Tr\u00e8s ch\u00e8res et chers coll\u00e8gues, Veuillez trouver ci-joint le programme d\u2019une journ\u00e9e d\u2019\u00e9tudes\/journ\u00e9e d\u00e9bat portant sur la repr\u00e9sentation de l\u2019esclavage [&hellip;]","jetpack_sharing_enabled":true,"_links":{"self":[{"href":"https:\/\/afea.fr\/news\/wp-json\/wp\/v2\/posts\/2612"}],"collection":[{"href":"https:\/\/afea.fr\/news\/wp-json\/wp\/v2\/posts"}],"about":[{"href":"https:\/\/afea.fr\/news\/wp-json\/wp\/v2\/types\/post"}],"author":[{"embeddable":true,"href":"https:\/\/afea.fr\/news\/wp-json\/wp\/v2\/users\/1"}],"replies":[{"embeddable":true,"href":"https:\/\/afea.fr\/news\/wp-json\/wp\/v2\/comments?post=2612"}],"version-history":[{"count":0,"href":"https:\/\/afea.fr\/news\/wp-json\/wp\/v2\/posts\/2612\/revisions"}],"wp:attachment":[{"href":"https:\/\/afea.fr\/news\/wp-json\/wp\/v2\/media?parent=2612"}],"wp:term":[{"taxonomy":"category","embeddable":true,"href":"https:\/\/afea.fr\/news\/wp-json\/wp\/v2\/categories?post=2612"},{"taxonomy":"post_tag","embeddable":true,"href":"https:\/\/afea.fr\/news\/wp-json\/wp\/v2\/tags?post=2612"}],"curies":[{"name":"wp","href":"https:\/\/api.w.org\/{rel}","templated":true}]}}