{"id":2606,"date":"2022-09-17T11:06:14","date_gmt":"2022-09-17T09:06:14","guid":{"rendered":"https:\/\/afea.fr\/news\/seminar\/prochaines-dates-du-seminaire-cultures-visuelles-et-materielles-des-nationalismes\/2606\/"},"modified":"2022-09-17T11:06:43","modified_gmt":"2022-09-17T09:06:43","slug":"prochaines-dates-du-seminaire-cultures-visuelles-et-materielles-des-nationalismes","status":"publish","type":"post","link":"https:\/\/afea.fr\/news\/seminar\/prochaines-dates-du-seminaire-cultures-visuelles-et-materielles-des-nationalismes\/2606\/","title":{"rendered":"Prochaines dates du s\u00e9minaire \u00ab\u00a0cultures visuelles et mat\u00e9rielles des nationalismes\u00a0\u00bb"},"content":{"rendered":"<p>\ufeffCh\u00e8res et chers coll\u00e8gues,<\/p>\n<p>Nous avons le plaisir de vous annoncer le programme du semestre pour le s\u00e9minaire \u00ab\u00a0Communaut\u00e9s imagin\u00e9es et mise en images des communaut\u00e9s: cultures visuelles et mat\u00e9rielles des nationalismes\u00a0\u00bb. Nous commencerons par une s\u00e9ance introductive men\u00e9e par Laurent Dedryv\u00e8re et moi-m\u00eame, o\u00f9 nous ferons le bilan de la premi\u00e8re ann\u00e9e du s\u00e9minaire et aborderons ses th\u00e9matiques \u00e0 travers nos corpus de recherche personnels. Nous esp\u00e9rons vous y retrouver nombreuses et nombreux. N&rsquo;h\u00e9sitez pas non plus \u00e0 nous demander les liens de connexion pour assister \u00e0 la s\u00e9ance \u00e0 distance.<br \/>\nAu plaisir de vous retrouver bient\u00f4t,<\/p>\n<p>H\u00e9l\u00e8ne Valance et Laurent Dedryv\u00e8re<\/p>\n<p>Programme du premier semestre 2022-23<\/p>\n<p>23 septembre, 10-12h. Salle 720 b\u00e2timent Olympe de Gouges, Universit\u00e9 Paris-Cit\u00e9<\/p>\n<p>Laurent Dedryv\u00e8re (Universit\u00e9 Paris-Cit\u00e9) \u00ab la nationalisation des arts visuels en Europe centrale, 1890-1914 \u00bb et H\u00e9l\u00e8ne Valance (InVisu\/INHA) \u00ab Stars and Stripes: la culture visuelle du drapeau aux Etats-Unis (XIXe-XXe si\u00e8cles) \u00bb<\/p>\n<p>14 octobre, 10-12h. Salle 720 b\u00e2timent Olympe de Gouges, Universit\u00e9 Paris-Cit\u00e9<\/p>\n<p>Lucia Piccioni (European University Institute), \u00abFabriquer \u2018l\u2019italianit\u00e9\u2019: culture visuelle et mat\u00e9rielle \u00e0 la crois\u00e9e des \u00e9tudes visuelles et de l\u2019anthropologie (XIXe- XXe si\u00e8cles) \u00bb<\/p>\n<p>18 novembre, 10-12h. Salle 720 b\u00e2timent Olympe de Gouges, Universit\u00e9 Paris-Cit\u00e9<\/p>\n<p>Jean-Numa Ducange (Universit\u00e9 de Rouen), \u00ab Marxisme et nationalisme : les austro- marxistes face \u00e0 la nation, th\u00e9ories et pratiques \u00bb<\/p>\n<p>25 novembre, 10-12h. Salle 720 b\u00e2timent Olympe de Gouges, Universit\u00e9 Paris -Cit\u00e9<\/p>\n<p>Olivier Baisez (Universit\u00e9 Paris 8 Vincennes Saint Denis), \u00abParadoxes de la repr\u00e9sentation de l\u2019Orient dans l\u2019iconographie sioniste allemande avant la Premi\u00e8re Guerre mondiale \u00bb<\/p>\n<p>9 d\u00e9cembre, 10-12h. Salle 720 b\u00e2timent Olympe de Gouges, Universit\u00e9 Paris -Cit\u00e9<\/p>\n<p>Ariadna Islas (Universit\u00e9 de la R\u00e9publique, Uruguay), \u00ab Iconographie r\u00e9publicaine. Images et concepts politiques en Uruguay (1830-1930)<\/p>\n","protected":false},"excerpt":{"rendered":"<p>\ufeffCh\u00e8res et chers coll\u00e8gues, Nous avons le plaisir de vous annoncer le programme du semestre pour le s\u00e9minaire \u00ab\u00a0Communaut\u00e9s imagin\u00e9es [&hellip;]<\/p>\n","protected":false},"author":1,"featured_media":0,"comment_status":"closed","ping_status":"open","sticky":false,"template":"","format":"standard","meta":{"_uag_custom_page_level_css":"","site-sidebar-layout":"default","site-content-layout":"","ast-site-content-layout":"default","site-content-style":"default","site-sidebar-style":"default","ast-global-header-display":"","ast-banner-title-visibility":"","ast-main-header-display":"","ast-hfb-above-header-display":"","ast-hfb-below-header-display":"","ast-hfb-mobile-header-display":"","site-post-title":"","ast-breadcrumbs-content":"","ast-featured-img":"","footer-sml-layout":"","ast-disable-related-posts":"","theme-transparent-header-meta":"","adv-header-id-meta":"","stick-header-meta":"","header-above-stick-meta":"","header-main-stick-meta":"","header-below-stick-meta":"","astra-migrate-meta-layouts":"default","ast-page-background-enabled":"default","ast-page-background-meta":{"desktop":{"background-color":"var(--ast-global-color-5)","background-image":"","background-repeat":"repeat","background-position":"center center","background-size":"auto","background-attachment":"scroll","background-type":"","background-media":"","overlay-type":"","overlay-color":"","overlay-opacity":"","overlay-gradient":""},"tablet":{"background-color":"","background-image":"","background-repeat":"repeat","background-position":"center center","background-size":"auto","background-attachment":"scroll","background-type":"","background-media":"","overlay-type":"","overlay-color":"","overlay-opacity":"","overlay-gradient":""},"mobile":{"background-color":"","background-image":"","background-repeat":"repeat","background-position":"center center","background-size":"auto","background-attachment":"scroll","background-type":"","background-media":"","overlay-type":"","overlay-color":"","overlay-opacity":"","overlay-gradient":""}},"ast-content-background-meta":{"desktop":{"background-color":"var(--ast-global-color-4)","background-image":"","background-repeat":"repeat","background-position":"center center","background-size":"auto","background-attachment":"scroll","background-type":"","background-media":"","overlay-type":"","overlay-color":"","overlay-opacity":"","overlay-gradient":""},"tablet":{"background-color":"var(--ast-global-color-4)","background-image":"","background-repeat":"repeat","background-position":"center center","background-size":"auto","background-attachment":"scroll","background-type":"","background-media":"","overlay-type":"","overlay-color":"","overlay-opacity":"","overlay-gradient":""},"mobile":{"background-color":"var(--ast-global-color-4)","background-image":"","background-repeat":"repeat","background-position":"center center","background-size":"auto","background-attachment":"scroll","background-type":"","background-media":"","overlay-type":"","overlay-color":"","overlay-opacity":"","overlay-gradient":""}},"_jetpack_memberships_contains_paid_content":false,"footnotes":""},"categories":[100],"tags":[881,880,883],"class_list":["post-2606","post","type-post","status-publish","format-standard","hentry","category-seminar","tag-cultures-materielles","tag-cultures-visuelles","tag-nationalismes"],"jetpack_featured_media_url":"","uagb_featured_image_src":{"full":false,"thumbnail":false,"medium":false,"medium_large":false,"large":false,"1536x1536":false,"2048x2048":false},"uagb_author_info":{"display_name":"Admin","author_link":"https:\/\/afea.fr\/news\/author\/yanb\/"},"uagb_comment_info":0,"uagb_excerpt":"\ufeffCh\u00e8res et chers coll\u00e8gues, Nous avons le plaisir de vous annoncer le programme du semestre pour le s\u00e9minaire \u00ab\u00a0Communaut\u00e9s imagin\u00e9es [&hellip;]","jetpack_sharing_enabled":true,"_links":{"self":[{"href":"https:\/\/afea.fr\/news\/wp-json\/wp\/v2\/posts\/2606"}],"collection":[{"href":"https:\/\/afea.fr\/news\/wp-json\/wp\/v2\/posts"}],"about":[{"href":"https:\/\/afea.fr\/news\/wp-json\/wp\/v2\/types\/post"}],"author":[{"embeddable":true,"href":"https:\/\/afea.fr\/news\/wp-json\/wp\/v2\/users\/1"}],"replies":[{"embeddable":true,"href":"https:\/\/afea.fr\/news\/wp-json\/wp\/v2\/comments?post=2606"}],"version-history":[{"count":1,"href":"https:\/\/afea.fr\/news\/wp-json\/wp\/v2\/posts\/2606\/revisions"}],"predecessor-version":[{"id":2607,"href":"https:\/\/afea.fr\/news\/wp-json\/wp\/v2\/posts\/2606\/revisions\/2607"}],"wp:attachment":[{"href":"https:\/\/afea.fr\/news\/wp-json\/wp\/v2\/media?parent=2606"}],"wp:term":[{"taxonomy":"category","embeddable":true,"href":"https:\/\/afea.fr\/news\/wp-json\/wp\/v2\/categories?post=2606"},{"taxonomy":"post_tag","embeddable":true,"href":"https:\/\/afea.fr\/news\/wp-json\/wp\/v2\/tags?post=2606"}],"curies":[{"name":"wp","href":"https:\/\/api.w.org\/{rel}","templated":true}]}}