{"id":2560,"date":"2022-09-13T12:48:40","date_gmt":"2022-09-13T10:48:40","guid":{"rendered":"https:\/\/afea.fr\/news\/seminar\/book-club-le-domestique-comme-lieu-de-production-du-politique-ariane-fennetaux-23-septembre\/2560\/"},"modified":"2022-09-13T12:48:40","modified_gmt":"2022-09-13T10:48:40","slug":"book-club-le-domestique-comme-lieu-de-production-du-politique-ariane-fennetaux-23-septembre","status":"publish","type":"post","link":"https:\/\/afea.fr\/news\/seminar\/book-club-le-domestique-comme-lieu-de-production-du-politique-ariane-fennetaux-23-septembre\/2560\/","title":{"rendered":"Book Club \u00ab Le domestique comme lieu de production du politique \u00bb : Ariane Fennetaux, 23 septembre"},"content":{"rendered":"<p>Cher.e.s tou.te.s,<\/p>\n<p>Dans le cadre du groupe de recherche \u00ab Le domestique comme lieu de production du politique \u00bb coordonn\u00e9 par H\u00e9l\u00e8ne Cottet, H\u00e9l\u00e8ne Lecossois et H\u00e9l\u00e8ne Quanquin, et du s\u00e9minaire \u00ab Histoire globale, politiques et soci\u00e9t\u00e9s \u00bb organis\u00e9 par Vanessa Alayrac-Fielding, Noriko Berlinguez-Kono, Lu Shi, Philippe Vervaecke (CECILLE, Universit\u00e9 de Lille)<\/p>\n<p>nous avons le plaisir de vous informer de la tenue d\u2019un <strong>Book Club le vendredi 23 septembre de 16h30 \u00e0 18h<\/strong>.<\/p>\n<p>Lors de cette s\u00e9ance, nous aurons le plaisir d\u2019\u00e9couter <strong>Ariane Fennetaux <\/strong>(LARCA, Universit\u00e9 Paris Cit\u00e9) qui reviendra sur son ouvrage : <strong>The Pocket. A Hidden History of Women&rsquo;s Lives 1660-1900<\/strong>. Yale University Press 2019<\/p>\n<p>La s\u00e9ance aura lieu enti\u00e8rement \u00e0 distance avec le lien zoom suivant (attention la s\u00e9ance commencera \u00e0 16h30 pile !) :<br \/>\n<a href=\"https:\/\/univ-lille-fr.zoom.us\/j\/96164496488?pwd=OEFzcy9YenM1c0hETzBCM05YQ3doQT09\">https:\/\/univ-lille-fr.zoom.us\/j\/96164496488?pwd=OEFzcy9YenM1c0hETzBCM05YQ3doQT09<\/a><\/p>\n<p>Meeting ID: 961 6449 6488<br \/>\nPasscode: 375578<\/p>\n<p>A bient\u00f4t !<br \/>\n&#8212;<\/p>\n<p>H\u00e9l\u00e8ne Cottet, pour les organisatrices<\/p>\n<p><a href=\"https:\/\/yalebooks.co.uk\/display.asp?K=9780300253740&amp;nat=false&amp;sort=%24rank&amp;sf1=keyword&amp;st1=the+pocket&amp;m=1&amp;dc=21\">The Pocket. A Hidden History of Women&rsquo;s Lives 1660-1900. Yale University Press 2019<\/a><\/p>\n","protected":false},"excerpt":{"rendered":"<p>Cher.e.s tou.te.s, Dans le cadre du groupe de recherche \u00ab Le domestique comme lieu de production du politique \u00bb coordonn\u00e9 [&hellip;]<\/p>\n","protected":false},"author":1,"featured_media":0,"comment_status":"","ping_status":"open","sticky":false,"template":"","format":"standard","meta":{"_uag_custom_page_level_css":"","site-sidebar-layout":"default","site-content-layout":"","ast-site-content-layout":"default","site-content-style":"default","site-sidebar-style":"default","ast-global-header-display":"","ast-banner-title-visibility":"","ast-main-header-display":"","ast-hfb-above-header-display":"","ast-hfb-below-header-display":"","ast-hfb-mobile-header-display":"","site-post-title":"","ast-breadcrumbs-content":"","ast-featured-img":"","footer-sml-layout":"","ast-disable-related-posts":"","theme-transparent-header-meta":"","adv-header-id-meta":"","stick-header-meta":"","header-above-stick-meta":"","header-main-stick-meta":"","header-below-stick-meta":"","astra-migrate-meta-layouts":"default","ast-page-background-enabled":"default","ast-page-background-meta":{"desktop":{"background-color":"var(--ast-global-color-5)","background-image":"","background-repeat":"repeat","background-position":"center center","background-size":"auto","background-attachment":"scroll","background-type":"","background-media":"","overlay-type":"","overlay-color":"","overlay-opacity":"","overlay-gradient":""},"tablet":{"background-color":"","background-image":"","background-repeat":"repeat","background-position":"center center","background-size":"auto","background-attachment":"scroll","background-type":"","background-media":"","overlay-type":"","overlay-color":"","overlay-opacity":"","overlay-gradient":""},"mobile":{"background-color":"","background-image":"","background-repeat":"repeat","background-position":"center center","background-size":"auto","background-attachment":"scroll","background-type":"","background-media":"","overlay-type":"","overlay-color":"","overlay-opacity":"","overlay-gradient":""}},"ast-content-background-meta":{"desktop":{"background-color":"var(--ast-global-color-4)","background-image":"","background-repeat":"repeat","background-position":"center center","background-size":"auto","background-attachment":"scroll","background-type":"","background-media":"","overlay-type":"","overlay-color":"","overlay-opacity":"","overlay-gradient":""},"tablet":{"background-color":"var(--ast-global-color-4)","background-image":"","background-repeat":"repeat","background-position":"center center","background-size":"auto","background-attachment":"scroll","background-type":"","background-media":"","overlay-type":"","overlay-color":"","overlay-opacity":"","overlay-gradient":""},"mobile":{"background-color":"var(--ast-global-color-4)","background-image":"","background-repeat":"repeat","background-position":"center center","background-size":"auto","background-attachment":"scroll","background-type":"","background-media":"","overlay-type":"","overlay-color":"","overlay-opacity":"","overlay-gradient":""}},"_jetpack_memberships_contains_paid_content":false,"footnotes":""},"categories":[100],"tags":[855,856],"class_list":["post-2560","post","type-post","status-publish","format-standard","hentry","category-seminar","tag-book-club","tag-domestique-et-politique"],"jetpack_featured_media_url":"","uagb_featured_image_src":{"full":false,"thumbnail":false,"medium":false,"medium_large":false,"large":false,"1536x1536":false,"2048x2048":false},"uagb_author_info":{"display_name":"Admin","author_link":"https:\/\/afea.fr\/news\/author\/yanb\/"},"uagb_comment_info":0,"uagb_excerpt":"Cher.e.s tou.te.s, Dans le cadre du groupe de recherche \u00ab Le domestique comme lieu de production du politique \u00bb coordonn\u00e9 [&hellip;]","jetpack_sharing_enabled":true,"_links":{"self":[{"href":"https:\/\/afea.fr\/news\/wp-json\/wp\/v2\/posts\/2560"}],"collection":[{"href":"https:\/\/afea.fr\/news\/wp-json\/wp\/v2\/posts"}],"about":[{"href":"https:\/\/afea.fr\/news\/wp-json\/wp\/v2\/types\/post"}],"author":[{"embeddable":true,"href":"https:\/\/afea.fr\/news\/wp-json\/wp\/v2\/users\/1"}],"replies":[{"embeddable":true,"href":"https:\/\/afea.fr\/news\/wp-json\/wp\/v2\/comments?post=2560"}],"version-history":[{"count":0,"href":"https:\/\/afea.fr\/news\/wp-json\/wp\/v2\/posts\/2560\/revisions"}],"wp:attachment":[{"href":"https:\/\/afea.fr\/news\/wp-json\/wp\/v2\/media?parent=2560"}],"wp:term":[{"taxonomy":"category","embeddable":true,"href":"https:\/\/afea.fr\/news\/wp-json\/wp\/v2\/categories?post=2560"},{"taxonomy":"post_tag","embeddable":true,"href":"https:\/\/afea.fr\/news\/wp-json\/wp\/v2\/tags?post=2560"}],"curies":[{"name":"wp","href":"https:\/\/api.w.org\/{rel}","templated":true}]}}